{"id":1233,"date":"2025-06-24T14:14:47","date_gmt":"2025-06-24T14:14:47","guid":{"rendered":"https:\/\/reterr.it\/?p=1233"},"modified":"2025-10-27T10:33:14","modified_gmt":"2025-10-27T10:33:14","slug":"event-dprov-2","status":"publish","type":"post","link":"https:\/\/reterr.it\/?p=1233","title":{"rendered":"31 maggio-1 giugno, Torino: Seminario \u201cAFRICA-AFRICHE\u201d"},"content":{"rendered":"\t\t<div data-elementor-type=\"wp-post\" data-elementor-id=\"1233\" class=\"elementor elementor-1233\">\n\t\t\t\t<div class=\"elementor-element elementor-element-20cd3a0 e-flex e-con-boxed elementor-repeater-item-default_padding elementor-repeater-item-none elementor-repeater-item-none_hover e-con e-parent\" data-id=\"20cd3a0\" data-element_type=\"container\" data-settings=\"{&quot;ang_container_spacing_size&quot;:&quot;default_padding&quot;}\">\n\t\t\t\t\t<div class=\"e-con-inner\">\n\t\t\t\t<div class=\"elementor-element elementor-element-2580336 elementor-repeater-item-shadow_2 elementor-repeater-item-none_hover elementor-widget elementor-widget-text-editor\" data-id=\"2580336\" data-element_type=\"widget\" data-widget_type=\"text-editor.default\">\n\t\t\t\t<div class=\"elementor-widget-container\">\n\t\t\t\t\t\t\t\t\t<p>Seminari di studi e convegni regionali sono occasione di incontro e approfondimento. Sono organizzati viaggi di studio e di conoscenza nelle comunit\u00e0 dove si realizzano i progetti solidali. Ogni due anni la Rete tiene un Convegno Nazionale nel quale rinsalda il proprio impegno.<\/p>\t\t\t\t\t\t\t\t<\/div>\n\t\t\t\t<\/div>\n\t\t\t\t<div class=\"elementor-element elementor-element-2f6714b elementor-repeater-item-none elementor-repeater-item-none_hover elementor-widget elementor-widget-heading\" data-id=\"2f6714b\" data-element_type=\"widget\" data-widget_type=\"heading.default\">\n\t\t\t\t<div class=\"elementor-widget-container\">\n\t\t\t\t\t<h2 class=\"elementor-heading-title elementor-size-default\">Maggio '25<\/h2>\t\t\t\t<\/div>\n\t\t\t\t<\/div>\n\t\t\t\t<div class=\"elementor-element elementor-element-a17b72a external_elementor-repeater-item-none_external elementor-repeater-item-none elementor-repeater-item-none_hover elementor-widget elementor-widget-image\" data-id=\"a17b72a\" data-element_type=\"widget\" data-widget_type=\"image.default\">\n\t\t\t\t<div class=\"elementor-widget-container\">\n\t\t\t\t\t\t\t\t\t\t\t\t\t\t\t<img fetchpriority=\"high\" decoding=\"async\" width=\"647\" height=\"460\" src=\"https:\/\/reterr.it\/wp-content\/uploads\/2025\/06\/Screenshot-2025-05-04-alle-19.00.27-1024x461-1-e1750776684890.png\" class=\"attachment-large size-large wp-image-1286\" alt=\"\" srcset=\"https:\/\/reterr.it\/wp-content\/uploads\/2025\/06\/Screenshot-2025-05-04-alle-19.00.27-1024x461-1-e1750776684890.png 647w, https:\/\/reterr.it\/wp-content\/uploads\/2025\/06\/Screenshot-2025-05-04-alle-19.00.27-1024x461-1-e1750776684890-300x213.png 300w\" sizes=\"(max-width: 647px) 100vw, 647px\" \/>\t\t\t\t\t\t\t\t\t\t\t\t\t\t\t<\/div>\n\t\t\t\t<\/div>\n\t\t\t\t<div class=\"elementor-element elementor-element-44f57a9 elementor-repeater-item-shadow_2 elementor-repeater-item-none_hover elementor-widget elementor-widget-text-editor\" data-id=\"44f57a9\" data-element_type=\"widget\" data-widget_type=\"text-editor.default\">\n\t\t\t\t<div class=\"elementor-widget-container\">\n\t\t\t\t\t\t\t\t\t<p>Il Seminario <strong><em>\u201cAFRICA-AFRICHE. Domande, testimonianze, riflessioni\u201d<\/em><\/strong> \u00e8 organizzato dalla Rete Radi\u00e9 Resch. La scelta \u00e8 stata quella di parlare di popoli spesso dimenticati dal circuito principale dei media, e di farlo dando voce a giovani africani e a giovani in contatto con popolazioni di diversi Stati dell\u2019Africa per solidariet\u00e0 e ricerca. Sar\u00e0 quindi qualcosa di molto diverso da un Convegno tradizionale, ci saranno testimonianze, musica africana, video, molta possibilit\u00e0 di discussione e confronto.<\/p>\n<p>Nella locandina trovate <strong>il programma<\/strong>.<\/p>\n<p><strong>Informazioni logistiche<br \/><\/strong>Il Seminario inizier\u00e0 alle 15:00 di sabato 31 maggio e si concluder\u00e0 dopo il pranzo di domenica 1 giugno. Chi arriver\u00e0 a Torino in treno comunicher\u00e0 l\u2019orario di arrivo cos\u00ec che le amiche e gli amici della ReteRR di Torino potranno farci la cortesia di attenderci in stazione per accompagnarci a \u201cVilla Lascaris\u201d, Pianezza (a pochi Km da Torino), dove si svolger\u00e0 il Seminario.<br \/>Il costo concordato con la struttura \u00e8:<br \/>\u2013 Pensione completa (due pasti, pernottamento e colazione) per persona in camera doppia:\u00a0\u20ac 67,00 (+ \u20ac 0,50 tassa di soggiorno)<br \/>\u2013 Pensione completa (due pasti, pernottamento e colazione) per persona in camera singola:\u00a0\u20ac 77,00 (+ \u20ac 0,50 tassa di soggiorno)<br \/>Dato il ponte del 2 giugno, sar\u00e0 possibile soggiornare a Villa Lascaris al medesimo prezzo anche per una seconda notte, per chi volesse fermarsi a Torino (ma va chiesto con la \u201cpreiscrizione\u201d)<br \/>Chi sta organizzando ci chiede di far sapere al pi\u00f9 presto, a titolo indicativo e senza impegno, quante persone pensano di partecipare.<br \/><strong><em>Se pensate di partecipare e non l\u2019avete ancora comunicato, scrivete a: <\/em><\/strong><a href=\"mailto:reterr.lecco@gmail.com\"><strong><em>reterr.lecco@gmail.com<\/em><\/strong><\/a><em> e <\/em><a href=\"mailto:manuela.lavelli@univr.it\"><strong><em>manuela.lavelli@univr.it<\/em><\/strong><\/a><em>, indicando il numero di persone, i rispettivi nomi, cognomi, indirizzi email, e il tipo di camera desiderato.<\/em><\/p>\t\t\t\t\t\t\t\t<\/div>\n\t\t\t\t<\/div>\n\t\t\t\t<div class=\"elementor-element elementor-element-0e08ae3 external_elementor-repeater-item-none_external elementor-repeater-item-none elementor-repeater-item-none_hover elementor-widget elementor-widget-image\" data-id=\"0e08ae3\" data-element_type=\"widget\" data-widget_type=\"image.default\">\n\t\t\t\t<div class=\"elementor-widget-container\">\n\t\t\t\t\t\t\t\t\t\t\t\t\t\t\t<img decoding=\"async\" width=\"735\" height=\"1024\" src=\"https:\/\/reterr.it\/wp-content\/uploads\/2025\/05\/Locandina-Seminario-Afriche-31-maggio1-giugno-735x1024.jpg\" class=\"attachment-large size-large wp-image-401\" alt=\"\" srcset=\"https:\/\/reterr.it\/wp-content\/uploads\/2025\/05\/Locandina-Seminario-Afriche-31-maggio1-giugno-735x1024.jpg 735w, https:\/\/reterr.it\/wp-content\/uploads\/2025\/05\/Locandina-Seminario-Afriche-31-maggio1-giugno-215x300.jpg 215w, https:\/\/reterr.it\/wp-content\/uploads\/2025\/05\/Locandina-Seminario-Afriche-31-maggio1-giugno-768x1070.jpg 768w, https:\/\/reterr.it\/wp-content\/uploads\/2025\/05\/Locandina-Seminario-Afriche-31-maggio1-giugno.jpg 1011w\" sizes=\"(max-width: 735px) 100vw, 735px\" \/>\t\t\t\t\t\t\t\t\t\t\t\t\t\t\t<\/div>\n\t\t\t\t<\/div>\n\t\t\t\t\t<\/div>\n\t\t\t\t<\/div>\n\t\t\t\t<\/div>\n\t\t","protected":false},"excerpt":{"rendered":"<p>Seminari di studi e convegni regionali sono occasione di incontro e approfondimento. Sono organizzati viaggi di studio e di conoscenza nelle comunit\u00e0 dove si realizzano i progetti solidali. Ogni due anni la Rete tiene un Convegno Nazionale nel quale rinsalda il proprio impegno. Maggio &#8217;25 Il Seminario \u201cAFRICA-AFRICHE. Domande, testimonianze, riflessioni\u201d \u00e8 organizzato dalla Rete Radi\u00e9 Resch. La scelta \u00e8 stata quella di parlare di popoli spesso dimenticati dal circuito principale dei media, e di farlo dando voce a giovani africani e a giovani in contatto con popolazioni di diversi Stati dell\u2019Africa per solidariet\u00e0 e ricerca. Sar\u00e0 quindi qualcosa di molto diverso da un Convegno tradizionale, ci saranno testimonianze, musica africana, video, molta possibilit\u00e0 di discussione e confronto. Nella locandina trovate il programma. Informazioni logisticheIl Seminario inizier\u00e0 alle 15:00 di sabato 31 maggio e si concluder\u00e0 dopo il pranzo di domenica 1 giugno. Chi arriver\u00e0 a Torino in treno comunicher\u00e0 l\u2019orario di arrivo cos\u00ec che le amiche e gli amici della ReteRR di Torino potranno farci la cortesia di attenderci in stazione per accompagnarci a \u201cVilla Lascaris\u201d, Pianezza (a pochi Km da Torino), dove si svolger\u00e0 il Seminario.Il costo concordato con la struttura \u00e8:\u2013 Pensione completa (due pasti, pernottamento e colazione) per persona in camera doppia:\u00a0\u20ac 67,00 (+ \u20ac 0,50 tassa di soggiorno)\u2013 Pensione completa (due pasti, pernottamento e colazione) per persona in camera singola:\u00a0\u20ac 77,00 (+ \u20ac 0,50 tassa di soggiorno)Dato il ponte del 2 giugno, sar\u00e0 possibile soggiornare a Villa Lascaris al medesimo prezzo anche per una seconda notte, per chi volesse fermarsi a Torino (ma va chiesto con la \u201cpreiscrizione\u201d)Chi sta organizzando ci chiede di far sapere al pi\u00f9 presto, a titolo indicativo e senza impegno, quante persone pensano di partecipare.Se pensate di partecipare e non l\u2019avete ancora comunicato, scrivete a: reterr.lecco@gmail.com e manuela.lavelli@univr.it, indicando il numero di persone, i rispettivi nomi, cognomi, indirizzi email, e il tipo di camera desiderato.<\/p>\n","protected":false},"author":1,"featured_media":1647,"comment_status":"closed","ping_status":"closed","sticky":false,"template":"","format":"standard","meta":{"footnotes":""},"categories":[5,106],"tags":[110],"class_list":["post-1233","post","type-post","status-publish","format-standard","has-post-thumbnail","hentry","category-eventi","category-seminari","tag-maggio-25"],"_links":{"self":[{"href":"https:\/\/reterr.it\/index.php?rest_route=\/wp\/v2\/posts\/1233","targetHints":{"allow":["GET"]}}],"collection":[{"href":"https:\/\/reterr.it\/index.php?rest_route=\/wp\/v2\/posts"}],"about":[{"href":"https:\/\/reterr.it\/index.php?rest_route=\/wp\/v2\/types\/post"}],"author":[{"embeddable":true,"href":"https:\/\/reterr.it\/index.php?rest_route=\/wp\/v2\/users\/1"}],"replies":[{"embeddable":true,"href":"https:\/\/reterr.it\/index.php?rest_route=%2Fwp%2Fv2%2Fcomments&post=1233"}],"version-history":[{"count":35,"href":"https:\/\/reterr.it\/index.php?rest_route=\/wp\/v2\/posts\/1233\/revisions"}],"predecessor-version":[{"id":3357,"href":"https:\/\/reterr.it\/index.php?rest_route=\/wp\/v2\/posts\/1233\/revisions\/3357"}],"wp:featuredmedia":[{"embeddable":true,"href":"https:\/\/reterr.it\/index.php?rest_route=\/wp\/v2\/media\/1647"}],"wp:attachment":[{"href":"https:\/\/reterr.it\/index.php?rest_route=%2Fwp%2Fv2%2Fmedia&parent=1233"}],"wp:term":[{"taxonomy":"category","embeddable":true,"href":"https:\/\/reterr.it\/index.php?rest_route=%2Fwp%2Fv2%2Fcategories&post=1233"},{"taxonomy":"post_tag","embeddable":true,"href":"https:\/\/reterr.it\/index.php?rest_route=%2Fwp%2Fv2%2Ftags&post=1233"}],"curies":[{"name":"wp","href":"https:\/\/api.w.org\/{rel}","templated":true}]}}