{"id":1511,"date":"2025-04-25T08:36:00","date_gmt":"2025-04-25T08:36:00","guid":{"rendered":"https:\/\/reterr.it\/?p=1511"},"modified":"2025-06-26T08:34:15","modified_gmt":"2025-06-26T08:34:15","slug":"smilitarizzare-leconomia-un-sogno-da-sognare","status":"publish","type":"post","link":"https:\/\/reterr.it\/?p=1511","title":{"rendered":"Smilitarizzare l\u2019economia. Un sogno da sognare"},"content":{"rendered":"<p>8 Marzo 2026 Comitato Nazionale BDS (Boycott Divestment Sanctions) Dichiarazione del BDS National Committee<\/p><p><a href=\"https:\/\/reterr.it\/wp-content\/uploads\/2026\/03\/Donne-palestinesi-rIdwq0KXbxij.png\"><img decoding=\"async\" src=\"https:\/\/reterr.it\/wp-content\/uploads\/2026\/03\/Donne-palestinesi-rIdwq0KXbxij-150x150.png\" width=\"150\" height=\"150\" alt=\"Donne-palestinesi.png\" style=\"display:inline-block\"><\/a> <\/p>\t\t<div data-elementor-type=\"wp-post\" data-elementor-id=\"1511\" class=\"elementor elementor-1511\">\n\t\t\t\t<div class=\"elementor-element elementor-element-20cd3a0 e-flex e-con-boxed elementor-repeater-item-default_padding elementor-repeater-item-none elementor-repeater-item-none_hover e-con e-parent\" data-id=\"20cd3a0\" data-element_type=\"container\" data-settings=\"{&quot;ang_container_spacing_size&quot;:&quot;default_padding&quot;}\">\n\t\t\t\t\t<div class=\"e-con-inner\">\n\t\t\t\t\t<\/div>\n\t\t\t\t<\/div>\n\t\t<div class=\"elementor-element elementor-element-223908c e-flex e-con-boxed elementor-repeater-item-default_padding elementor-repeater-item-none elementor-repeater-item-none_hover e-con e-parent\" data-id=\"223908c\" data-element_type=\"container\" data-settings=\"{&quot;ang_container_spacing_size&quot;:&quot;default_padding&quot;}\">\n\t\t\t\t\t<div class=\"e-con-inner\">\n\t\t<div class=\"elementor-element elementor-element-b3f5f65 e-con-full e-flex elementor-repeater-item-default_padding elementor-repeater-item-none elementor-repeater-item-none_hover e-con e-child\" data-id=\"b3f5f65\" data-element_type=\"container\" data-settings=\"{&quot;ang_container_spacing_size&quot;:&quot;default_padding&quot;}\">\n\t\t\t\t<div class=\"elementor-element elementor-element-2f6714b elementor-repeater-item-none elementor-repeater-item-none_hover elementor-widget elementor-widget-heading\" data-id=\"2f6714b\" data-element_type=\"widget\" data-widget_type=\"heading.default\">\n\t\t\t\t<div class=\"elementor-widget-container\">\n\t\t\t\t\t<h2 class=\"elementor-heading-title elementor-size-default\">Aprile '25<\/h2>\t\t\t\t<\/div>\n\t\t\t\t<\/div>\n\t\t\t\t<div class=\"elementor-element elementor-element-a17b72a external_elementor-repeater-item-none_external elementor-repeater-item-none elementor-repeater-item-none_hover elementor-widget elementor-widget-image\" data-id=\"a17b72a\" data-element_type=\"widget\" data-widget_type=\"image.default\">\n\t\t\t\t<div class=\"elementor-widget-container\">\n\t\t\t\t\t\t\t\t\t\t\t\t\t\t\t<img fetchpriority=\"high\" decoding=\"async\" width=\"800\" height=\"361\" src=\"https:\/\/reterr.it\/wp-content\/uploads\/2025\/06\/Screenshot-2025-05-04-alle-18.44.20-1024x462-1.png\" class=\"attachment-large size-large wp-image-1513\" alt=\"\" srcset=\"https:\/\/reterr.it\/wp-content\/uploads\/2025\/06\/Screenshot-2025-05-04-alle-18.44.20-1024x462-1.png 1024w, https:\/\/reterr.it\/wp-content\/uploads\/2025\/06\/Screenshot-2025-05-04-alle-18.44.20-1024x462-1-300x135.png 300w, https:\/\/reterr.it\/wp-content\/uploads\/2025\/06\/Screenshot-2025-05-04-alle-18.44.20-1024x462-1-768x347.png 768w\" sizes=\"(max-width: 800px) 100vw, 800px\" \/>\t\t\t\t\t\t\t\t\t\t\t\t\t\t\t<\/div>\n\t\t\t\t<\/div>\n\t\t\t\t<div class=\"elementor-element elementor-element-44f57a9 elementor-repeater-item-none elementor-repeater-item-none_hover elementor-widget elementor-widget-text-editor\" data-id=\"44f57a9\" data-element_type=\"widget\" data-widget_type=\"text-editor.default\">\n\t\t\t\t<div class=\"elementor-widget-container\">\n\t\t\t\t\t\t\t\t\t<div class=\"elementor-element elementor-element-288085e0 elementor-widget elementor-widget-theme-post-content\" data-id=\"288085e0\" data-element_type=\"widget\" data-widget_type=\"theme-post-content.default\"><div class=\"elementor-widget-container\"><p><em>Negli ultimi anni, nell\u2019ambito della Rete Radi\u00e9 Resch \u00e8 cresciuta la convinzione dell\u2019importanza di costruire reti di collaborazione con le associazioni locali con le quali si condividono impegno e valori di riferimento (antifascismo, giustizia sociale e ambientale, solidariet\u00e0, pace), per dar vita a iniziative territoriali comuni. Qui condividiamo un documento che come ReteRR di Lecco abbiamo preparato per la ReteRR nazionale, per documentare un tema che stiamo affrontando nell\u2019ambito della Tavola lecchese per la Pace.<\/em><\/p><p><strong>Smilitarizzare l\u2019economia. Un sogno da sognare<\/strong><\/p><p>In questo tempo spaventosamente armato, con un\u2019escalation che pare senza freni verso un\u2019economia militarizzata, potrebbe apparire ingenuo e velleitario impegnarsi per un\u2019economia che converta le catene industriali di produzione di armamenti in produzioni non belliche.<\/p><p>\u00c8 un obiettivo ambizioso, persino controverso e drammatico, perch\u00e9 porta la scelta di un percorso verso un\u2019economia pi\u00f9 pacifica ed etica, in basso, nel quotidiano della vita delle persone, nella necessit\u00e0 imprescindibile di avere un lavoro. Realizzare un\u2019economia che non si avvale del mercato della guerra significa non solo ridurre enormi benefici economici per le aziende che prosperano in quel mercato, ma svuotare spazi occupazionali, sottrarre opportunit\u00e0 di lavoro, sovente in aree geografiche impoverite economicamente.<\/p><p>Sappiamo che questo \u00e8 pensabile soltanto se si producono proposte alternative credibili non solo sul piano della sostenibilit\u00e0 economica e delle opportunit\u00e0 di lavoro, ma anche della capacit\u00e0 di far fronte alla cultura della difesa attraverso le armi, che sta riemergendo in modo tragico. Ma come sappiamo, molti cambiamenti che hanno prodotto evoluzioni dell\u2019umanit\u00e0 sono iniziati come un sogno. Da utopia di pochi sono diventati movimento e storia umana. La convinzione che le spade dovessero essere sostituite dagli aratri si trova gi\u00e0 nella profezia di Isaia.<\/p><p><strong>Fatti drammatici<\/strong><\/p><p>Dai dati sull\u2019import\/export di armi pubblicati il 10 marzo dall\u2019I<a href=\"https:\/\/www.sipri.org\/\">stituto internazionale di ricerca sulla pace di Stoccolma (Sipri)<\/a> sappiamo che l\u2019Ucraina \u00e8 il primo Paese importatore mondiale di armamenti nel quinquennio 2020-2024. Nello stesso periodo l\u2019import europeo \u00e8 cresciuto del 155%. Una situazione di cui hanno beneficiato gli Stati Uniti, aumentando le proprie esportazioni belliche fino ad assorbire il 43% del mercato globale. L\u2019Italia \u00e8 il sesto esportatore di armi.<\/p><p>L\u2019Italia ha aumentato le esportazioni di armi del 138% nel 2020-24 rispetto al 2015-19, raggiungendo il 4,8% del volume globale. La quota maggiore (71%) \u00e8 stata destinata agli Stati del Medio Oriente<\/p><p><a href=\"https:\/\/www.reterr-lecco.it\/wp-content\/uploads\/2025\/05\/Il-continente-fa-ricchi-i-mercanti-darmi-Herman-Staal-Internazionale.pdf\">Il continente fa ricchi i mercanti d\u2019armi \u2013 Herman Staal \u2013 Internazionale<\/a><\/p><p><strong>Esperienze e battaglie per la riconversione<\/strong><\/p><p>Tra i primi esemplari tentativi di riconversione dell\u2019economia bellica al civile vi \u00e8 il caso della Lucas Aerospace inglese alla fine degli anni \u201870, dove l\u2019ingegnere e leader sindacale Mike Cooley, promotore di \u201cproduzioni socialmente utili\u201d, ha guidato tecnici, impiegati e operai nello sviluppare prototipi di prodotti alternativi, dalle pompe di calore alle attrezzature sanitarie.<\/p><p>Sono gli anni dove in Italia Alberto Tridente, responsabile internazionale della Fim Cisl creava un coordinamento dei delegati dell\u2019industria bellica per accrescere una cultura della consapevolezza e per chiedere una legge per il controllo e la limitazione dell\u2019export delle armi, che porter\u00e0 alla 185\/90. Una legge oggi assediata dagli interessi di un\u2019economia militarizzata che vorrebbe mano libera nelle esportazioni, senza nessun controllo parlamentare.<\/p><p>Non molto dopo, la vicenda dell\u2019azienda Aeronautica Macchi di Varese. Elio Pagani e altri lavoratori denunciano la violazione dell\u2019embargo alla vendita di aerei al Sudafrica e dichiarano l\u2019obiezione di coscienza professionale alla produzione di armi, chiedendo il trasferimento ad attivit\u00e0 civili e progetti di riconversione. Come conseguenza nel 1991 viene avviata la cassa integrazione, i lavoratori iniziano uno sciopero della fame, mentre era in corso la prima guerra del Golfo, richiedendo di \u00abconiugare diritto al lavoro e diritto alla pace\u00bb. Le produzioni civili si allargano e il Comitato dei cassaintegrati Aermacchi lancia nuove iniziative ottenendo, nel 1993, la creazione di un\u2019Agenzia regionale lombarda per la riconversione, che operer\u00e0 fino all\u2019insediamento della nuova giunta di centro-destra.<\/p><p>Poi la campagna contro la produzione di mine antipersona della Valsella di Brescia, che era produttrice mondiale nel settore. Una campagna che, come sottolinea don Fabio Corazzina, ha una svolta determinante nella logica della riconversione quando le persone del territorio vedono le foto della popolazione cambogiana devastata dalle mine della Valsella. La lotta antimine che vede uniti pacifisti, comunit\u00e0 cristiane e sindacati si espande e, coordinata a livello nazionale e internazionale, porta nel 1997 all\u2019adesione del Trattato di Ottawa per la messa al bando delle mine antipersona, che obbliga alla riconversione della produzione. Un risultato che inizialmente sembrava irraggiungibile.<\/p><p>Pi\u00f9 recentemente, per noi di grande ispirazione, \u00e8 quanto si sta realizzando in Sardegna, nella regione del Sulcis Iglesiente, regione ferita dalla crisi mineraria, dove la fabbrica Rwm, del gruppo tedesco Rheinmetall, produce bombe e droni-killer a brevetto israeliano.<\/p><p>Nel 2017, con slancio civile \u201cdal basso\u201d, un gruppo di cittadini indignati che nel loro territorio si producessero ordigni mortali diede vita al Comitato per la Riconversione della produzione militare di Rwm. Tra il 2019 e il 2021 il Comitato, insieme ad altre organizzazioni della societ\u00e0 civile e grazie all\u2019azione congiunta di un gruppo di parlamentari, ottiene prima la sospensione e poi la revoca definitiva delle autorizzazioni concesse per l\u2019esportazione di bombe e missili verso l\u2019Arabia Saudita e gli Emirati arabi uniti, al tempo principali clienti dell\u2019azienda. L\u2019azienda reagisce con la scure occupazionale e chiude per alcuni mesi. Poi l\u2019esplosione del conflitto russo-ucraino alimenta di nuove commesse Rwm che riprende a pieno regime, anche grazie alla revoca (governo Meloni, maggio 2023) all\u2019esportazione di armi.<\/p><p>Sembrerebbe una sconfitta. In realt\u00e0, nel frattempo, si \u00e8 avviata una visione possibile della riconversione come progetto territoriale sistemico, economico e valoriale. Nel 2021 nasce \u201cWarfree \u2013 L\u00ecberu dae sa gherra\u201d, una rete di imprenditori, commercianti, professionisti impegnati per un\u2019economia \u201cfuori dalla guerra\u201d. Warfree riconiuga l\u2019obiettivo della riconversione non come azione concentrata su un\u2019azienda, ma come un traguardo di sistema, un percorso da affrontare sviluppando un tessuto territoriale di energie, risorse, azioni e iniziative \u00abper nuovi modi di coltivare, produrre, lavorare, abitare, consumare, far turismo in modo etico e sostenibile\u201d. Si forma cos\u00ec una rete di pi\u00f9 di 50 imprese sarde con oltre 200 referenze che aderisce a Warfree,\u00a0siglando una Carta dei Valori che contiene al primo posto il ripudio della guerra. L\u2019adesione valoriale diventa identit\u00e0 e visione, che d\u00e0 forza anche commerciale e sostiene l\u2019impegno gestionale ed economico con sinergie, cooperazione e supporti professionali. Il numero delle persone occupate nelle aziende della rete Warfree ad oggi supera il numero dei dipendenti della fabbrica Rwm.<\/p><p><strong>L\u2019esperienza della Rete di Lecco nell\u2019ambito della \u201cTavola lecchese per la Pace\u201d<\/strong><\/p><p>Nel territorio lecchese ben 4 aziende producono armi e munizioni che vengono esportate in USA, Repubblica Ceca e altri paesi tra cui Turchia e Israele. Nel 2024 l\u2019esportazione ha raggiunto un valore di quasi 6 miliardi (dati ISTAT), in forte incremento rispetto all\u2019anno precedente. Lecco detiene un primato vergognoso: \u00e8 la prima provincia italiana ad esportare armi, munizioni e macchine per costruirle ad Israele. Una recente inchiesta di \u2018Altreconomia\u2019 documenta che l\u2019azienda Fiocchi Munizioni \u00e8 il principale produttore di munizioni ad uso civile che vengono rivendute ai coloni israeliani in Cisgiordania, dove le vendite sono \u201cesplose\u201d negli ultimi mesi.<\/p><p>Non possiamo restare in silenzio di fronte a questi dati. Con la \u201cTavola lecchese per la Pace\u201d- una rete di associazioni impegnate a promuovere una cultura di pace, tra cui il nostro gruppo Rete Radi\u00e9 Resch- abbiamo avviato un lavoro di ricerca di esperienze attive in un percorso di proposte per la riconversione economica dell\u2019industria bellica. Cos\u00ec, abbiamo conosciuto il <em>\u201cLaboratorio permanente sulla politica industriale di pace in Italia\u201d,<\/em> di cui fanno parte molte associazioni e Centri di studio italiani\u00a0 (<a href=\"https:\/\/www.avvenire.it\/attualita\/pagine\/un-laboratorio-per-l-industria-di-pace-investire\">https:\/\/www.avvenire.it\/attualita\/pagine\/un-laboratorio-per-l-industria-di-pace-investire) <\/a>e incontrato persone impegnate da decenni in questo percorso: don Fabio Corazzina, Carlo Cefaloni (Economia Disarmata Mov.Focolari), Cinzia Guaita e Arnaldo Scarpa di WarFree<a href=\"https:\/\/www.reterr-lecco.it\/smilitarizzare-leconomia\/#_ftn1\" name=\"_ftnref1\">[1]<\/a>, che ci hanno dato un aiuto prezioso a fondare il nostro piano di lavoro.<\/p><p>In questi mesi \u00e8 in corso il primo step del \u201cpiano\u201d lecchese dedicato allo sviluppo di una politica industriale smilitarizzata: la formazione di una visione del possibile, dedicata ad esplorare le effettive possibilit\u00e0 di riconversione, l\u2019impatto dei dilemmi sociali che richiedono di essere affrontati, la percorribilit\u00e0 economica e legislativa. Un altro obiettivo: l\u2019impegno a promuovere collegamenti, condivisione di conoscenze e prassi, per contribuire a una proposta politica che in futuro possa incidere anche sulle scelte strutturali del Paese.<\/p><p>L\u2019iniziativa pi\u00f9 recente (31 marzo) \u00e8 stato un seminario che ha cercato di coinvolgere gli amministratori locali per affrontare insieme la realizzabilit\u00e0 nel territorio di un\u2019economia della pace, che scoraggi le produzioni belliche offrendo alternative di sviluppo economico ed occupazionale. Abbastanza scarsa, purtroppo, la partecipazione, ma siamo agli inizi e ci \u00e8 chiaro che si tratta di un percorso che richiede tempo e continuit\u00e0, che si costruisce saldando nel suolo della cultura e della realt\u00e0 economica territoriale un mattone alla volta.<\/p><p><strong>Una considerazione conclusiva: l\u2019ostacolo della paura<\/strong><\/p><p>Ad ostacolare la transizione verso un\u2019economia smilitarizzata non vi sono solo la gestione dei costi sociali, la fattibilit\u00e0 economica e industriale, concorre anche la paura. La paura \u00e8 una grande cliente di armi, il timore di essere aggrediti da nemici dispotici e imperialisti alimenta la potente ed efficace retorica dell\u2019armarsi per garantirsi la pace.<\/p><p>Un sentimento della propria sicurezza minacciata che si \u00e8 propagato e radicato in questi anni pi\u00f9 recenti, non solo per i conflitti ai confini dell\u2019Europa, ma anche per una pi\u00f9 vasta e penetrante condizione di precariet\u00e0 in cui si \u00e8 immersi quotidianamente. Il presente che si \u00e8 dilatato ad esperienza senza passato e senza futuro, il futuro che \u00e8 diventato incognita esistenziale e professionale, soprattutto per i giovani, hanno prodotto un sentimento diffuso di vulnerabilit\u00e0, fertile per un desiderio di sicurezza, di confini chiusi, alimentati da un vissuto di minacce senza la verit\u00e0 dei fatti, ma con la forza della paura.<\/p><p>Crediamo che sia anche qui, a questa arena emotiva della paura, che occorre rivolgerci, con una militanza che alimenti speranza, che sia sempre pi\u00f9 rigorosa sui fatti, che crei comunit\u00e0, come principali risorse per la pace.<\/p><p><strong>Per approfondire<\/strong><\/p><p>\u2013 Articoli su \u201cRiarmo: una falsa idea di sicurezza e dati impressionanti\u201d in \u2018Segnalazioni\u2019 Marzo \u201925 sito Rete Radi\u00e9 Resch Lecco:<br \/><a href=\"https:\/\/www.reterr-lecco.it\/riarmo\/\">https:\/\/www.reterr-lecco.it\/riarmo\/<\/a><\/p><p>\u2013 <em>Contributo per il Laboratorio permanente per una politica industriale di pace in Italia,<\/em> a cura di Gianni Alioti e Maurizio Simoncelli, suppl.a <em>IRIAD Review<\/em> giugno 2024:<br \/><a href=\"https:\/\/6m8dg.r.sp1-brevo.net\/mk\/cl\/f\/sh\/6rqJfgq8dIPRQa0btA2EzzTBh5v\/w1OxnMMTSYal\">https:\/\/6m8dg.r.sp1-brevo.net\/mk\/cl\/f\/sh\/6rqJfgq8dIPRQa0btA2EzzTBh5v\/w1OxnMMTSYal<\/a><\/p><p>\u2013 Capitolo di Marinella Correggia nell\u2019ebook <em>Economia a mano armata<\/em>, edito da Greenpeace e Sbilanciamoci! aprile 2024:<br \/><a href=\"https:\/\/www.greenpeace.org\/static\/planet4-italy-stateless\/2024\/05\/23b76034-ebook_2024_def_web.pdf\">https:\/\/www.greenpeace.org\/static\/planet4-italy-stateless\/2024\/05\/23b76034-ebook_2024_def_web.pdf<\/a><\/p><p><a href=\"https:\/\/www.reterr-lecco.it\/smilitarizzare-leconomia\/#_ftnref1\" name=\"_ftn1\">[1]<\/a> Grazie a Pierpaolo Loi e Gabriella Giometti e Piergiorgio Todeschini per i preziosi contatti!<\/p><\/div><\/div>\t\t\t\t\t\t\t\t<\/div>\n\t\t\t\t<\/div>\n\t\t\t\t<\/div>\n\t\t<div class=\"elementor-element elementor-element-bbfe093 e-con-full e-flex elementor-repeater-item-default_padding elementor-repeater-item-none elementor-repeater-item-none_hover e-con e-child\" data-id=\"bbfe093\" data-element_type=\"container\" data-settings=\"{&quot;ang_container_spacing_size&quot;:&quot;default_padding&quot;}\">\n\t\t<div class=\"elementor-element elementor-element-e257114 e-con-full e-flex elementor-repeater-item-default_padding elementor-repeater-item-none elementor-repeater-item-none_hover e-con e-child\" data-id=\"e257114\" data-element_type=\"container\" data-settings=\"{&quot;ang_container_spacing_size&quot;:&quot;default_padding&quot;}\">\n\t\t\t\t<div class=\"elementor-element elementor-element-aff0cae wpr-grid-columns-1 wpr-item-styles-wrapper wpr-grid-columns--tablet2 wpr-grid-columns--mobile1 elementor-repeater-item-none elementor-repeater-item-none_hover elementor-widget elementor-widget-wpr-grid\" data-id=\"aff0cae\" data-element_type=\"widget\" data-widget_type=\"wpr-grid.default\">\n\t\t\t\t<div class=\"elementor-widget-container\">\n\t\t\t\t\t<ul class=\"wpr-grid-filters elementor-clearfix wpr-grid-filters-sep-right\"><li class=\" wpr-pointer-none wpr-pointer-line-fx wpr-pointer-fx-none\"><span  data-filter=\"*\" class=\"wpr-grid-filters-item wpr-active-filter \">All Posts<\/span><em class=\"wpr-grid-filters-sep\"><\/em><\/li><li data-role=\"parent\" class=\" wpr-pointer-none wpr-pointer-line-fx wpr-pointer-fx-none\"><span   data-ajax-filter=[\"category\",\"controinformazione\"]  data-filter=\".category-controinformazione\">Controinformazione<\/span><em class=\"wpr-grid-filters-sep\"><\/em><\/li><ul data-parent=\".category-controinformazione\" class=\"wpr-sub-filters\"><li data-role=\"back\" class=\" wpr-pointer-none wpr-pointer-line-fx wpr-pointer-fx-none\"><span class=\"wpr-back-filter\"  data-ajax-filter=[\"category\",\"controinformazione\"]  data-filter=\".category-controinformazione\"><i class=\"fas fa-long-arrow-alt-left\"><\/i>&nbsp;&nbsp;Back<\/span><\/li><li data-role=\"sub\" class=\" wpr-pointer-none wpr-pointer-line-fx wpr-pointer-fx-none\"><span   data-ajax-filter=[\"category\",\"segnalazioni\"]  data-filter=\".category-segnalazioni\">Segnalazioni<\/span><em class=\"wpr-grid-filters-sep\"><\/em><\/li><\/ul><\/ul><section class=\"wpr-grid elementor-clearfix\" data-settings=\"{&quot;layout&quot;:&quot;fitRows&quot;,&quot;stick_last_element_to_bottom&quot;:&quot;&quot;,&quot;columns_desktop&quot;:&quot;1&quot;,&quot;gutter_hr&quot;:15,&quot;gutter_hr_mobile&quot;:15,&quot;gutter_hr_mobile_extra&quot;:15,&quot;gutter_hr_tablet&quot;:15,&quot;gutter_hr_tablet_extra&quot;:15,&quot;gutter_hr_laptop&quot;:15,&quot;gutter_hr_widescreen&quot;:15,&quot;gutter_vr&quot;:15,&quot;gutter_vr_mobile&quot;:15,&quot;gutter_vr_mobile_extra&quot;:15,&quot;gutter_vr_tablet&quot;:15,&quot;gutter_vr_tablet_extra&quot;:15,&quot;gutter_vr_laptop&quot;:15,&quot;gutter_vr_widescreen&quot;:15,&quot;animation&quot;:&quot;default&quot;,&quot;animation_duration&quot;:0.3,&quot;animation_delay&quot;:0.1,&quot;deeplinking&quot;:&quot;&quot;,&quot;filters_linkable&quot;:&quot;no&quot;,&quot;filters_default_filter&quot;:&quot;&quot;,&quot;filters_count&quot;:&quot;&quot;,&quot;filters_hide_empty&quot;:&quot;no&quot;,&quot;filters_animation&quot;:&quot;default&quot;,&quot;filters_animation_duration&quot;:0.3,&quot;filters_animation_delay&quot;:0.1,&quot;pagination_type&quot;:&quot;load-more&quot;,&quot;pagination_max_pages&quot;:10,&quot;lightbox&quot;:{&quot;selector&quot;:&quot;.wpr-grid-image-wrap&quot;,&quot;iframeMaxWidth&quot;:&quot;60%&quot;,&quot;hash&quot;:false,&quot;autoplay&quot;:&quot;true&quot;,&quot;pause&quot;:5000,&quot;progressBar&quot;:&quot;true&quot;,&quot;counter&quot;:&quot;true&quot;,&quot;controls&quot;:&quot;true&quot;,&quot;getCaptionFromTitleOrAlt&quot;:&quot;true&quot;,&quot;thumbnail&quot;:&quot;&quot;,&quot;showThumbByDefault&quot;:&quot;&quot;,&quot;share&quot;:&quot;&quot;,&quot;zoom&quot;:&quot;true&quot;,&quot;fullScreen&quot;:&quot;true&quot;,&quot;download&quot;:&quot;true&quot;}}\"><article class=\"wpr-grid-item elementor-clearfix post-4550 post type-post status-publish format-standard has-post-thumbnail hentry category-eventi category-segnalazioni\"><div class=\"wpr-grid-item-inner\"><div class=\"wpr-grid-media-wrap wpr-effect-size-medium \" data-overlay-link=\"yes\"><div class=\"wpr-grid-image-wrap\" data-src=\"https:\/\/reterr.it\/wp-content\/uploads\/2026\/04\/Donazione-300x225.jpeg\" data-img-on-hover=\"\"  data-src-secondary=\"\"><img decoding=\"async\" data-no-lazy=\"1\" src=\"https:\/\/reterr.it\/wp-content\/uploads\/2026\/04\/Donazione-300x225.jpeg\" alt=\"Donazione 5 X mille Rete Radi\u00e9 Resch\" class=\"wpr-anim-timing-ease-default\"><\/div><div class=\"wpr-grid-media-hover wpr-animation-wrap\"><div class=\"wpr-grid-media-hover-bg  wpr-overlay-fade-in wpr-anim-size-large wpr-anim-timing-ease-default wpr-anim-transparency\" data-url=\"https:\/\/reterr.it\/?p=4550\"><\/div><\/div><\/div><div class=\"wpr-grid-item-below-content elementor-clearfix\"><div class=\"wpr-grid-item-separator elementor-repeater-item-2fafc75 wpr-grid-item-display-block wpr-grid-item-align-left wpr-grid-sep-style-2\"><div class=\"inner-block\"><span><\/span><\/div><\/div><h2 class=\"wpr-grid-item-title elementor-repeater-item-564d754 wpr-grid-item-display-block wpr-grid-item-align-center wpr-pointer-none wpr-pointer-line-fx wpr-pointer-fx-fade\"><div class=\"inner-block\"><a target=\"_self\"  href=\"https:\/\/reterr.it\/?p=4550\">Donazione 5 X mille Rete Radi\u00e9 Resch<\/a><\/div><\/h2><div class=\"wpr-grid-item-separator elementor-repeater-item-22070f9 wpr-grid-item-display-block wpr-grid-item-align-left wpr-grid-sep-style-1\"><div class=\"inner-block\"><span><\/span><\/div><\/div><div class=\"wpr-grid-item-date elementor-repeater-item-9bc7f57 wpr-grid-item-display-block wpr-grid-item-align-center\"><div class=\"inner-block\"><span>Aprile 2026<\/span><\/div><\/div><\/div><\/div><\/article><article class=\"wpr-grid-item elementor-clearfix post-4544 post type-post status-publish format-standard has-post-thumbnail hentry category-controinformazione\"><div class=\"wpr-grid-item-inner\"><div class=\"wpr-grid-media-wrap wpr-effect-size-medium \" data-overlay-link=\"yes\"><div class=\"wpr-grid-image-wrap\" data-src=\"https:\/\/reterr.it\/wp-content\/uploads\/2026\/04\/PeritoMoreno004-300x198.jpg\" data-img-on-hover=\"\"  data-src-secondary=\"\"><img decoding=\"async\" data-no-lazy=\"1\" src=\"https:\/\/reterr.it\/wp-content\/uploads\/2026\/04\/PeritoMoreno004-300x198.jpg\" alt=\"Le reazione della scienza alla legge argentina che apre allo sfruttamento dei ghiacciai, gi\u00e0 agonizzanti a causa del clima che cambia\" class=\"wpr-anim-timing-ease-default\"><\/div><div class=\"wpr-grid-media-hover wpr-animation-wrap\"><div class=\"wpr-grid-media-hover-bg  wpr-overlay-fade-in wpr-anim-size-large wpr-anim-timing-ease-default wpr-anim-transparency\" data-url=\"https:\/\/reterr.it\/?p=4544\"><\/div><\/div><\/div><div class=\"wpr-grid-item-below-content elementor-clearfix\"><div class=\"wpr-grid-item-separator elementor-repeater-item-2fafc75 wpr-grid-item-display-block wpr-grid-item-align-left wpr-grid-sep-style-2\"><div class=\"inner-block\"><span><\/span><\/div><\/div><h2 class=\"wpr-grid-item-title elementor-repeater-item-564d754 wpr-grid-item-display-block wpr-grid-item-align-center wpr-pointer-none wpr-pointer-line-fx wpr-pointer-fx-fade\"><div class=\"inner-block\"><a target=\"_self\"  href=\"https:\/\/reterr.it\/?p=4544\">Le reazione della scienza alla legge argentina che apre allo sfruttamento dei ghiacciai, gi\u00e0 agonizzanti a causa del clima che&hellip;<\/a><\/div><\/h2><div class=\"wpr-grid-item-separator elementor-repeater-item-22070f9 wpr-grid-item-display-block wpr-grid-item-align-left wpr-grid-sep-style-1\"><div class=\"inner-block\"><span><\/span><\/div><\/div><div class=\"wpr-grid-item-date elementor-repeater-item-9bc7f57 wpr-grid-item-display-block wpr-grid-item-align-center\"><div class=\"inner-block\"><span>Aprile 2026<\/span><\/div><\/div><\/div><\/div><\/article><article class=\"wpr-grid-item elementor-clearfix post-4409 post type-post status-publish format-standard has-post-thumbnail hentry category-controinformazione category-eventi\"><div class=\"wpr-grid-item-inner\"><div class=\"wpr-grid-media-wrap wpr-effect-size-medium \" data-overlay-link=\"yes\"><div class=\"wpr-grid-image-wrap\" data-src=\"https:\/\/reterr.it\/wp-content\/uploads\/2026\/03\/Donne-palestinesi-rIdwq0KXbxij-300x191.png\" data-img-on-hover=\"\"  data-src-secondary=\"\"><img decoding=\"async\" data-no-lazy=\"1\" src=\"https:\/\/reterr.it\/wp-content\/uploads\/2026\/03\/Donne-palestinesi-rIdwq0KXbxij-300x191.png\" alt=\"Giornata Internazionale della Donna: la resistenza ispiratrice delle donne palestinesi\" class=\"wpr-anim-timing-ease-default\"><\/div><div class=\"wpr-grid-media-hover wpr-animation-wrap\"><div class=\"wpr-grid-media-hover-bg  wpr-overlay-fade-in wpr-anim-size-large wpr-anim-timing-ease-default wpr-anim-transparency\" data-url=\"https:\/\/reterr.it\/?p=4409\"><\/div><\/div><\/div><div class=\"wpr-grid-item-below-content elementor-clearfix\"><div class=\"wpr-grid-item-separator elementor-repeater-item-2fafc75 wpr-grid-item-display-block wpr-grid-item-align-left wpr-grid-sep-style-2\"><div class=\"inner-block\"><span><\/span><\/div><\/div><h2 class=\"wpr-grid-item-title elementor-repeater-item-564d754 wpr-grid-item-display-block wpr-grid-item-align-center wpr-pointer-none wpr-pointer-line-fx wpr-pointer-fx-fade\"><div class=\"inner-block\"><a target=\"_self\"  href=\"https:\/\/reterr.it\/?p=4409\">Giornata Internazionale della Donna: la resistenza ispiratrice delle donne palestinesi<\/a><\/div><\/h2><div class=\"wpr-grid-item-separator elementor-repeater-item-22070f9 wpr-grid-item-display-block wpr-grid-item-align-left wpr-grid-sep-style-1\"><div class=\"inner-block\"><span><\/span><\/div><\/div><div class=\"wpr-grid-item-date elementor-repeater-item-9bc7f57 wpr-grid-item-display-block wpr-grid-item-align-center\"><div class=\"inner-block\"><span>Marzo 2026<\/span><\/div><\/div><\/div><\/div><\/article><\/section>\t\t\t\t<\/div>\n\t\t\t\t<\/div>\n\t\t\t\t<\/div>\n\t\t\t\t<\/div>\n\t\t\t\t\t<\/div>\n\t\t\t\t<\/div>\n\t\t\t\t<\/div>\n\t\t","protected":false},"excerpt":{"rendered":"<p>8 Marzo 2026 Comitato Nazionale BDS (Boycott Divestment Sanctions) Dichiarazione del BDS National Committee Aprile &#8217;25 Negli ultimi anni, nell\u2019ambito della Rete Radi\u00e9 Resch \u00e8 cresciuta la convinzione dell\u2019importanza di costruire reti di collaborazione con le associazioni locali con le quali si condividono impegno e valori di riferimento (antifascismo, giustizia sociale e ambientale, solidariet\u00e0, pace), per dar vita a iniziative territoriali comuni. Qui condividiamo un documento che come ReteRR di Lecco abbiamo preparato per la ReteRR nazionale, per documentare un tema che stiamo affrontando nell\u2019ambito della Tavola lecchese per la Pace. Smilitarizzare l\u2019economia. Un sogno da sognare In questo tempo spaventosamente armato, con un\u2019escalation che pare senza freni verso un\u2019economia militarizzata, potrebbe apparire ingenuo e velleitario impegnarsi per un\u2019economia che converta le catene industriali di produzione di armamenti in produzioni non belliche. \u00c8 un obiettivo ambizioso, persino controverso e drammatico, perch\u00e9 porta la scelta di un percorso verso un\u2019economia pi\u00f9 pacifica ed etica, in basso, nel quotidiano della vita delle persone, nella necessit\u00e0 imprescindibile di avere un lavoro. Realizzare un\u2019economia che non si avvale del mercato della guerra significa non solo ridurre enormi benefici economici per le aziende che prosperano in quel mercato, ma svuotare spazi occupazionali, sottrarre opportunit\u00e0 di lavoro, sovente in aree geografiche impoverite economicamente. Sappiamo che questo \u00e8 pensabile soltanto se si producono proposte alternative credibili non solo sul piano della sostenibilit\u00e0 economica e delle opportunit\u00e0 di lavoro, ma anche della capacit\u00e0 di far fronte alla cultura della difesa attraverso le armi, che sta riemergendo in modo tragico. Ma come sappiamo, molti cambiamenti che hanno prodotto evoluzioni dell\u2019umanit\u00e0 sono iniziati come un sogno. Da utopia di pochi sono diventati movimento e storia umana. La convinzione che le spade dovessero essere sostituite dagli aratri si trova gi\u00e0 nella profezia di Isaia. Fatti drammatici Dai dati sull\u2019import\/export di armi pubblicati il 10 marzo dall\u2019Istituto internazionale di ricerca sulla pace di Stoccolma (Sipri) sappiamo che l\u2019Ucraina \u00e8 il primo Paese importatore mondiale di armamenti nel quinquennio 2020-2024. Nello stesso periodo l\u2019import europeo \u00e8 cresciuto del 155%. Una situazione di cui hanno beneficiato gli Stati Uniti, aumentando le proprie esportazioni belliche fino ad assorbire il 43% del mercato globale. L\u2019Italia \u00e8 il sesto esportatore di armi. L\u2019Italia ha aumentato le esportazioni di armi del 138% nel 2020-24 rispetto al 2015-19, raggiungendo il 4,8% del volume globale. La quota maggiore (71%) \u00e8 stata destinata agli Stati del Medio Oriente Il continente fa ricchi i mercanti d\u2019armi \u2013 Herman Staal \u2013 Internazionale Esperienze e battaglie per la riconversione Tra i primi esemplari tentativi di riconversione dell\u2019economia bellica al civile vi \u00e8 il caso della Lucas Aerospace inglese alla fine degli anni \u201870, dove l\u2019ingegnere e leader sindacale Mike Cooley, promotore di \u201cproduzioni socialmente utili\u201d, ha guidato tecnici, impiegati e operai nello sviluppare prototipi di prodotti alternativi, dalle pompe di calore alle attrezzature sanitarie. Sono gli anni dove in Italia Alberto Tridente, responsabile internazionale della Fim Cisl creava un coordinamento dei delegati dell\u2019industria bellica per accrescere una cultura della consapevolezza e per chiedere una legge per il controllo e la limitazione dell\u2019export delle armi, che porter\u00e0 alla 185\/90. Una legge oggi assediata dagli interessi di un\u2019economia militarizzata che vorrebbe mano libera nelle esportazioni, senza nessun controllo parlamentare. Non molto dopo, la vicenda dell\u2019azienda Aeronautica Macchi di Varese. Elio Pagani e altri lavoratori denunciano la violazione dell\u2019embargo alla vendita di aerei al Sudafrica e dichiarano l\u2019obiezione di coscienza professionale alla produzione di armi, chiedendo il trasferimento ad attivit\u00e0 civili e progetti di riconversione. Come conseguenza nel 1991 viene avviata la cassa integrazione, i lavoratori iniziano uno sciopero della fame, mentre era in corso la prima guerra del Golfo, richiedendo di \u00abconiugare diritto al lavoro e diritto alla pace\u00bb. Le produzioni civili si allargano e il Comitato dei cassaintegrati Aermacchi lancia nuove iniziative ottenendo, nel 1993, la creazione di un\u2019Agenzia regionale lombarda per la riconversione, che operer\u00e0 fino all\u2019insediamento della nuova giunta di centro-destra. Poi la campagna contro la produzione di mine antipersona della Valsella di Brescia, che era produttrice mondiale nel settore. Una campagna che, come sottolinea don Fabio Corazzina, ha una svolta determinante nella logica della riconversione quando le persone del territorio vedono le foto della popolazione cambogiana devastata dalle mine della Valsella. La lotta antimine che vede uniti pacifisti, comunit\u00e0 cristiane e sindacati si espande e, coordinata a livello nazionale e internazionale, porta nel 1997 all\u2019adesione del Trattato di Ottawa per la messa al bando delle mine antipersona, che obbliga alla riconversione della produzione. Un risultato che inizialmente sembrava irraggiungibile. Pi\u00f9 recentemente, per noi di grande ispirazione, \u00e8 quanto si sta realizzando in Sardegna, nella regione del Sulcis Iglesiente, regione ferita dalla crisi mineraria, dove la fabbrica Rwm, del gruppo tedesco Rheinmetall, produce bombe e droni-killer a brevetto israeliano. Nel 2017, con slancio civile \u201cdal basso\u201d, un gruppo di cittadini indignati che nel loro territorio si producessero ordigni mortali diede vita al Comitato per la Riconversione della produzione militare di Rwm. Tra il 2019 e il 2021 il Comitato, insieme ad altre organizzazioni della societ\u00e0 civile e grazie all\u2019azione congiunta di un gruppo di parlamentari, ottiene prima la sospensione e poi la revoca definitiva delle autorizzazioni concesse per l\u2019esportazione di bombe e missili verso l\u2019Arabia Saudita e gli Emirati arabi uniti, al tempo principali clienti dell\u2019azienda. L\u2019azienda reagisce con la scure occupazionale e chiude per alcuni mesi. Poi l\u2019esplosione del conflitto russo-ucraino alimenta di nuove commesse Rwm che riprende a pieno regime, anche grazie alla revoca (governo Meloni, maggio 2023) all\u2019esportazione di armi. Sembrerebbe una sconfitta. In realt\u00e0, nel frattempo, si \u00e8 avviata una visione possibile della riconversione come progetto territoriale sistemico, economico e valoriale. Nel 2021 nasce \u201cWarfree \u2013 L\u00ecberu dae sa gherra\u201d, una rete di imprenditori, commercianti, professionisti impegnati per un\u2019economia \u201cfuori dalla guerra\u201d. Warfree riconiuga l\u2019obiettivo della riconversione non come azione concentrata su un\u2019azienda, ma come un traguardo di sistema, un percorso da affrontare sviluppando un tessuto territoriale di energie, risorse, azioni e iniziative \u00abper nuovi modi di coltivare, produrre, lavorare, abitare, consumare, far turismo in modo etico e<\/p>\n","protected":false},"author":1,"featured_media":1513,"comment_status":"closed","ping_status":"closed","sticky":false,"template":"","format":"standard","meta":{"footnotes":""},"categories":[6],"tags":[],"class_list":["post-1511","post","type-post","status-publish","format-standard","has-post-thumbnail","hentry","category-controinformazione"],"_links":{"self":[{"href":"https:\/\/reterr.it\/index.php?rest_route=\/wp\/v2\/posts\/1511","targetHints":{"allow":["GET"]}}],"collection":[{"href":"https:\/\/reterr.it\/index.php?rest_route=\/wp\/v2\/posts"}],"about":[{"href":"https:\/\/reterr.it\/index.php?rest_route=\/wp\/v2\/types\/post"}],"author":[{"embeddable":true,"href":"https:\/\/reterr.it\/index.php?rest_route=\/wp\/v2\/users\/1"}],"replies":[{"embeddable":true,"href":"https:\/\/reterr.it\/index.php?rest_route=%2Fwp%2Fv2%2Fcomments&post=1511"}],"version-history":[{"count":38,"href":"https:\/\/reterr.it\/index.php?rest_route=\/wp\/v2\/posts\/1511\/revisions"}],"predecessor-version":[{"id":1892,"href":"https:\/\/reterr.it\/index.php?rest_route=\/wp\/v2\/posts\/1511\/revisions\/1892"}],"wp:featuredmedia":[{"embeddable":true,"href":"https:\/\/reterr.it\/index.php?rest_route=\/wp\/v2\/media\/1513"}],"wp:attachment":[{"href":"https:\/\/reterr.it\/index.php?rest_route=%2Fwp%2Fv2%2Fmedia&parent=1511"}],"wp:term":[{"taxonomy":"category","embeddable":true,"href":"https:\/\/reterr.it\/index.php?rest_route=%2Fwp%2Fv2%2Fcategories&post=1511"},{"taxonomy":"post_tag","embeddable":true,"href":"https:\/\/reterr.it\/index.php?rest_route=%2Fwp%2Fv2%2Ftags&post=1511"}],"curies":[{"name":"wp","href":"https:\/\/api.w.org\/{rel}","templated":true}]}}