{"id":1696,"date":"2025-06-26T07:17:02","date_gmt":"2025-06-26T07:17:02","guid":{"rendered":"https:\/\/reterr.it\/?p=1696"},"modified":"2025-10-27T09:00:54","modified_gmt":"2025-10-27T09:00:54","slug":"27-giugno-alessandria-concerto-per-la-pace-promosso-da-anpi-e-fiom-cgil-solidarieta-per-gaza-e-contro-il-riarmo","status":"publish","type":"post","link":"https:\/\/reterr.it\/?p=1696","title":{"rendered":"27 Giugno, Alessandria \u2013 Concerto per la Pace promosso da ANPI e FIOM CGIL: solidariet\u00e0 per Gaza e contro il riarmo"},"content":{"rendered":"<p>8 Marzo 2026 Comitato Nazionale BDS (Boycott Divestment Sanctions) Dichiarazione del BDS National Committee<\/p><p><a href=\"https:\/\/reterr.it\/wp-content\/uploads\/2026\/03\/Donne-palestinesi-rIdwq0KXbxij.png\"><img decoding=\"async\" src=\"https:\/\/reterr.it\/wp-content\/uploads\/2026\/03\/Donne-palestinesi-rIdwq0KXbxij-150x150.png\" width=\"150\" height=\"150\" alt=\"Donne-palestinesi.png\" style=\"display:inline-block\"><\/a> <\/p>\t\t<div data-elementor-type=\"wp-post\" data-elementor-id=\"1696\" class=\"elementor elementor-1696\">\n\t\t\t\t<div class=\"elementor-element elementor-element-20cd3a0 e-flex e-con-boxed elementor-repeater-item-default_padding elementor-repeater-item-none elementor-repeater-item-none_hover e-con e-parent\" data-id=\"20cd3a0\" data-element_type=\"container\" data-settings=\"{&quot;ang_container_spacing_size&quot;:&quot;default_padding&quot;}\">\n\t\t\t\t\t<div class=\"e-con-inner\">\n\t\t\t\t\t<\/div>\n\t\t\t\t<\/div>\n\t\t<div class=\"elementor-element elementor-element-223908c e-flex e-con-boxed elementor-repeater-item-default_padding elementor-repeater-item-none elementor-repeater-item-none_hover e-con e-parent\" data-id=\"223908c\" data-element_type=\"container\" data-settings=\"{&quot;ang_container_spacing_size&quot;:&quot;default_padding&quot;}\">\n\t\t\t\t\t<div class=\"e-con-inner\">\n\t\t<div class=\"elementor-element elementor-element-b3f5f65 e-con-full e-flex elementor-repeater-item-default_padding elementor-repeater-item-none elementor-repeater-item-none_hover e-con e-child\" data-id=\"b3f5f65\" data-element_type=\"container\" data-settings=\"{&quot;ang_container_spacing_size&quot;:&quot;default_padding&quot;}\">\n\t\t\t\t<div class=\"elementor-element elementor-element-d87f344 hfe-post-info-layout-traditional elementor-repeater-item-none elementor-repeater-item-none_hover elementor-widget elementor-widget-post-info-widget\" data-id=\"d87f344\" data-element_type=\"widget\" data-widget_type=\"post-info-widget.default\">\n\t\t\t\t<div class=\"elementor-widget-container\">\n\t\t\t\t\t\t\t<ul class=\"hfe-post-info-items hfe-post-info\">\n\t\t\t\t\t<li class=\"hfe-post-info-item elementor-repeater-item-6f3d730\" itemprop=\"datePublished\"> \n\t\t\t\n\t\t\t\t\t<span class=\"hfe-post-info-text hfe-post-info__item hfe-post-info__item--type-date\">\n\t\t\t\n\t\t\t\t\t\t\tGiugno 2025\t\t\t\t\t<\/span>\n\t\t\n\t\t\t\t\t<\/li>\n\t\t\t\t<\/ul>\n\t\t\t\t\t\t<\/div>\n\t\t\t\t<\/div>\n\t\t\t\t<div class=\"elementor-element elementor-element-a17b72a external_elementor-repeater-item-none_external elementor-repeater-item-none elementor-repeater-item-none_hover elementor-widget elementor-widget-image\" data-id=\"a17b72a\" data-element_type=\"widget\" data-widget_type=\"image.default\">\n\t\t\t\t<div class=\"elementor-widget-container\">\n\t\t\t\t\t\t\t\t\t\t\t\t\t\t\t<img fetchpriority=\"high\" decoding=\"async\" width=\"621\" height=\"876\" src=\"https:\/\/reterr.it\/wp-content\/uploads\/2025\/06\/Screenshot-2025-06-19-alle-23.59.58.webp\" class=\"attachment-large size-large wp-image-1698\" alt=\"\" srcset=\"https:\/\/reterr.it\/wp-content\/uploads\/2025\/06\/Screenshot-2025-06-19-alle-23.59.58.webp 621w, https:\/\/reterr.it\/wp-content\/uploads\/2025\/06\/Screenshot-2025-06-19-alle-23.59.58-213x300.webp 213w\" sizes=\"(max-width: 621px) 100vw, 621px\" \/>\t\t\t\t\t\t\t\t\t\t\t\t\t\t\t<\/div>\n\t\t\t\t<\/div>\n\t\t\t\t<div class=\"elementor-element elementor-element-44f57a9 elementor-repeater-item-shadow_2 elementor-repeater-item-none_hover elementor-widget elementor-widget-text-editor\" data-id=\"44f57a9\" data-element_type=\"widget\" data-widget_type=\"text-editor.default\">\n\t\t\t\t<div class=\"elementor-widget-container\">\n\t\t\t\t\t\t\t\t\t<p class=\"has-text-align-justify\"><strong>Il 27 giugno in Piazza Marconi, ANPI e FIOM CGIL organizzano un concerto per la pace a sostegno dei bambini di Gaza. Iniziativa culturale, civile e umanitaria. Scopri di pi\u00f9 su Alessandria today.<\/strong><\/p><p class=\"has-text-align-justify\">Il 27 giugno 2025, ad Alessandria, Piazza Marconi diventer\u00e0 il cuore pulsante di un\u2019iniziativa civile e musicale dal forte impatto simbolico e sociale: alle ore 21.30 si terr\u00e0 il\u00a0<em>Concerto per la Pace<\/em>\u00a0promosso da ANPI e FIOM CGIL. Un appuntamento che va ben oltre la musica, richiamando i cittadini a una mobilitazione culturale per la convivenza tra i popoli, contro il riarmo e la violenza.<\/p><p class=\"has-text-align-justify\"><strong>\u201cPer la pace \u2013 contro il riarmo \u2013 per la vita\u201d<\/strong>: questo il messaggio centrale che guider\u00e0 l\u2019evento, in aperto dissenso con le politiche di aggressione e militarizzazione in atto, in particolare nei confronti della popolazione palestinese e delle vittime del conflitto nella Striscia di Gaza. Lo slogan risuona come un richiamo alla coscienza collettiva:\u00a0<em>fermare la guerra, fermare la violenza, dire no alla corsa agli armamenti in Italia e in Europa<\/em>.<\/p><p class=\"has-text-align-justify\">Durante la serata sar\u00e0 attiva anche una\u00a0<strong>raccolta fondi<\/strong>, il cui ricavato sar\u00e0 totalmente destinato alla ristrutturazione dei locali della parrocchia di Gaza: una sala giochi e una sala musica per i bambini, senza distinzioni di religione, come segno concreto di speranza e solidariet\u00e0.<\/p><p class=\"has-text-align-justify\">La dichiarazione degli organizzatori \u00e8 chiara:\u00a0<em>\u201cOgni euro ricevuto sar\u00e0 interamente finalizzato a questo progetto umanitario. Garantiamo trasparenza e l\u2019impegno civile che da sempre contraddistingue chi lavora per un mondo pi\u00f9 giusto.\u201d<\/em><\/p><p class=\"has-text-align-justify\">L\u2019invito \u00e8 aperto a tutte e tutti:\u00a0<em>portiamo la nostra voce, la nostra bandiera della pace, la nostra indignazione civile. La pace non \u00e8 neutrale.<\/em><\/p><p class=\"has-text-align-justify\"><strong>Una riflessione conclusiva:<\/strong><br \/>In un tempo in cui i conflitti sembrano moltiplicarsi e la logica della sopraffazione torna a farsi strada nei governi e nei notiziari, iniziative come quella del 27 giugno ad Alessandria non sono solo eventi culturali. Sono atti di resistenza civile, richiami alla memoria storica e affermazioni di un\u2019umanit\u00e0 che rifiuta di essere spettatrice. La musica, in questo caso, diventa uno strumento di unione e denuncia. Perch\u00e9 la pace non \u00e8 silenzio: \u00e8 voce, partecipazione e scelta quotidiana.<\/p><p class=\"has-text-align-justify\"><strong>Seguici anche su Facebook!<\/strong><br \/>Per restare aggiornato su tutte le novit\u00e0, eventi e contenuti esclusivi,\u00a0<strong>seguici sulla nostra pagina ufficiale Facebook:\u00a0<a class=\"\" href=\"https:\/\/www.facebook.com\/alessandriatoday.piercarlolava\/\">Alessandria today \u2013 Pier Carlo Lava<\/a><\/strong>. Unisciti alla nostra community e condividi con noi passioni, idee e riflessioni!<\/p><p class=\"has-text-align-justify\"><strong>Un ringraziamento speciale ai lettori di Alessandria today.<\/strong><br \/>Dal 2018, Alessandria today \u00e8 un punto di riferimento con oltre 141.000 articoli su Cultura, Interviste, Poesie, Cronaca e molto altro. Grazie a voi, il nostro impegno continua a crescere e a raccontare storie che arricchiscono la nostra comunit\u00e0. Visitateci su\u00a0<a class=\"\" href=\"https:\/\/alessandria.today\/\">https:\/\/alessandria.today\/<\/a>\u00a0e italianewsmedia.com per essere parte della nostra avventura. Grazie di cuore per il vostro supporto!<\/p>\t\t\t\t\t\t\t\t<\/div>\n\t\t\t\t<\/div>\n\t\t\t\t<\/div>\n\t\t<div class=\"elementor-element elementor-element-bbfe093 e-con-full e-flex elementor-repeater-item-default_padding elementor-repeater-item-none elementor-repeater-item-none_hover e-con e-child\" data-id=\"bbfe093\" data-element_type=\"container\" data-settings=\"{&quot;ang_container_spacing_size&quot;:&quot;default_padding&quot;}\">\n\t\t<div class=\"elementor-element elementor-element-e257114 e-con-full e-flex elementor-repeater-item-default_padding elementor-repeater-item-none elementor-repeater-item-none_hover e-con e-child\" data-id=\"e257114\" data-element_type=\"container\" data-settings=\"{&quot;ang_container_spacing_size&quot;:&quot;default_padding&quot;}\">\n\t\t\t\t<div class=\"elementor-element elementor-element-aff0cae wpr-grid-columns-1 wpr-item-styles-wrapper wpr-grid-columns--tablet2 wpr-grid-columns--mobile1 elementor-repeater-item-none elementor-repeater-item-none_hover elementor-widget elementor-widget-wpr-grid\" data-id=\"aff0cae\" data-element_type=\"widget\" data-widget_type=\"wpr-grid.default\">\n\t\t\t\t<div class=\"elementor-widget-container\">\n\t\t\t\t\t<ul class=\"wpr-grid-filters elementor-clearfix wpr-grid-filters-sep-right\"><li class=\" wpr-pointer-none wpr-pointer-line-fx wpr-pointer-fx-none\"><span  data-filter=\"*\" class=\"wpr-grid-filters-item wpr-active-filter \">All Posts<\/span><em class=\"wpr-grid-filters-sep\"><\/em><\/li><li data-role=\"parent\" class=\" wpr-pointer-none wpr-pointer-line-fx wpr-pointer-fx-none\"><span   data-ajax-filter=[\"category\",\"controinformazione\"]  data-filter=\".category-controinformazione\">Controinformazione<\/span><em class=\"wpr-grid-filters-sep\"><\/em><\/li><ul data-parent=\".category-controinformazione\" class=\"wpr-sub-filters\"><li data-role=\"back\" class=\" wpr-pointer-none wpr-pointer-line-fx wpr-pointer-fx-none\"><span class=\"wpr-back-filter\"  data-ajax-filter=[\"category\",\"controinformazione\"]  data-filter=\".category-controinformazione\"><i class=\"fas fa-long-arrow-alt-left\"><\/i>&nbsp;&nbsp;Back<\/span><\/li><li data-role=\"sub\" class=\" wpr-pointer-none wpr-pointer-line-fx wpr-pointer-fx-none\"><span   data-ajax-filter=[\"category\",\"segnalazioni\"]  data-filter=\".category-segnalazioni\">Segnalazioni<\/span><em class=\"wpr-grid-filters-sep\"><\/em><\/li><\/ul><\/ul><section class=\"wpr-grid elementor-clearfix\" data-settings=\"{&quot;layout&quot;:&quot;fitRows&quot;,&quot;stick_last_element_to_bottom&quot;:&quot;&quot;,&quot;columns_desktop&quot;:&quot;1&quot;,&quot;gutter_hr&quot;:15,&quot;gutter_hr_mobile&quot;:15,&quot;gutter_hr_mobile_extra&quot;:15,&quot;gutter_hr_tablet&quot;:15,&quot;gutter_hr_tablet_extra&quot;:15,&quot;gutter_hr_laptop&quot;:15,&quot;gutter_hr_widescreen&quot;:15,&quot;gutter_vr&quot;:15,&quot;gutter_vr_mobile&quot;:15,&quot;gutter_vr_mobile_extra&quot;:15,&quot;gutter_vr_tablet&quot;:15,&quot;gutter_vr_tablet_extra&quot;:15,&quot;gutter_vr_laptop&quot;:15,&quot;gutter_vr_widescreen&quot;:15,&quot;animation&quot;:&quot;default&quot;,&quot;animation_duration&quot;:0.3,&quot;animation_delay&quot;:0.1,&quot;deeplinking&quot;:&quot;&quot;,&quot;filters_linkable&quot;:&quot;no&quot;,&quot;filters_default_filter&quot;:&quot;&quot;,&quot;filters_count&quot;:&quot;&quot;,&quot;filters_hide_empty&quot;:&quot;no&quot;,&quot;filters_animation&quot;:&quot;default&quot;,&quot;filters_animation_duration&quot;:0.3,&quot;filters_animation_delay&quot;:0.1,&quot;pagination_type&quot;:&quot;load-more&quot;,&quot;pagination_max_pages&quot;:10,&quot;lightbox&quot;:{&quot;selector&quot;:&quot;.wpr-grid-image-wrap&quot;,&quot;iframeMaxWidth&quot;:&quot;60%&quot;,&quot;hash&quot;:false,&quot;autoplay&quot;:&quot;true&quot;,&quot;pause&quot;:5000,&quot;progressBar&quot;:&quot;true&quot;,&quot;counter&quot;:&quot;true&quot;,&quot;controls&quot;:&quot;true&quot;,&quot;getCaptionFromTitleOrAlt&quot;:&quot;true&quot;,&quot;thumbnail&quot;:&quot;&quot;,&quot;showThumbByDefault&quot;:&quot;&quot;,&quot;share&quot;:&quot;&quot;,&quot;zoom&quot;:&quot;true&quot;,&quot;fullScreen&quot;:&quot;true&quot;,&quot;download&quot;:&quot;true&quot;}}\"><article class=\"wpr-grid-item elementor-clearfix post-4550 post type-post status-publish format-standard has-post-thumbnail hentry category-eventi category-segnalazioni\"><div class=\"wpr-grid-item-inner\"><div class=\"wpr-grid-media-wrap wpr-effect-size-medium \" data-overlay-link=\"yes\"><div class=\"wpr-grid-image-wrap\" data-src=\"https:\/\/reterr.it\/wp-content\/uploads\/2026\/04\/Donazione-300x225.jpeg\" data-img-on-hover=\"\"  data-src-secondary=\"\"><img decoding=\"async\" data-no-lazy=\"1\" src=\"https:\/\/reterr.it\/wp-content\/uploads\/2026\/04\/Donazione-300x225.jpeg\" alt=\"Donazione 5 X mille Rete Radi\u00e9 Resch\" class=\"wpr-anim-timing-ease-default\"><\/div><div class=\"wpr-grid-media-hover wpr-animation-wrap\"><div class=\"wpr-grid-media-hover-bg  wpr-overlay-fade-in wpr-anim-size-large wpr-anim-timing-ease-default wpr-anim-transparency\" data-url=\"https:\/\/reterr.it\/?p=4550\"><\/div><\/div><\/div><div class=\"wpr-grid-item-below-content elementor-clearfix\"><div class=\"wpr-grid-item-separator elementor-repeater-item-ba10332 wpr-grid-item-display-block wpr-grid-item-align-left wpr-grid-sep-style-2\"><div class=\"inner-block\"><span><\/span><\/div><\/div><h2 class=\"wpr-grid-item-title elementor-repeater-item-564d754 wpr-grid-item-display-block wpr-grid-item-align-center wpr-pointer-none wpr-pointer-line-fx wpr-pointer-fx-fade\"><div class=\"inner-block\"><a target=\"_self\"  href=\"https:\/\/reterr.it\/?p=4550\">Donazione 5 X mille Rete Radi\u00e9 Resch<\/a><\/div><\/h2><div class=\"wpr-grid-item-separator elementor-repeater-item-22070f9 wpr-grid-item-display-block wpr-grid-item-align-left wpr-grid-sep-style-1\"><div class=\"inner-block\"><span><\/span><\/div><\/div><div class=\"wpr-grid-item-date elementor-repeater-item-9bc7f57 wpr-grid-item-display-block wpr-grid-item-align-center\"><div class=\"inner-block\"><span>Aprile 2026<\/span><\/div><\/div><\/div><\/div><\/article><article class=\"wpr-grid-item elementor-clearfix post-4544 post type-post status-publish format-standard has-post-thumbnail hentry category-controinformazione\"><div class=\"wpr-grid-item-inner\"><div class=\"wpr-grid-media-wrap wpr-effect-size-medium \" data-overlay-link=\"yes\"><div class=\"wpr-grid-image-wrap\" data-src=\"https:\/\/reterr.it\/wp-content\/uploads\/2026\/04\/PeritoMoreno004-300x198.jpg\" data-img-on-hover=\"\"  data-src-secondary=\"\"><img decoding=\"async\" data-no-lazy=\"1\" src=\"https:\/\/reterr.it\/wp-content\/uploads\/2026\/04\/PeritoMoreno004-300x198.jpg\" alt=\"Le reazione della scienza alla legge argentina che apre allo sfruttamento dei ghiacciai, gi\u00e0 agonizzanti a causa del clima che cambia\" class=\"wpr-anim-timing-ease-default\"><\/div><div class=\"wpr-grid-media-hover wpr-animation-wrap\"><div class=\"wpr-grid-media-hover-bg  wpr-overlay-fade-in wpr-anim-size-large wpr-anim-timing-ease-default wpr-anim-transparency\" data-url=\"https:\/\/reterr.it\/?p=4544\"><\/div><\/div><\/div><div class=\"wpr-grid-item-below-content elementor-clearfix\"><div class=\"wpr-grid-item-separator elementor-repeater-item-ba10332 wpr-grid-item-display-block wpr-grid-item-align-left wpr-grid-sep-style-2\"><div class=\"inner-block\"><span><\/span><\/div><\/div><h2 class=\"wpr-grid-item-title elementor-repeater-item-564d754 wpr-grid-item-display-block wpr-grid-item-align-center wpr-pointer-none wpr-pointer-line-fx wpr-pointer-fx-fade\"><div class=\"inner-block\"><a target=\"_self\"  href=\"https:\/\/reterr.it\/?p=4544\">Le reazione della scienza alla legge argentina che apre allo sfruttamento dei ghiacciai, gi\u00e0 agonizzanti a causa del clima che&hellip;<\/a><\/div><\/h2><div class=\"wpr-grid-item-separator elementor-repeater-item-22070f9 wpr-grid-item-display-block wpr-grid-item-align-left wpr-grid-sep-style-1\"><div class=\"inner-block\"><span><\/span><\/div><\/div><div class=\"wpr-grid-item-date elementor-repeater-item-9bc7f57 wpr-grid-item-display-block wpr-grid-item-align-center\"><div class=\"inner-block\"><span>Aprile 2026<\/span><\/div><\/div><\/div><\/div><\/article><article class=\"wpr-grid-item elementor-clearfix post-4409 post type-post status-publish format-standard has-post-thumbnail hentry category-controinformazione category-eventi\"><div class=\"wpr-grid-item-inner\"><div class=\"wpr-grid-media-wrap wpr-effect-size-medium \" data-overlay-link=\"yes\"><div class=\"wpr-grid-image-wrap\" data-src=\"https:\/\/reterr.it\/wp-content\/uploads\/2026\/03\/Donne-palestinesi-rIdwq0KXbxij-300x191.png\" data-img-on-hover=\"\"  data-src-secondary=\"\"><img decoding=\"async\" data-no-lazy=\"1\" src=\"https:\/\/reterr.it\/wp-content\/uploads\/2026\/03\/Donne-palestinesi-rIdwq0KXbxij-300x191.png\" alt=\"Giornata Internazionale della Donna: la resistenza ispiratrice delle donne palestinesi\" class=\"wpr-anim-timing-ease-default\"><\/div><div class=\"wpr-grid-media-hover wpr-animation-wrap\"><div class=\"wpr-grid-media-hover-bg  wpr-overlay-fade-in wpr-anim-size-large wpr-anim-timing-ease-default wpr-anim-transparency\" data-url=\"https:\/\/reterr.it\/?p=4409\"><\/div><\/div><\/div><div class=\"wpr-grid-item-below-content elementor-clearfix\"><div class=\"wpr-grid-item-separator elementor-repeater-item-ba10332 wpr-grid-item-display-block wpr-grid-item-align-left wpr-grid-sep-style-2\"><div class=\"inner-block\"><span><\/span><\/div><\/div><h2 class=\"wpr-grid-item-title elementor-repeater-item-564d754 wpr-grid-item-display-block wpr-grid-item-align-center wpr-pointer-none wpr-pointer-line-fx wpr-pointer-fx-fade\"><div class=\"inner-block\"><a target=\"_self\"  href=\"https:\/\/reterr.it\/?p=4409\">Giornata Internazionale della Donna: la resistenza ispiratrice delle donne palestinesi<\/a><\/div><\/h2><div class=\"wpr-grid-item-separator elementor-repeater-item-22070f9 wpr-grid-item-display-block wpr-grid-item-align-left wpr-grid-sep-style-1\"><div class=\"inner-block\"><span><\/span><\/div><\/div><div class=\"wpr-grid-item-date elementor-repeater-item-9bc7f57 wpr-grid-item-display-block wpr-grid-item-align-center\"><div class=\"inner-block\"><span>Marzo 2026<\/span><\/div><\/div><\/div><\/div><\/article><\/section>\t\t\t\t<\/div>\n\t\t\t\t<\/div>\n\t\t\t\t<\/div>\n\t\t\t\t<\/div>\n\t\t\t\t\t<\/div>\n\t\t\t\t<\/div>\n\t\t\t\t<\/div>\n\t\t","protected":false},"excerpt":{"rendered":"<p>8 Marzo 2026 Comitato Nazionale BDS (Boycott Divestment Sanctions) Dichiarazione del BDS National Committee Giugno 2025 Il 27 giugno in Piazza Marconi, ANPI e FIOM CGIL organizzano un concerto per la pace a sostegno dei bambini di Gaza. Iniziativa culturale, civile e umanitaria. Scopri di pi\u00f9 su Alessandria today. Il 27 giugno 2025, ad Alessandria, Piazza Marconi diventer\u00e0 il cuore pulsante di un\u2019iniziativa civile e musicale dal forte impatto simbolico e sociale: alle ore 21.30 si terr\u00e0 il\u00a0Concerto per la Pace\u00a0promosso da ANPI e FIOM CGIL. Un appuntamento che va ben oltre la musica, richiamando i cittadini a una mobilitazione culturale per la convivenza tra i popoli, contro il riarmo e la violenza. \u201cPer la pace \u2013 contro il riarmo \u2013 per la vita\u201d: questo il messaggio centrale che guider\u00e0 l\u2019evento, in aperto dissenso con le politiche di aggressione e militarizzazione in atto, in particolare nei confronti della popolazione palestinese e delle vittime del conflitto nella Striscia di Gaza. Lo slogan risuona come un richiamo alla coscienza collettiva:\u00a0fermare la guerra, fermare la violenza, dire no alla corsa agli armamenti in Italia e in Europa. Durante la serata sar\u00e0 attiva anche una\u00a0raccolta fondi, il cui ricavato sar\u00e0 totalmente destinato alla ristrutturazione dei locali della parrocchia di Gaza: una sala giochi e una sala musica per i bambini, senza distinzioni di religione, come segno concreto di speranza e solidariet\u00e0. La dichiarazione degli organizzatori \u00e8 chiara:\u00a0\u201cOgni euro ricevuto sar\u00e0 interamente finalizzato a questo progetto umanitario. Garantiamo trasparenza e l\u2019impegno civile che da sempre contraddistingue chi lavora per un mondo pi\u00f9 giusto.\u201d L\u2019invito \u00e8 aperto a tutte e tutti:\u00a0portiamo la nostra voce, la nostra bandiera della pace, la nostra indignazione civile. La pace non \u00e8 neutrale. Una riflessione conclusiva:In un tempo in cui i conflitti sembrano moltiplicarsi e la logica della sopraffazione torna a farsi strada nei governi e nei notiziari, iniziative come quella del 27 giugno ad Alessandria non sono solo eventi culturali. Sono atti di resistenza civile, richiami alla memoria storica e affermazioni di un\u2019umanit\u00e0 che rifiuta di essere spettatrice. La musica, in questo caso, diventa uno strumento di unione e denuncia. Perch\u00e9 la pace non \u00e8 silenzio: \u00e8 voce, partecipazione e scelta quotidiana. Seguici anche su Facebook!Per restare aggiornato su tutte le novit\u00e0, eventi e contenuti esclusivi,\u00a0seguici sulla nostra pagina ufficiale Facebook:\u00a0Alessandria today \u2013 Pier Carlo Lava. Unisciti alla nostra community e condividi con noi passioni, idee e riflessioni! Un ringraziamento speciale ai lettori di Alessandria today.Dal 2018, Alessandria today \u00e8 un punto di riferimento con oltre 141.000 articoli su Cultura, Interviste, Poesie, Cronaca e molto altro. Grazie a voi, il nostro impegno continua a crescere e a raccontare storie che arricchiscono la nostra comunit\u00e0. Visitateci su\u00a0https:\/\/alessandria.today\/\u00a0e italianewsmedia.com per essere parte della nostra avventura. Grazie di cuore per il vostro supporto! All Posts Controinformazione &nbsp;&nbsp;Back Segnalazioni L\u2019arcivescovo di Torino contro l\u2019immobilit\u00e0 dei capitali Giugno 2025 Le terre rubate, le denunce: come Leone XIV ha difeso le vittime di Sodalicio Giugno 2025 La Coop ritira i prodotti israeliani dai supermercati. E arriva la Gaza Cola Giugno 2025<\/p>\n","protected":false},"author":1,"featured_media":2861,"comment_status":"closed","ping_status":"closed","sticky":false,"template":"","format":"standard","meta":{"footnotes":""},"categories":[6,108],"tags":[],"class_list":["post-1696","post","type-post","status-publish","format-standard","has-post-thumbnail","hentry","category-controinformazione","category-segnalazioni"],"_links":{"self":[{"href":"https:\/\/reterr.it\/index.php?rest_route=\/wp\/v2\/posts\/1696","targetHints":{"allow":["GET"]}}],"collection":[{"href":"https:\/\/reterr.it\/index.php?rest_route=\/wp\/v2\/posts"}],"about":[{"href":"https:\/\/reterr.it\/index.php?rest_route=\/wp\/v2\/types\/post"}],"author":[{"embeddable":true,"href":"https:\/\/reterr.it\/index.php?rest_route=\/wp\/v2\/users\/1"}],"replies":[{"embeddable":true,"href":"https:\/\/reterr.it\/index.php?rest_route=%2Fwp%2Fv2%2Fcomments&post=1696"}],"version-history":[{"count":22,"href":"https:\/\/reterr.it\/index.php?rest_route=\/wp\/v2\/posts\/1696\/revisions"}],"predecessor-version":[{"id":3301,"href":"https:\/\/reterr.it\/index.php?rest_route=\/wp\/v2\/posts\/1696\/revisions\/3301"}],"wp:featuredmedia":[{"embeddable":true,"href":"https:\/\/reterr.it\/index.php?rest_route=\/wp\/v2\/media\/2861"}],"wp:attachment":[{"href":"https:\/\/reterr.it\/index.php?rest_route=%2Fwp%2Fv2%2Fmedia&parent=1696"}],"wp:term":[{"taxonomy":"category","embeddable":true,"href":"https:\/\/reterr.it\/index.php?rest_route=%2Fwp%2Fv2%2Fcategories&post=1696"},{"taxonomy":"post_tag","embeddable":true,"href":"https:\/\/reterr.it\/index.php?rest_route=%2Fwp%2Fv2%2Ftags&post=1696"}],"curies":[{"name":"wp","href":"https:\/\/api.w.org\/{rel}","templated":true}]}}