{"id":1738,"date":"2025-06-26T07:35:02","date_gmt":"2025-06-26T07:35:02","guid":{"rendered":"https:\/\/reterr.it\/?p=1738"},"modified":"2025-10-27T08:56:20","modified_gmt":"2025-10-27T08:56:20","slug":"le-terre-rubate-le-denunce-come-leone-xiv-ha-difeso-le-vittime-di-sodalicio","status":"publish","type":"post","link":"https:\/\/reterr.it\/?p=1738","title":{"rendered":"Le terre rubate, le denunce: come Leone XIV ha difeso le vittime di Sodalicio"},"content":{"rendered":"<p>8 Marzo 2026 Comitato Nazionale BDS (Boycott Divestment Sanctions) Dichiarazione del BDS National Committee<\/p><p><a href=\"https:\/\/reterr.it\/wp-content\/uploads\/2026\/03\/Donne-palestinesi-rIdwq0KXbxij.png\"><img decoding=\"async\" src=\"https:\/\/reterr.it\/wp-content\/uploads\/2026\/03\/Donne-palestinesi-rIdwq0KXbxij-150x150.png\" width=\"150\" height=\"150\" alt=\"Donne-palestinesi.png\" style=\"display:inline-block\"><\/a> <\/p>\t\t<div data-elementor-type=\"wp-post\" data-elementor-id=\"1738\" class=\"elementor elementor-1738\">\n\t\t\t\t<div class=\"elementor-element elementor-element-20cd3a0 e-flex e-con-boxed elementor-repeater-item-default_padding elementor-repeater-item-none elementor-repeater-item-none_hover e-con e-parent\" data-id=\"20cd3a0\" data-element_type=\"container\" data-settings=\"{&quot;ang_container_spacing_size&quot;:&quot;default_padding&quot;}\">\n\t\t\t\t\t<div class=\"e-con-inner\">\n\t\t\t\t\t<\/div>\n\t\t\t\t<\/div>\n\t\t<div class=\"elementor-element elementor-element-223908c e-flex e-con-boxed elementor-repeater-item-default_padding elementor-repeater-item-none elementor-repeater-item-none_hover e-con e-parent\" data-id=\"223908c\" data-element_type=\"container\" data-settings=\"{&quot;ang_container_spacing_size&quot;:&quot;default_padding&quot;}\">\n\t\t\t\t\t<div class=\"e-con-inner\">\n\t\t<div class=\"elementor-element elementor-element-b3f5f65 e-con-full e-flex elementor-repeater-item-default_padding elementor-repeater-item-none elementor-repeater-item-none_hover e-con e-child\" data-id=\"b3f5f65\" data-element_type=\"container\" data-settings=\"{&quot;ang_container_spacing_size&quot;:&quot;default_padding&quot;}\">\n\t\t\t\t<div class=\"elementor-element elementor-element-162cd25 hfe-post-info-layout-traditional elementor-repeater-item-none elementor-repeater-item-none_hover elementor-widget elementor-widget-post-info-widget\" data-id=\"162cd25\" data-element_type=\"widget\" data-widget_type=\"post-info-widget.default\">\n\t\t\t\t<div class=\"elementor-widget-container\">\n\t\t\t\t\t\t\t<ul class=\"hfe-post-info-items hfe-post-info\">\n\t\t\t\t\t<li class=\"hfe-post-info-item elementor-repeater-item-4aff333\" itemprop=\"datePublished\"> \n\t\t\t\n\t\t\t\t\t<span class=\"hfe-post-info-text hfe-post-info__item hfe-post-info__item--type-date\">\n\t\t\t\n\t\t\t\t\t\t\tGiugno 2025\t\t\t\t\t<\/span>\n\t\t\n\t\t\t\t\t<\/li>\n\t\t\t\t<\/ul>\n\t\t\t\t\t\t<\/div>\n\t\t\t\t<\/div>\n\t\t\t\t<div class=\"elementor-element elementor-element-a17b72a external_elementor-repeater-item-none_external elementor-repeater-item-none elementor-repeater-item-none_hover elementor-widget elementor-widget-image\" data-id=\"a17b72a\" data-element_type=\"widget\" data-widget_type=\"image.default\">\n\t\t\t\t<div class=\"elementor-widget-container\">\n\t\t\t\t\t\t\t\t\t\t\t\t\t\t\t<img fetchpriority=\"high\" decoding=\"async\" width=\"800\" height=\"533\" src=\"https:\/\/reterr.it\/wp-content\/uploads\/2025\/06\/Immagine-20250515_170227.jpg\" class=\"attachment-large size-large wp-image-1740\" alt=\"\" srcset=\"https:\/\/reterr.it\/wp-content\/uploads\/2025\/06\/Immagine-20250515_170227.jpg 1024w, https:\/\/reterr.it\/wp-content\/uploads\/2025\/06\/Immagine-20250515_170227-300x200.jpg 300w, https:\/\/reterr.it\/wp-content\/uploads\/2025\/06\/Immagine-20250515_170227-768x512.jpg 768w\" sizes=\"(max-width: 800px) 100vw, 800px\" \/>\t\t\t\t\t\t\t\t\t\t\t\t\t\t\t<\/div>\n\t\t\t\t<\/div>\n\t\t\t\t<div class=\"elementor-element elementor-element-44f57a9 elementor-repeater-item-shadow_2 elementor-repeater-item-none_hover elementor-widget elementor-widget-text-editor\" data-id=\"44f57a9\" data-element_type=\"widget\" data-widget_type=\"text-editor.default\">\n\t\t\t\t<div class=\"elementor-widget-container\">\n\t\t\t\t\t\t\t\t\t<h3>Tra le varie accuse contro il gruppo fondato da Figari e ora sciolto anche il furto di terreni ai danni della comunit\u00e0 indigena di Catacaos: \u00abRobert Prevost \u00e8 stato tra i pochi ad ascoltarci\u00bb<\/h3><p>La sabbia \u00e8 candida. Al fondo, per\u00f2, non c\u2019\u00e8 il mare. Solo dune che sembrano rincorrersi all\u2019infinito. Orme di piedi scompaiono e ricompaiono, rivelando la presenza umana. Pian piano, nella luce evanescente del tramonto, spunta una \u201cmajada\u201d, rifugio in cui dimorano pastori e contadini Tall\u00e1n.\u00a0<b>Sono loro il popolo del \u201cdeserto bianco\u201d. Trentamila indigeni divisi in piccoli gruppi sull\u2019altopiano arido della regione di Piura: uno di questi \u00e8 la comunit\u00e0 di San Juan Bautista di Catacaos, raggiungibile solo in motocarrozzella. Le sue duecento famiglie hanno festeggiato l\u20198 maggio scorso quando &#8211; con un po\u2019 di ritardo a causa delle difficolt\u00e0 di ricezione del cellulare &#8211; hanno sentito risuonare il nome di Robert Prevost in diretta globale<\/b>. \u00ab\u00c8 arrivata la giustizia divina! Quella umana ci ha abbandonati. Non sa quanti sforzi abbiamo fatto per pagare degli avvocati che poi ci ingannavano\u2026. Ma Dio ci \u00e8 venuto in soccorso\u00bb, dice con visibile emozione Paola Sandoval.<\/p><p>\u00c8 stato il Sodalicio de vida cristiana a far incrociare i percorsi di questo frammento remoto e povero di Per\u00f9 con quelli di due Papi: Francesco e Leone XIV.<b>\u00a0Entrambi sono stati tra i pochi a rifiutare, dentro e fuori la Chiesa, di volgere lo sguardo dall\u2019altra parte di fronte ai soprusi, sempre pi\u00f9 evidenti, della societ\u00e0 di vita apostolica ultra-fondamentalista, fondata nel 1971 dal laico Luis Carlos Figari\u00a0<\/b>e diventata sempre pi\u00f9 potente grazie ai rapporti con l\u2019\u00e9lite politica ed economica.\u00a0<b>Lo scandalo \u00e8 esploso nel 2015 grazie al libro-inchiesta \u201cMitad monjes, mitad soldatos\u201d (Planeta) della giornalista Paola Ugaz e del collega, nonch\u00e9 ex membro del gruppo, Pedro Salinas<\/b>. Per il loro lavoro, entrambi hanno subito denunce e vessazioni, come racconta ora &#8220;Proyecto Ugaz&#8221;, spettacolo teatrale in scena a Lima.\u00a0<b>Nell&#8217;occasione, Leone XIV ha inviato un messaggio in cui ringrazia i giornalisti che cercano la verit\u00e0<\/b>. \u00abOvunque un giornalista venga messo a tacere, si indebolisce la democrazia\u00bb. E ha sottolineato l&#8217;importanza di \u00abRadicare in tutta la Chiesa una cultura della prevenzione che non tolleri alcuna forma di abuso: n\u00e9 di potere o di autorit\u00e0, n\u00e9 di coscienza o di spiritualit\u00e0, n\u00e9 di abuso sessuale\u00bb.<\/p><p>\u00abIn seguito, ci siamo resi conto che c\u2019era perfino di pi\u00f9 degli abusi fisici e psicologici: loschi giri di affari che avevano consentito a Sodalicio di accumulare un patrimonio di oltre un miliardo di dollari\u00bb, sottolinea la reporter che ha in programma un nuovo saggio sul tema.<b>\u00a0In questa rete sarebbe rimasta intrappolata anche la comunit\u00e0 di Catacaos<\/b>. \u00abNel 1998, con la complicit\u00e0 di alcuni abitanti e evidenti raggiri, i suoi terreni sono stati ceduti a una serie di imprese legate a Sodalicio e a uno dei suoi uomini principali, il precedente vescovo di Piura e Tumbes, Jos\u00e9 Antonio Eguren. A partire dal 2011, i pastori hanno iniziato a ricevere le ingiunzioni di sgombero\u00bb, spiega\u00a0<b>Carlos Rodr\u00edguez della Coordinadora nacional de derechos humanos, rete di oltre 70 organizzazioni impegnate nella difesa dei diritti umani<\/b>. \u00abChi rifiutava di andarsene \u2013 prosegue \u2013 subiva vessazioni e minacce: una trentina di contadini \u00e8 stata denunciata per usurpazione, furto aggravato, perfino terrorismo. Casi montati ad arte per spaventarli, come conferma la successiva archiviazione\u00bb.<\/p><p>Il loro grido, unito a quelle delle decine di sopravvissuti alle violenze, \u00e8 riuscito ad arrivare in Vaticano anche grazie al sostegno dell\u2019allora\u00a0<b>vescovo di Chiclayo poi diventato prefetto del Dicastero per i vescovi. Una conferma indiretta sono le false accuse di avere coperto un sacerdote accusato di abusi mosse contro di lui prima del Conclave dalla galassia di media vicini al Sodalicio<\/b>. Gli interessati non hanno dubbi. \u00abQuesto processo ha coinvolto due Pontefici: Francesco, che ha preso decisioni chiave, e Leone XIV che, prima di essere eletto Papa, ci ha appoggiati\u00bb, si legge nel primo comunicato congiunto tra tutte le vittime dell\u2019organizzazione per chiedere al nuovo Vescovo di Roma di riceverli e di proseguire \u00absulla strada intrapresa\u00bb.<b>\u00a0Snodo centrale del percorso \u00e8 stata la missione di monsignor Charles Scicluna e di padre Jordi Bertomeu, nell\u2019estate 2023, per fare luce sulla vicenda<\/b>. \u00abIl 26 luglio, sette rappresentanti della comunit\u00e0 si sono recati nella capitale per incontrarli \u2013 racconta Marcelino Ynga, uno dei leader di San Juan Bautista de Catacaos \u2013. Siamo rimasti con loro dalle 9 alle 14. Abbiamo descritto nei dettagli come ci maltrattavano per cacciarci. A sostegno delle nostre accuse, abbiamo portato un pacco pieno di prove e documenti. Alla fine erano commossi\u00bb.<\/p><p>\u00abPer la prima volta qualcuno ci ha davvero ascoltati\u00bb, dice tra i singhiozzi\u00a0<b>Fiorela Mart\u00ednez, moglie di Guadalupe Zapata, ucciso l\u20198 dicembre 2011 da un commando spedito a espellere i contadini<\/b>. \u00abDopo la riunione che ci ha dato fiducia,<b>\u00a0il 28 febbraio successivo, su consiglio di Paola Ugaz, abbiamo scritto a monsignor Prevost rivolgendogli tre richieste<\/b>: la rimozione del vescovo di Piura, lo scioglimento di Sodalicio e l\u2019avvio di un processo di riparazione per le vittime \u2013 sottolinea Rodr\u00edguez -. Come nel suo stile, ha risposto con i fatti. Il 2 aprile 2024, la Santa Sede ha accettato le dimissioni anticipate di Eguren. In realt\u00e0 era stato il Vaticano a chiedergli di farsi da parte, come ha affermato lui stesso in pi\u00f9 occasioni\u00bb. L\u2019uscita di scena di quest\u2019ultimo ha segnato\u00a0<b>l\u2019inizio della fine di Sodalicio, dissolto definitivamente il 14 aprile scorso<\/b>. Uno degli ultimi decreti firmati da papa Francesco il quale, un anno prima, nel giorno dell\u2019anniversario della fondazione, aveva inviato un video-messaggio di saluto alla comunit\u00e0, esortandola a \u00abnon lasciarsi rubare la terra\u00bbLa minaccia persiste.<b>\u00a0Per questo, i contadini di Catacaos sperano nel lavoro di padre Bertomeu, commissario pontificio per la liquidazione di Sodalicio, di cui hanno chiesto al Vaticano di sostenere il lavoro<\/b>. Molti beni dell\u2019organizzazione potrebbero, per\u00f2, essere stati investiti in societ\u00e0 offshore negli Usa. Da qui la richiesta di andare avanti nell\u2019idea, gi\u00e0 espressa da Bertomeu, di portare il caso di fronte alla giustizia statunitense.<\/p>\t\t\t\t\t\t\t\t<\/div>\n\t\t\t\t<\/div>\n\t\t\t\t<\/div>\n\t\t<div class=\"elementor-element elementor-element-bbfe093 e-con-full e-flex elementor-repeater-item-default_padding elementor-repeater-item-none elementor-repeater-item-none_hover e-con e-child\" data-id=\"bbfe093\" data-element_type=\"container\" data-settings=\"{&quot;ang_container_spacing_size&quot;:&quot;default_padding&quot;}\">\n\t\t<div class=\"elementor-element elementor-element-e257114 e-con-full e-flex elementor-repeater-item-default_padding elementor-repeater-item-none elementor-repeater-item-none_hover e-con e-child\" data-id=\"e257114\" data-element_type=\"container\" data-settings=\"{&quot;ang_container_spacing_size&quot;:&quot;default_padding&quot;}\">\n\t\t\t\t<div class=\"elementor-element elementor-element-aff0cae wpr-grid-columns-1 wpr-item-styles-wrapper wpr-grid-columns--tablet2 wpr-grid-columns--mobile1 elementor-repeater-item-none elementor-repeater-item-none_hover elementor-widget elementor-widget-wpr-grid\" data-id=\"aff0cae\" data-element_type=\"widget\" data-widget_type=\"wpr-grid.default\">\n\t\t\t\t<div class=\"elementor-widget-container\">\n\t\t\t\t\t<ul class=\"wpr-grid-filters elementor-clearfix wpr-grid-filters-sep-right\"><li class=\" wpr-pointer-none wpr-pointer-line-fx wpr-pointer-fx-none\"><span  data-filter=\"*\" class=\"wpr-grid-filters-item wpr-active-filter \">All Posts<\/span><em class=\"wpr-grid-filters-sep\"><\/em><\/li><li data-role=\"parent\" class=\" wpr-pointer-none wpr-pointer-line-fx wpr-pointer-fx-none\"><span   data-ajax-filter=[\"category\",\"controinformazione\"]  data-filter=\".category-controinformazione\">Controinformazione<\/span><em class=\"wpr-grid-filters-sep\"><\/em><\/li><ul data-parent=\".category-controinformazione\" class=\"wpr-sub-filters\"><li data-role=\"back\" class=\" wpr-pointer-none wpr-pointer-line-fx wpr-pointer-fx-none\"><span class=\"wpr-back-filter\"  data-ajax-filter=[\"category\",\"controinformazione\"]  data-filter=\".category-controinformazione\"><i class=\"fas fa-long-arrow-alt-left\"><\/i>&nbsp;&nbsp;Back<\/span><\/li><li data-role=\"sub\" class=\" wpr-pointer-none wpr-pointer-line-fx wpr-pointer-fx-none\"><span   data-ajax-filter=[\"category\",\"segnalazioni\"]  data-filter=\".category-segnalazioni\">Segnalazioni<\/span><em class=\"wpr-grid-filters-sep\"><\/em><\/li><\/ul><\/ul><section class=\"wpr-grid elementor-clearfix\" data-settings=\"{&quot;layout&quot;:&quot;fitRows&quot;,&quot;stick_last_element_to_bottom&quot;:&quot;&quot;,&quot;columns_desktop&quot;:&quot;1&quot;,&quot;gutter_hr&quot;:15,&quot;gutter_hr_mobile&quot;:15,&quot;gutter_hr_mobile_extra&quot;:15,&quot;gutter_hr_tablet&quot;:15,&quot;gutter_hr_tablet_extra&quot;:15,&quot;gutter_hr_laptop&quot;:15,&quot;gutter_hr_widescreen&quot;:15,&quot;gutter_vr&quot;:15,&quot;gutter_vr_mobile&quot;:15,&quot;gutter_vr_mobile_extra&quot;:15,&quot;gutter_vr_tablet&quot;:15,&quot;gutter_vr_tablet_extra&quot;:15,&quot;gutter_vr_laptop&quot;:15,&quot;gutter_vr_widescreen&quot;:15,&quot;animation&quot;:&quot;default&quot;,&quot;animation_duration&quot;:0.3,&quot;animation_delay&quot;:0.1,&quot;deeplinking&quot;:&quot;&quot;,&quot;filters_linkable&quot;:&quot;no&quot;,&quot;filters_default_filter&quot;:&quot;&quot;,&quot;filters_count&quot;:&quot;&quot;,&quot;filters_hide_empty&quot;:&quot;no&quot;,&quot;filters_animation&quot;:&quot;default&quot;,&quot;filters_animation_duration&quot;:0.3,&quot;filters_animation_delay&quot;:0.1,&quot;pagination_type&quot;:&quot;load-more&quot;,&quot;pagination_max_pages&quot;:10,&quot;lightbox&quot;:{&quot;selector&quot;:&quot;.wpr-grid-image-wrap&quot;,&quot;iframeMaxWidth&quot;:&quot;60%&quot;,&quot;hash&quot;:false,&quot;autoplay&quot;:&quot;true&quot;,&quot;pause&quot;:5000,&quot;progressBar&quot;:&quot;true&quot;,&quot;counter&quot;:&quot;true&quot;,&quot;controls&quot;:&quot;true&quot;,&quot;getCaptionFromTitleOrAlt&quot;:&quot;true&quot;,&quot;thumbnail&quot;:&quot;&quot;,&quot;showThumbByDefault&quot;:&quot;&quot;,&quot;share&quot;:&quot;&quot;,&quot;zoom&quot;:&quot;true&quot;,&quot;fullScreen&quot;:&quot;true&quot;,&quot;download&quot;:&quot;true&quot;}}\"><article class=\"wpr-grid-item elementor-clearfix post-4550 post type-post status-publish format-standard has-post-thumbnail hentry category-eventi category-segnalazioni\"><div class=\"wpr-grid-item-inner\"><div class=\"wpr-grid-media-wrap wpr-effect-size-medium \" data-overlay-link=\"yes\"><div class=\"wpr-grid-image-wrap\" data-src=\"https:\/\/reterr.it\/wp-content\/uploads\/2026\/04\/Donazione-300x225.jpeg\" data-img-on-hover=\"\"  data-src-secondary=\"\"><img decoding=\"async\" data-no-lazy=\"1\" src=\"https:\/\/reterr.it\/wp-content\/uploads\/2026\/04\/Donazione-300x225.jpeg\" alt=\"Donazione 5 X mille Rete Radi\u00e9 Resch\" class=\"wpr-anim-timing-ease-default\"><\/div><div class=\"wpr-grid-media-hover wpr-animation-wrap\"><div class=\"wpr-grid-media-hover-bg  wpr-overlay-fade-in wpr-anim-size-large wpr-anim-timing-ease-default wpr-anim-transparency\" data-url=\"https:\/\/reterr.it\/?p=4550\"><\/div><\/div><\/div><div class=\"wpr-grid-item-below-content elementor-clearfix\"><div class=\"wpr-grid-item-separator elementor-repeater-item-ba10332 wpr-grid-item-display-block wpr-grid-item-align-left wpr-grid-sep-style-2\"><div class=\"inner-block\"><span><\/span><\/div><\/div><h2 class=\"wpr-grid-item-title elementor-repeater-item-564d754 wpr-grid-item-display-block wpr-grid-item-align-center wpr-pointer-none wpr-pointer-line-fx wpr-pointer-fx-fade\"><div class=\"inner-block\"><a target=\"_self\"  href=\"https:\/\/reterr.it\/?p=4550\">Donazione 5 X mille Rete Radi\u00e9 Resch<\/a><\/div><\/h2><div class=\"wpr-grid-item-separator elementor-repeater-item-22070f9 wpr-grid-item-display-block wpr-grid-item-align-left wpr-grid-sep-style-1\"><div class=\"inner-block\"><span><\/span><\/div><\/div><div class=\"wpr-grid-item-date elementor-repeater-item-9bc7f57 wpr-grid-item-display-block wpr-grid-item-align-center\"><div class=\"inner-block\"><span>Aprile 2026<\/span><\/div><\/div><\/div><\/div><\/article><article class=\"wpr-grid-item elementor-clearfix post-4544 post type-post status-publish format-standard has-post-thumbnail hentry category-controinformazione\"><div class=\"wpr-grid-item-inner\"><div class=\"wpr-grid-media-wrap wpr-effect-size-medium \" data-overlay-link=\"yes\"><div class=\"wpr-grid-image-wrap\" data-src=\"https:\/\/reterr.it\/wp-content\/uploads\/2026\/04\/PeritoMoreno004-300x198.jpg\" data-img-on-hover=\"\"  data-src-secondary=\"\"><img decoding=\"async\" data-no-lazy=\"1\" src=\"https:\/\/reterr.it\/wp-content\/uploads\/2026\/04\/PeritoMoreno004-300x198.jpg\" alt=\"Le reazione della scienza alla legge argentina che apre allo sfruttamento dei ghiacciai, gi\u00e0 agonizzanti a causa del clima che cambia\" class=\"wpr-anim-timing-ease-default\"><\/div><div class=\"wpr-grid-media-hover wpr-animation-wrap\"><div class=\"wpr-grid-media-hover-bg  wpr-overlay-fade-in wpr-anim-size-large wpr-anim-timing-ease-default wpr-anim-transparency\" data-url=\"https:\/\/reterr.it\/?p=4544\"><\/div><\/div><\/div><div class=\"wpr-grid-item-below-content elementor-clearfix\"><div class=\"wpr-grid-item-separator elementor-repeater-item-ba10332 wpr-grid-item-display-block wpr-grid-item-align-left wpr-grid-sep-style-2\"><div class=\"inner-block\"><span><\/span><\/div><\/div><h2 class=\"wpr-grid-item-title elementor-repeater-item-564d754 wpr-grid-item-display-block wpr-grid-item-align-center wpr-pointer-none wpr-pointer-line-fx wpr-pointer-fx-fade\"><div class=\"inner-block\"><a target=\"_self\"  href=\"https:\/\/reterr.it\/?p=4544\">Le reazione della scienza alla legge argentina che apre allo sfruttamento dei ghiacciai, gi\u00e0 agonizzanti a causa del clima che&hellip;<\/a><\/div><\/h2><div class=\"wpr-grid-item-separator elementor-repeater-item-22070f9 wpr-grid-item-display-block wpr-grid-item-align-left wpr-grid-sep-style-1\"><div class=\"inner-block\"><span><\/span><\/div><\/div><div class=\"wpr-grid-item-date elementor-repeater-item-9bc7f57 wpr-grid-item-display-block wpr-grid-item-align-center\"><div class=\"inner-block\"><span>Aprile 2026<\/span><\/div><\/div><\/div><\/div><\/article><article class=\"wpr-grid-item elementor-clearfix post-4409 post type-post status-publish format-standard has-post-thumbnail hentry category-controinformazione category-eventi\"><div class=\"wpr-grid-item-inner\"><div class=\"wpr-grid-media-wrap wpr-effect-size-medium \" data-overlay-link=\"yes\"><div class=\"wpr-grid-image-wrap\" data-src=\"https:\/\/reterr.it\/wp-content\/uploads\/2026\/03\/Donne-palestinesi-rIdwq0KXbxij-300x191.png\" data-img-on-hover=\"\"  data-src-secondary=\"\"><img decoding=\"async\" data-no-lazy=\"1\" src=\"https:\/\/reterr.it\/wp-content\/uploads\/2026\/03\/Donne-palestinesi-rIdwq0KXbxij-300x191.png\" alt=\"Giornata Internazionale della Donna: la resistenza ispiratrice delle donne palestinesi\" class=\"wpr-anim-timing-ease-default\"><\/div><div class=\"wpr-grid-media-hover wpr-animation-wrap\"><div class=\"wpr-grid-media-hover-bg  wpr-overlay-fade-in wpr-anim-size-large wpr-anim-timing-ease-default wpr-anim-transparency\" data-url=\"https:\/\/reterr.it\/?p=4409\"><\/div><\/div><\/div><div class=\"wpr-grid-item-below-content elementor-clearfix\"><div class=\"wpr-grid-item-separator elementor-repeater-item-ba10332 wpr-grid-item-display-block wpr-grid-item-align-left wpr-grid-sep-style-2\"><div class=\"inner-block\"><span><\/span><\/div><\/div><h2 class=\"wpr-grid-item-title elementor-repeater-item-564d754 wpr-grid-item-display-block wpr-grid-item-align-center wpr-pointer-none wpr-pointer-line-fx wpr-pointer-fx-fade\"><div class=\"inner-block\"><a target=\"_self\"  href=\"https:\/\/reterr.it\/?p=4409\">Giornata Internazionale della Donna: la resistenza ispiratrice delle donne palestinesi<\/a><\/div><\/h2><div class=\"wpr-grid-item-separator elementor-repeater-item-22070f9 wpr-grid-item-display-block wpr-grid-item-align-left wpr-grid-sep-style-1\"><div class=\"inner-block\"><span><\/span><\/div><\/div><div class=\"wpr-grid-item-date elementor-repeater-item-9bc7f57 wpr-grid-item-display-block wpr-grid-item-align-center\"><div class=\"inner-block\"><span>Marzo 2026<\/span><\/div><\/div><\/div><\/div><\/article><\/section>\t\t\t\t<\/div>\n\t\t\t\t<\/div>\n\t\t\t\t<\/div>\n\t\t\t\t<\/div>\n\t\t\t\t\t<\/div>\n\t\t\t\t<\/div>\n\t\t\t\t<\/div>\n\t\t","protected":false},"excerpt":{"rendered":"<p>8 Marzo 2026 Comitato Nazionale BDS (Boycott Divestment Sanctions) Dichiarazione del BDS National Committee Giugno 2025 Tra le varie accuse contro il gruppo fondato da Figari e ora sciolto anche il furto di terreni ai danni della comunit\u00e0 indigena di Catacaos: \u00abRobert Prevost \u00e8 stato tra i pochi ad ascoltarci\u00bb La sabbia \u00e8 candida. Al fondo, per\u00f2, non c\u2019\u00e8 il mare. Solo dune che sembrano rincorrersi all\u2019infinito. Orme di piedi scompaiono e ricompaiono, rivelando la presenza umana. Pian piano, nella luce evanescente del tramonto, spunta una \u201cmajada\u201d, rifugio in cui dimorano pastori e contadini Tall\u00e1n.\u00a0Sono loro il popolo del \u201cdeserto bianco\u201d. Trentamila indigeni divisi in piccoli gruppi sull\u2019altopiano arido della regione di Piura: uno di questi \u00e8 la comunit\u00e0 di San Juan Bautista di Catacaos, raggiungibile solo in motocarrozzella. Le sue duecento famiglie hanno festeggiato l\u20198 maggio scorso quando &#8211; con un po\u2019 di ritardo a causa delle difficolt\u00e0 di ricezione del cellulare &#8211; hanno sentito risuonare il nome di Robert Prevost in diretta globale. \u00ab\u00c8 arrivata la giustizia divina! Quella umana ci ha abbandonati. Non sa quanti sforzi abbiamo fatto per pagare degli avvocati che poi ci ingannavano\u2026. Ma Dio ci \u00e8 venuto in soccorso\u00bb, dice con visibile emozione Paola Sandoval. \u00c8 stato il Sodalicio de vida cristiana a far incrociare i percorsi di questo frammento remoto e povero di Per\u00f9 con quelli di due Papi: Francesco e Leone XIV.\u00a0Entrambi sono stati tra i pochi a rifiutare, dentro e fuori la Chiesa, di volgere lo sguardo dall\u2019altra parte di fronte ai soprusi, sempre pi\u00f9 evidenti, della societ\u00e0 di vita apostolica ultra-fondamentalista, fondata nel 1971 dal laico Luis Carlos Figari\u00a0e diventata sempre pi\u00f9 potente grazie ai rapporti con l\u2019\u00e9lite politica ed economica.\u00a0Lo scandalo \u00e8 esploso nel 2015 grazie al libro-inchiesta \u201cMitad monjes, mitad soldatos\u201d (Planeta) della giornalista Paola Ugaz e del collega, nonch\u00e9 ex membro del gruppo, Pedro Salinas. Per il loro lavoro, entrambi hanno subito denunce e vessazioni, come racconta ora &#8220;Proyecto Ugaz&#8221;, spettacolo teatrale in scena a Lima.\u00a0Nell&#8217;occasione, Leone XIV ha inviato un messaggio in cui ringrazia i giornalisti che cercano la verit\u00e0. \u00abOvunque un giornalista venga messo a tacere, si indebolisce la democrazia\u00bb. E ha sottolineato l&#8217;importanza di \u00abRadicare in tutta la Chiesa una cultura della prevenzione che non tolleri alcuna forma di abuso: n\u00e9 di potere o di autorit\u00e0, n\u00e9 di coscienza o di spiritualit\u00e0, n\u00e9 di abuso sessuale\u00bb. \u00abIn seguito, ci siamo resi conto che c\u2019era perfino di pi\u00f9 degli abusi fisici e psicologici: loschi giri di affari che avevano consentito a Sodalicio di accumulare un patrimonio di oltre un miliardo di dollari\u00bb, sottolinea la reporter che ha in programma un nuovo saggio sul tema.\u00a0In questa rete sarebbe rimasta intrappolata anche la comunit\u00e0 di Catacaos. \u00abNel 1998, con la complicit\u00e0 di alcuni abitanti e evidenti raggiri, i suoi terreni sono stati ceduti a una serie di imprese legate a Sodalicio e a uno dei suoi uomini principali, il precedente vescovo di Piura e Tumbes, Jos\u00e9 Antonio Eguren. A partire dal 2011, i pastori hanno iniziato a ricevere le ingiunzioni di sgombero\u00bb, spiega\u00a0Carlos Rodr\u00edguez della Coordinadora nacional de derechos humanos, rete di oltre 70 organizzazioni impegnate nella difesa dei diritti umani. \u00abChi rifiutava di andarsene \u2013 prosegue \u2013 subiva vessazioni e minacce: una trentina di contadini \u00e8 stata denunciata per usurpazione, furto aggravato, perfino terrorismo. Casi montati ad arte per spaventarli, come conferma la successiva archiviazione\u00bb. Il loro grido, unito a quelle delle decine di sopravvissuti alle violenze, \u00e8 riuscito ad arrivare in Vaticano anche grazie al sostegno dell\u2019allora\u00a0vescovo di Chiclayo poi diventato prefetto del Dicastero per i vescovi. Una conferma indiretta sono le false accuse di avere coperto un sacerdote accusato di abusi mosse contro di lui prima del Conclave dalla galassia di media vicini al Sodalicio. Gli interessati non hanno dubbi. \u00abQuesto processo ha coinvolto due Pontefici: Francesco, che ha preso decisioni chiave, e Leone XIV che, prima di essere eletto Papa, ci ha appoggiati\u00bb, si legge nel primo comunicato congiunto tra tutte le vittime dell\u2019organizzazione per chiedere al nuovo Vescovo di Roma di riceverli e di proseguire \u00absulla strada intrapresa\u00bb.\u00a0Snodo centrale del percorso \u00e8 stata la missione di monsignor Charles Scicluna e di padre Jordi Bertomeu, nell\u2019estate 2023, per fare luce sulla vicenda. \u00abIl 26 luglio, sette rappresentanti della comunit\u00e0 si sono recati nella capitale per incontrarli \u2013 racconta Marcelino Ynga, uno dei leader di San Juan Bautista de Catacaos \u2013. Siamo rimasti con loro dalle 9 alle 14. Abbiamo descritto nei dettagli come ci maltrattavano per cacciarci. A sostegno delle nostre accuse, abbiamo portato un pacco pieno di prove e documenti. Alla fine erano commossi\u00bb. \u00abPer la prima volta qualcuno ci ha davvero ascoltati\u00bb, dice tra i singhiozzi\u00a0Fiorela Mart\u00ednez, moglie di Guadalupe Zapata, ucciso l\u20198 dicembre 2011 da un commando spedito a espellere i contadini. \u00abDopo la riunione che ci ha dato fiducia,\u00a0il 28 febbraio successivo, su consiglio di Paola Ugaz, abbiamo scritto a monsignor Prevost rivolgendogli tre richieste: la rimozione del vescovo di Piura, lo scioglimento di Sodalicio e l\u2019avvio di un processo di riparazione per le vittime \u2013 sottolinea Rodr\u00edguez -. Come nel suo stile, ha risposto con i fatti. Il 2 aprile 2024, la Santa Sede ha accettato le dimissioni anticipate di Eguren. In realt\u00e0 era stato il Vaticano a chiedergli di farsi da parte, come ha affermato lui stesso in pi\u00f9 occasioni\u00bb. L\u2019uscita di scena di quest\u2019ultimo ha segnato\u00a0l\u2019inizio della fine di Sodalicio, dissolto definitivamente il 14 aprile scorso. Uno degli ultimi decreti firmati da papa Francesco il quale, un anno prima, nel giorno dell\u2019anniversario della fondazione, aveva inviato un video-messaggio di saluto alla comunit\u00e0, esortandola a \u00abnon lasciarsi rubare la terra\u00bbLa minaccia persiste.\u00a0Per questo, i contadini di Catacaos sperano nel lavoro di padre Bertomeu, commissario pontificio per la liquidazione di Sodalicio, di cui hanno chiesto al Vaticano di sostenere il lavoro. Molti beni dell\u2019organizzazione potrebbero, per\u00f2, essere stati investiti in societ\u00e0 offshore negli Usa. Da qui la richiesta di andare avanti nell\u2019idea, gi\u00e0 espressa da Bertomeu, di portare il caso di fronte alla giustizia statunitense. All<\/p>\n","protected":false},"author":1,"featured_media":2861,"comment_status":"closed","ping_status":"closed","sticky":false,"template":"","format":"standard","meta":{"footnotes":""},"categories":[6,108],"tags":[],"class_list":["post-1738","post","type-post","status-publish","format-standard","has-post-thumbnail","hentry","category-controinformazione","category-segnalazioni"],"_links":{"self":[{"href":"https:\/\/reterr.it\/index.php?rest_route=\/wp\/v2\/posts\/1738","targetHints":{"allow":["GET"]}}],"collection":[{"href":"https:\/\/reterr.it\/index.php?rest_route=\/wp\/v2\/posts"}],"about":[{"href":"https:\/\/reterr.it\/index.php?rest_route=\/wp\/v2\/types\/post"}],"author":[{"embeddable":true,"href":"https:\/\/reterr.it\/index.php?rest_route=\/wp\/v2\/users\/1"}],"replies":[{"embeddable":true,"href":"https:\/\/reterr.it\/index.php?rest_route=%2Fwp%2Fv2%2Fcomments&post=1738"}],"version-history":[{"count":22,"href":"https:\/\/reterr.it\/index.php?rest_route=\/wp\/v2\/posts\/1738\/revisions"}],"predecessor-version":[{"id":3286,"href":"https:\/\/reterr.it\/index.php?rest_route=\/wp\/v2\/posts\/1738\/revisions\/3286"}],"wp:featuredmedia":[{"embeddable":true,"href":"https:\/\/reterr.it\/index.php?rest_route=\/wp\/v2\/media\/2861"}],"wp:attachment":[{"href":"https:\/\/reterr.it\/index.php?rest_route=%2Fwp%2Fv2%2Fmedia&parent=1738"}],"wp:term":[{"taxonomy":"category","embeddable":true,"href":"https:\/\/reterr.it\/index.php?rest_route=%2Fwp%2Fv2%2Fcategories&post=1738"},{"taxonomy":"post_tag","embeddable":true,"href":"https:\/\/reterr.it\/index.php?rest_route=%2Fwp%2Fv2%2Ftags&post=1738"}],"curies":[{"name":"wp","href":"https:\/\/api.w.org\/{rel}","templated":true}]}}