{"id":2324,"date":"2019-07-02T08:31:15","date_gmt":"2019-07-02T08:31:15","guid":{"rendered":"https:\/\/reterr.it\/?p=2324"},"modified":"2025-11-18T16:33:28","modified_gmt":"2025-11-18T16:33:28","slug":"operazione-educazione-alla-pace-rrr-pisa-livorno-duplicare","status":"publish","type":"post","link":"https:\/\/reterr.it\/?p=2324","title":{"rendered":"OPERAZIONE &#8220;ADOTTA UN PASTO&#8221; &#8211; RRR Genova"},"content":{"rendered":"\t\t<div data-elementor-type=\"wp-post\" data-elementor-id=\"2324\" class=\"elementor elementor-2324\">\n\t\t\t\t<div class=\"elementor-element elementor-element-20cd3a0 e-flex e-con-boxed elementor-repeater-item-default_padding elementor-repeater-item-none elementor-repeater-item-none_hover e-con e-parent\" data-id=\"20cd3a0\" data-element_type=\"container\" data-settings=\"{&quot;ang_container_spacing_size&quot;:&quot;default_padding&quot;}\">\n\t\t\t\t\t<div class=\"e-con-inner\">\n\t\t\t\t\t<\/div>\n\t\t\t\t<\/div>\n\t\t<div class=\"elementor-element elementor-element-223908c e-flex e-con-boxed elementor-repeater-item-default_padding elementor-repeater-item-none elementor-repeater-item-none_hover e-con e-parent\" data-id=\"223908c\" data-element_type=\"container\" data-settings=\"{&quot;ang_container_spacing_size&quot;:&quot;default_padding&quot;}\">\n\t\t\t\t\t<div class=\"e-con-inner\">\n\t\t<div class=\"elementor-element elementor-element-b3f5f65 e-con-full e-flex elementor-repeater-item-default_padding elementor-repeater-item-none elementor-repeater-item-none_hover e-con e-child\" data-id=\"b3f5f65\" data-element_type=\"container\" data-settings=\"{&quot;ang_container_spacing_size&quot;:&quot;default_padding&quot;}\">\n\t\t\t\t<div class=\"elementor-element elementor-element-a17b72a external_elementor-repeater-item-none_external elementor-repeater-item-none elementor-repeater-item-none_hover elementor-widget elementor-widget-image\" data-id=\"a17b72a\" data-element_type=\"widget\" data-widget_type=\"image.default\">\n\t\t\t\t<div class=\"elementor-widget-container\">\n\t\t\t\t\t\t\t\t\t\t\t\t\t\t\t<img fetchpriority=\"high\" decoding=\"async\" width=\"800\" height=\"449\" src=\"https:\/\/reterr.it\/wp-content\/uploads\/2025\/07\/ADOTTA-UN-PASTO-progetti-1024x575.png\" class=\"attachment-large size-large wp-image-2327\" alt=\"\" srcset=\"https:\/\/reterr.it\/wp-content\/uploads\/2025\/07\/ADOTTA-UN-PASTO-progetti-1024x575.png 1024w, https:\/\/reterr.it\/wp-content\/uploads\/2025\/07\/ADOTTA-UN-PASTO-progetti-300x168.png 300w, https:\/\/reterr.it\/wp-content\/uploads\/2025\/07\/ADOTTA-UN-PASTO-progetti-768x431.png 768w, https:\/\/reterr.it\/wp-content\/uploads\/2025\/07\/ADOTTA-UN-PASTO-progetti-1536x862.png 1536w, https:\/\/reterr.it\/wp-content\/uploads\/2025\/07\/ADOTTA-UN-PASTO-progetti.png 1600w\" sizes=\"(max-width: 800px) 100vw, 800px\" \/>\t\t\t\t\t\t\t\t\t\t\t\t\t\t\t<\/div>\n\t\t\t\t<\/div>\n\t\t\t\t<div class=\"elementor-element elementor-element-44f57a9 elementor-repeater-item-shadow_2 elementor-repeater-item-none_hover elementor-widget elementor-widget-text-editor\" data-id=\"44f57a9\" data-element_type=\"widget\" data-widget_type=\"text-editor.default\">\n\t\t\t\t<div class=\"elementor-widget-container\">\n\t\t\t\t\t\t\t\t\t<div class=\"elementor-widget-container\">RRR Genova<\/div><div>\u00a0<\/div><div class=\"elementor-widget-container\"><h5 style=\"text-align: center;\">OPERAZIONE &#8220;Adotta un Pasto&#8221;<\/h5><h2>\u00a0<\/h2><p><strong>Luogo<\/strong>: Huancayo (Per\u00f9 Centrale), 3500 metri sul livello del mare<br \/>Parrocchia san Francisco de Ocopilla, quartiere di Ocopilla.<\/p><h5><em>Data inizio<\/em>: 2019<\/h5><p><strong><em>Referente\/i locale\/i: <\/em><\/strong>Don Gaspare Margottini<\/p><p><strong><em>Rete di riferimento:<\/em><\/strong> Genova<\/p><p>\u00a0<\/p><p><strong><em>Contesto<\/em><\/strong>:\u00a0<\/p><p>In Ocopilla la stragrande maggioranza della popolazione \u00e8 meticcia o indigena. C&#8217;\u00e8 solo<br \/>qualche raro bianco nel quartiere, chiamato con un po&#8217; di ironia Blancones.<\/p><\/div><div>\u00a0<\/div><div class=\"elementor-widget-container\">Nella Parrocchia di Ocopilla si partecipa tutti insieme ad una stessa vita comunitaria e qui<br \/>ovviamente questa discriminazione non \u00e8 presente nelle relazioni abituali. Ma l&#8217;istinto<br \/>della supremazia sociale esiste sempre. La discriminazione trova le sue radici nell&#8217;invasione della terra del Per\u00f9 da parte degli spagnoli.<\/div><div class=\"elementor-widget-container\">Le conseguenze di questo sono rimaste fino a permeare sino ad oggi la vita sociale. &#8220;SENZA DISCRIMINAZIONE NON SI CAPISCE IL PERU&#8221;, parole pronunciate dallo stesso Don Gaspare, esprimono con chiarezza purtroppo la drammatica realt\u00e0 esistente.<\/div><div class=\"elementor-widget-container\"><p>\u00a0<\/p><p><strong><em>Obiettivi: <\/em><\/strong>Educazione Scolastica<\/p><p><strong><em>Breve descrizione dell\u2019Operazione:<\/em><\/strong><\/p><\/div><div class=\"elementor-widget-container\"><p>ATTIVITA\u2019 del Centro: fondata su due pilastri: educazione e salute. Il progetto \u00e8 sostenuto<br \/>dalla diocesi di Roma.<\/p><ul><li>1) Il primo gruppo \u00e8 formato dai bambini che frequentano le scuole elementari, circa 150.<br \/>Si fa doposcuola e subito dopo c&#8217;\u00e8 la mensa che costituisce un valido rinforzo alimentare per famiglie dove talvolta il pasto della giornata \u00e8 uno solo;<\/li><li>2) Seguono i corsi chiamati di Prima Accademia, per la scuola media, fino a 16 anni, fine et\u00e0 dell&#8217;obbligo. Divisa in due sezioni, scienze e lettere, dalle ore 15 alle 18,30. I ragazzi che la frequentano sono 80-90.<\/li><li>3) Si arriva infine alla ACCADEMIA PRE-UNIVERSITARIA, dai 16 anni in su. Per entrare<br \/>all&#8217;Universit\u00e0 in Per\u00f9 occorre superare un esame di una certa difficolt\u00e0, che richiede<br \/>preparazione. Tuttavia nel quartiere i ragazzi provengono per lo pi\u00f9 da famiglie modeste o povere i cui genitori non hanno una preparazione culturale o scolastica. In frequenti casi manca la figura di un genitore, soprattutto del padre. E quindi i ragazzi non hanno un retroterra culturale adeguato ad affrontare l&#8217;esame di accesso. L&#8217;accademia di Ocopilla prepara a questa prova dagli anni 2000. In quegli anni frequentavano circa 30-35 studenti.<br \/>Dal 2005 l&#8217;Accademia si \u00e8 strutturata in modo pi\u00f9 completo per poter ricevere tutti gli studenti della zona e rispondere alle richieste. Al corso di gennaio-marzo quest&#8217;anno erano presenti 150 studenti (orario 7.30-14). Durante l&#8217;anno sono previsti tre corsi.<br \/>Nella Facolt\u00e0 del distretto di Huacayo le richieste da parte della popolazione per accedere all&#8217;universit\u00e0 sono circa 7000. I posti a disposizione sono solo 600. In preparazione all&#8217;Esame esistono in Per\u00f9 solo le Accademie private, le migliori con costi alti. Normalmente il costo varia da 700 a 1200 soles. Nell&#8217;Accademia di San Francisco la quota \u00e8 di soli 300 soles a persona a corso (talvolta la partecipazione \u00e8 gratuita per chi non se lo pu\u00f2 permettere). I professori che insegnano guadagnano 30-35 soles all&#8217;ora. L&#8217;accademia \u00e8 indipendente economicamente per i primi due cicli di corso attraverso le pur basse rette. Per il terzo corso, per pareggiare le spese generalmente la comunit\u00e0 versa 20.000 soles, circa 5000 euro. Ogni turno di Accademia permette a 30-35 studenti di Ocopilla di superare l&#8217;esame e iscriversi quindi all&#8217;Universit\u00e0. Il numero degli studenti -preparati dall\u2019Accademia- che sono riusciti ad accedere negli anni all&#8217;Universit\u00e0 (dal 2000 ad oggi) raggiunge i 600. Una media di 30 studenti all&#8217;anno. Recentemente \u00e8 riuscita laurearsi anche una dottoressa in medicina, cosa rarissima, di cui tutti noi ci siamo felicitati. Quindi si comprende come l&#8217;Accademia ricopra anche una sua funzione di valido ascensore sociale in un contesto faticoso.<\/li><\/ul><p>Il bilancio della comunit\u00e0 ammonta a 160.000 soles, circa 40.000 euro. Il contributo annuale della Rete Radi\u00e8 Resch per la mensa scolastica \u00e8 di 2000 euro dall&#8217;anno 2018.<\/p><p>La cosa che sta pi\u00f9 a cuore a don Gaspare e di cui \u00e8 pi\u00f9 orgoglioso \u00e8 il TESSUTO SOCIALE che si \u00e8 creato in tutti questi anni nella Comunit\u00e0 e tra tutta la popolazione del quartiere di Occopilla.<\/p><p><em>Considerazioni finali fatte da Don Gaspare:<\/em><br \/>Con Fujimori negli anni &#8217;90 purtroppo \u00e8 stata sdoganata la corruzione come metodo<br \/>abituale di governo, \u00e8 stato insegnato alle popolazione a rubare. E&#8217; un vero e proprio cancro che \u00e8 stato immesso nella societ\u00e0.<\/p><p>Quando 40 anni fa ero arrivato in Per\u00f9, dice infine Don Gaspare, le cose da sognare erano casa-fogne-acqua nelle case-scuole.<br \/>Adesso non molto \u00e8 cambiato.<\/p><p>Qualcosa \u00e8 migliorato ma il grosso \u00e8 ancora da fare.<\/p><p><strong><em>Sostegno economico annuo della ReteRR<\/em><\/strong><\/p><p>2.000 \u20ac<\/p><\/div>\t\t\t\t\t\t\t\t<\/div>\n\t\t\t\t<\/div>\n\t\t\t\t<\/div>\n\t\t<div class=\"elementor-element elementor-element-bbfe093 e-con-full e-flex elementor-repeater-item-default_padding elementor-repeater-item-none elementor-repeater-item-none_hover e-con e-child\" data-id=\"bbfe093\" data-element_type=\"container\" data-settings=\"{&quot;ang_container_spacing_size&quot;:&quot;default_padding&quot;}\">\n\t\t<div class=\"elementor-element elementor-element-e257114 e-con-full e-flex elementor-repeater-item-default_padding elementor-repeater-item-none elementor-repeater-item-none_hover e-con e-child\" data-id=\"e257114\" data-element_type=\"container\" data-settings=\"{&quot;ang_container_spacing_size&quot;:&quot;default_padding&quot;}\">\n\t\t\t\t<div class=\"elementor-element elementor-element-aff0cae wpr-grid-columns-1 wpr-item-styles-wrapper wpr-grid-columns--tablet2 wpr-grid-columns--mobile1 elementor-repeater-item-none elementor-repeater-item-none_hover elementor-widget elementor-widget-wpr-grid\" data-id=\"aff0cae\" data-element_type=\"widget\" data-widget_type=\"wpr-grid.default\">\n\t\t\t\t<div class=\"elementor-widget-container\">\n\t\t\t\t\t<ul class=\"wpr-grid-filters elementor-clearfix wpr-grid-filters-sep-right\"><li class=\" wpr-pointer-none wpr-pointer-line-fx wpr-pointer-fx-none\"><span  data-filter=\"*\" class=\"wpr-grid-filters-item wpr-active-filter \">All Posts<\/span><em class=\"wpr-grid-filters-sep\"><\/em><\/li><li class=\" wpr-pointer-none wpr-pointer-line-fx wpr-pointer-fx-none\"><span   data-ajax-filter=[\"category\",\"operazioni\"]  data-filter=\".category-operazioni\">Operazioni<\/span><em class=\"wpr-grid-filters-sep\"><\/em><\/li><\/ul><section class=\"wpr-grid elementor-clearfix\" data-settings=\"{&quot;layout&quot;:&quot;fitRows&quot;,&quot;stick_last_element_to_bottom&quot;:&quot;&quot;,&quot;columns_desktop&quot;:&quot;1&quot;,&quot;gutter_hr&quot;:15,&quot;gutter_hr_mobile&quot;:15,&quot;gutter_hr_mobile_extra&quot;:15,&quot;gutter_hr_tablet&quot;:15,&quot;gutter_hr_tablet_extra&quot;:15,&quot;gutter_hr_laptop&quot;:15,&quot;gutter_hr_widescreen&quot;:15,&quot;gutter_vr&quot;:15,&quot;gutter_vr_mobile&quot;:15,&quot;gutter_vr_mobile_extra&quot;:15,&quot;gutter_vr_tablet&quot;:15,&quot;gutter_vr_tablet_extra&quot;:15,&quot;gutter_vr_laptop&quot;:15,&quot;gutter_vr_widescreen&quot;:15,&quot;animation&quot;:&quot;default&quot;,&quot;animation_duration&quot;:0.3,&quot;animation_delay&quot;:0.1,&quot;deeplinking&quot;:&quot;&quot;,&quot;filters_linkable&quot;:&quot;no&quot;,&quot;filters_default_filter&quot;:&quot;&quot;,&quot;filters_count&quot;:&quot;&quot;,&quot;filters_hide_empty&quot;:&quot;no&quot;,&quot;filters_animation&quot;:&quot;default&quot;,&quot;filters_animation_duration&quot;:0.3,&quot;filters_animation_delay&quot;:0.1,&quot;pagination_type&quot;:&quot;load-more&quot;,&quot;pagination_max_pages&quot;:7,&quot;lightbox&quot;:{&quot;selector&quot;:&quot;.wpr-grid-image-wrap&quot;,&quot;iframeMaxWidth&quot;:&quot;60%&quot;,&quot;hash&quot;:false,&quot;autoplay&quot;:&quot;true&quot;,&quot;pause&quot;:5000,&quot;progressBar&quot;:&quot;true&quot;,&quot;counter&quot;:&quot;true&quot;,&quot;controls&quot;:&quot;true&quot;,&quot;getCaptionFromTitleOrAlt&quot;:&quot;true&quot;,&quot;thumbnail&quot;:&quot;&quot;,&quot;showThumbByDefault&quot;:&quot;&quot;,&quot;share&quot;:&quot;&quot;,&quot;zoom&quot;:&quot;true&quot;,&quot;fullScreen&quot;:&quot;true&quot;,&quot;download&quot;:&quot;true&quot;}}\"><article class=\"wpr-grid-item elementor-clearfix post-3863 post type-post status-publish format-standard has-post-thumbnail hentry category-operazioni category-rete-verona category-veneto\"><div class=\"wpr-grid-item-inner\"><div class=\"wpr-grid-media-wrap wpr-effect-size-medium \" data-overlay-link=\"yes\"><div class=\"wpr-grid-image-wrap\" data-src=\"https:\/\/reterr.it\/wp-content\/uploads\/2025\/11\/253L1050646-300x225.webp\" data-img-on-hover=\"\"  data-src-secondary=\"\"><img decoding=\"async\" data-no-lazy=\"1\" src=\"https:\/\/reterr.it\/wp-content\/uploads\/2025\/11\/253L1050646-300x225.webp\" alt=\"Ghana- Operazione &#8220;Maame Adjeibah&#8221;\" class=\"wpr-anim-timing-ease-default\"><\/div><div class=\"wpr-grid-media-hover wpr-animation-wrap\"><div class=\"wpr-grid-media-hover-bg  wpr-overlay-fade-in wpr-anim-size-large wpr-anim-timing-ease-default wpr-anim-transparency\" data-url=\"https:\/\/reterr.it\/?p=3863\"><\/div><\/div><\/div><div class=\"wpr-grid-item-below-content elementor-clearfix\"><div class=\"wpr-grid-item-separator elementor-repeater-item-ba10332 wpr-grid-item-display-block wpr-grid-item-align-left wpr-grid-sep-style-2\"><div class=\"inner-block\"><span><\/span><\/div><\/div><h2 class=\"wpr-grid-item-title elementor-repeater-item-564d754 wpr-grid-item-display-block wpr-grid-item-align-center wpr-pointer-none wpr-pointer-line-fx wpr-pointer-fx-fade\"><div class=\"inner-block\"><a target=\"_self\"  href=\"https:\/\/reterr.it\/?p=3863\">Ghana- Operazione &#8220;Maame Adjeibah&#8221;<\/a><\/div><\/h2><div class=\"wpr-grid-item-separator elementor-repeater-item-22070f9 wpr-grid-item-display-block wpr-grid-item-align-left wpr-grid-sep-style-1\"><div class=\"inner-block\"><span><\/span><\/div><\/div><div class=\"wpr-grid-item-excerpt elementor-repeater-item-3891672 wpr-grid-item-display-block wpr-grid-item-align-center\"><div class=\"inner-block\"><p>RRR Verona\u00a0\u00a0<\/p><\/div><\/div><div class=\"wpr-grid-item-date elementor-repeater-item-9bc7f57 wpr-grid-item-display-block wpr-grid-item-align-center\"><div class=\"inner-block\"><span>Novembre 2025<\/span><\/div><\/div><\/div><\/div><\/article><article class=\"wpr-grid-item elementor-clearfix post-3665 post type-post status-publish format-standard has-post-thumbnail hentry category-operazioni category-rete-treviso category-veneto\"><div class=\"wpr-grid-item-inner\"><div class=\"wpr-grid-media-wrap wpr-effect-size-medium \" data-overlay-link=\"yes\"><div class=\"wpr-grid-image-wrap\" data-src=\"https:\/\/reterr.it\/wp-content\/uploads\/2025\/11\/4-1-e1762850808147-300x192.jpg\" data-img-on-hover=\"\"  data-src-secondary=\"\"><img decoding=\"async\" data-no-lazy=\"1\" src=\"https:\/\/reterr.it\/wp-content\/uploads\/2025\/11\/4-1-e1762850808147-300x192.jpg\" alt=\"Ecuador- SOSTEGNO EDUCATIVO E ALIMENTARE A BAMBINI E ADOLESCENTI VULNERABILI\" class=\"wpr-anim-timing-ease-default\"><\/div><div class=\"wpr-grid-media-hover wpr-animation-wrap\"><div class=\"wpr-grid-media-hover-bg  wpr-overlay-fade-in wpr-anim-size-large wpr-anim-timing-ease-default wpr-anim-transparency\" data-url=\"https:\/\/reterr.it\/?p=3665\"><\/div><\/div><\/div><div class=\"wpr-grid-item-below-content elementor-clearfix\"><div class=\"wpr-grid-item-separator elementor-repeater-item-ba10332 wpr-grid-item-display-block wpr-grid-item-align-left wpr-grid-sep-style-2\"><div class=\"inner-block\"><span><\/span><\/div><\/div><h2 class=\"wpr-grid-item-title elementor-repeater-item-564d754 wpr-grid-item-display-block wpr-grid-item-align-center wpr-pointer-none wpr-pointer-line-fx wpr-pointer-fx-fade\"><div class=\"inner-block\"><a target=\"_self\"  href=\"https:\/\/reterr.it\/?p=3665\">Ecuador- SOSTEGNO EDUCATIVO E ALIMENTARE A BAMBINI E ADOLESCENTI VULNERABILI<\/a><\/div><\/h2><div class=\"wpr-grid-item-separator elementor-repeater-item-22070f9 wpr-grid-item-display-block wpr-grid-item-align-left wpr-grid-sep-style-1\"><div class=\"inner-block\"><span><\/span><\/div><\/div><div class=\"wpr-grid-item-excerpt elementor-repeater-item-3891672 wpr-grid-item-display-block wpr-grid-item-align-center\"><div class=\"inner-block\"><p>RRR Treviso\u00a0\u00a0<\/p><\/div><\/div><div class=\"wpr-grid-item-date elementor-repeater-item-9bc7f57 wpr-grid-item-display-block wpr-grid-item-align-center\"><div class=\"inner-block\"><span>Novembre 2025<\/span><\/div><\/div><\/div><\/div><\/article><article class=\"wpr-grid-item elementor-clearfix post-3654 post type-post status-publish format-standard has-post-thumbnail hentry category-operazioni category-piemonte category-rete-casale\"><div class=\"wpr-grid-item-inner\"><div class=\"wpr-grid-media-wrap wpr-effect-size-medium \" data-overlay-link=\"yes\"><div class=\"wpr-grid-image-wrap\" data-src=\"https:\/\/reterr.it\/wp-content\/uploads\/2025\/11\/foto-operazione-Wan-Oparo1-e1762850117116-300x205.jpg\" data-img-on-hover=\"\"  data-src-secondary=\"\"><img decoding=\"async\" data-no-lazy=\"1\" src=\"https:\/\/reterr.it\/wp-content\/uploads\/2025\/11\/foto-operazione-Wan-Oparo1-e1762850117116-300x205.jpg\" alt=\"Uganda &#8211; Operazione &#8220;WAN OPARO&#8221;\" class=\"wpr-anim-timing-ease-default\"><\/div><div class=\"wpr-grid-media-hover wpr-animation-wrap\"><div class=\"wpr-grid-media-hover-bg  wpr-overlay-fade-in wpr-anim-size-large wpr-anim-timing-ease-default wpr-anim-transparency\" data-url=\"https:\/\/reterr.it\/?p=3654\"><\/div><\/div><\/div><div class=\"wpr-grid-item-below-content elementor-clearfix\"><div class=\"wpr-grid-item-separator elementor-repeater-item-ba10332 wpr-grid-item-display-block wpr-grid-item-align-left wpr-grid-sep-style-2\"><div class=\"inner-block\"><span><\/span><\/div><\/div><h2 class=\"wpr-grid-item-title elementor-repeater-item-564d754 wpr-grid-item-display-block wpr-grid-item-align-center wpr-pointer-none wpr-pointer-line-fx wpr-pointer-fx-fade\"><div class=\"inner-block\"><a target=\"_self\"  href=\"https:\/\/reterr.it\/?p=3654\">Uganda &#8211; Operazione &#8220;WAN OPARO&#8221;<\/a><\/div><\/h2><div class=\"wpr-grid-item-separator elementor-repeater-item-22070f9 wpr-grid-item-display-block wpr-grid-item-align-left wpr-grid-sep-style-1\"><div class=\"inner-block\"><span><\/span><\/div><\/div><div class=\"wpr-grid-item-excerpt elementor-repeater-item-3891672 wpr-grid-item-display-block wpr-grid-item-align-center\"><div class=\"inner-block\"><p>RRR Casale<\/p><\/div><\/div><div class=\"wpr-grid-item-date elementor-repeater-item-9bc7f57 wpr-grid-item-display-block wpr-grid-item-align-center\"><div class=\"inner-block\"><span>Novembre 2025<\/span><\/div><\/div><\/div><\/div><\/article><\/section>\t\t\t\t<\/div>\n\t\t\t\t<\/div>\n\t\t\t\t<\/div>\n\t\t\t\t<\/div>\n\t\t\t\t\t<\/div>\n\t\t\t\t<\/div>\n\t\t\t\t<\/div>\n\t\t","protected":false},"excerpt":{"rendered":"<p>RRR Genova\u00a0 OPERAZIONE &#8220;Adotta un Pasto&#8221; \u00a0 Luogo: Huancayo (Per\u00f9 Centrale), 3500 metri sul livello del mareParrocchia san Francisco de Ocopilla, quartiere di Ocopilla. Data inizio: 2019 Referente\/i locale\/i: Don Gaspare Margottini Rete di riferimento: Genova \u00a0 Contesto:\u00a0 In Ocopilla la stragrande maggioranza della popolazione \u00e8 meticcia o indigena. C&#8217;\u00e8 soloqualche raro bianco nel quartiere, chiamato con un po&#8217; di ironia Blancones. \u00a0Nella Parrocchia di Ocopilla si partecipa tutti insieme ad una stessa vita comunitaria e quiovviamente questa discriminazione non \u00e8 presente nelle relazioni abituali. Ma l&#8217;istintodella supremazia sociale esiste sempre. La discriminazione trova le sue radici nell&#8217;invasione della terra del Per\u00f9 da parte degli spagnoli.Le conseguenze di questo sono rimaste fino a permeare sino ad oggi la vita sociale. &#8220;SENZA DISCRIMINAZIONE NON SI CAPISCE IL PERU&#8221;, parole pronunciate dallo stesso Don Gaspare, esprimono con chiarezza purtroppo la drammatica realt\u00e0 esistente. \u00a0 Obiettivi: Educazione Scolastica Breve descrizione dell\u2019Operazione: ATTIVITA\u2019 del Centro: fondata su due pilastri: educazione e salute. Il progetto \u00e8 sostenutodalla diocesi di Roma. 1) Il primo gruppo \u00e8 formato dai bambini che frequentano le scuole elementari, circa 150.Si fa doposcuola e subito dopo c&#8217;\u00e8 la mensa che costituisce un valido rinforzo alimentare per famiglie dove talvolta il pasto della giornata \u00e8 uno solo; 2) Seguono i corsi chiamati di Prima Accademia, per la scuola media, fino a 16 anni, fine et\u00e0 dell&#8217;obbligo. Divisa in due sezioni, scienze e lettere, dalle ore 15 alle 18,30. I ragazzi che la frequentano sono 80-90. 3) Si arriva infine alla ACCADEMIA PRE-UNIVERSITARIA, dai 16 anni in su. Per entrareall&#8217;Universit\u00e0 in Per\u00f9 occorre superare un esame di una certa difficolt\u00e0, che richiedepreparazione. Tuttavia nel quartiere i ragazzi provengono per lo pi\u00f9 da famiglie modeste o povere i cui genitori non hanno una preparazione culturale o scolastica. In frequenti casi manca la figura di un genitore, soprattutto del padre. E quindi i ragazzi non hanno un retroterra culturale adeguato ad affrontare l&#8217;esame di accesso. L&#8217;accademia di Ocopilla prepara a questa prova dagli anni 2000. In quegli anni frequentavano circa 30-35 studenti.Dal 2005 l&#8217;Accademia si \u00e8 strutturata in modo pi\u00f9 completo per poter ricevere tutti gli studenti della zona e rispondere alle richieste. Al corso di gennaio-marzo quest&#8217;anno erano presenti 150 studenti (orario 7.30-14). Durante l&#8217;anno sono previsti tre corsi.Nella Facolt\u00e0 del distretto di Huacayo le richieste da parte della popolazione per accedere all&#8217;universit\u00e0 sono circa 7000. I posti a disposizione sono solo 600. In preparazione all&#8217;Esame esistono in Per\u00f9 solo le Accademie private, le migliori con costi alti. Normalmente il costo varia da 700 a 1200 soles. Nell&#8217;Accademia di San Francisco la quota \u00e8 di soli 300 soles a persona a corso (talvolta la partecipazione \u00e8 gratuita per chi non se lo pu\u00f2 permettere). I professori che insegnano guadagnano 30-35 soles all&#8217;ora. L&#8217;accademia \u00e8 indipendente economicamente per i primi due cicli di corso attraverso le pur basse rette. Per il terzo corso, per pareggiare le spese generalmente la comunit\u00e0 versa 20.000 soles, circa 5000 euro. Ogni turno di Accademia permette a 30-35 studenti di Ocopilla di superare l&#8217;esame e iscriversi quindi all&#8217;Universit\u00e0. Il numero degli studenti -preparati dall\u2019Accademia- che sono riusciti ad accedere negli anni all&#8217;Universit\u00e0 (dal 2000 ad oggi) raggiunge i 600. Una media di 30 studenti all&#8217;anno. Recentemente \u00e8 riuscita laurearsi anche una dottoressa in medicina, cosa rarissima, di cui tutti noi ci siamo felicitati. Quindi si comprende come l&#8217;Accademia ricopra anche una sua funzione di valido ascensore sociale in un contesto faticoso. Il bilancio della comunit\u00e0 ammonta a 160.000 soles, circa 40.000 euro. Il contributo annuale della Rete Radi\u00e8 Resch per la mensa scolastica \u00e8 di 2000 euro dall&#8217;anno 2018. La cosa che sta pi\u00f9 a cuore a don Gaspare e di cui \u00e8 pi\u00f9 orgoglioso \u00e8 il TESSUTO SOCIALE che si \u00e8 creato in tutti questi anni nella Comunit\u00e0 e tra tutta la popolazione del quartiere di Occopilla. Considerazioni finali fatte da Don Gaspare:Con Fujimori negli anni &#8217;90 purtroppo \u00e8 stata sdoganata la corruzione come metodoabituale di governo, \u00e8 stato insegnato alle popolazione a rubare. E&#8217; un vero e proprio cancro che \u00e8 stato immesso nella societ\u00e0. Quando 40 anni fa ero arrivato in Per\u00f9, dice infine Don Gaspare, le cose da sognare erano casa-fogne-acqua nelle case-scuole.Adesso non molto \u00e8 cambiato. Qualcosa \u00e8 migliorato ma il grosso \u00e8 ancora da fare. Sostegno economico annuo della ReteRR 2.000 \u20ac All Posts Operazioni Ghana- Operazione &#8220;Maame Adjeibah&#8221; RRR Verona\u00a0\u00a0 Novembre 2025 Ecuador- SOSTEGNO EDUCATIVO E ALIMENTARE A BAMBINI E ADOLESCENTI VULNERABILI RRR Treviso\u00a0\u00a0 Novembre 2025 Uganda &#8211; Operazione &#8220;WAN OPARO&#8221; RRR Casale Novembre 2025<\/p>\n","protected":false},"author":1,"featured_media":2327,"comment_status":"closed","ping_status":"closed","sticky":false,"template":"","format":"standard","meta":{"footnotes":""},"categories":[23,4,13],"tags":[],"class_list":["post-2324","post","type-post","status-publish","format-standard","has-post-thumbnail","hentry","category-liguria","category-operazioni","category-rete-genova"],"_links":{"self":[{"href":"https:\/\/reterr.it\/index.php?rest_route=\/wp\/v2\/posts\/2324","targetHints":{"allow":["GET"]}}],"collection":[{"href":"https:\/\/reterr.it\/index.php?rest_route=\/wp\/v2\/posts"}],"about":[{"href":"https:\/\/reterr.it\/index.php?rest_route=\/wp\/v2\/types\/post"}],"author":[{"embeddable":true,"href":"https:\/\/reterr.it\/index.php?rest_route=\/wp\/v2\/users\/1"}],"replies":[{"embeddable":true,"href":"https:\/\/reterr.it\/index.php?rest_route=%2Fwp%2Fv2%2Fcomments&post=2324"}],"version-history":[{"count":14,"href":"https:\/\/reterr.it\/index.php?rest_route=\/wp\/v2\/posts\/2324\/revisions"}],"predecessor-version":[{"id":3924,"href":"https:\/\/reterr.it\/index.php?rest_route=\/wp\/v2\/posts\/2324\/revisions\/3924"}],"wp:featuredmedia":[{"embeddable":true,"href":"https:\/\/reterr.it\/index.php?rest_route=\/wp\/v2\/media\/2327"}],"wp:attachment":[{"href":"https:\/\/reterr.it\/index.php?rest_route=%2Fwp%2Fv2%2Fmedia&parent=2324"}],"wp:term":[{"taxonomy":"category","embeddable":true,"href":"https:\/\/reterr.it\/index.php?rest_route=%2Fwp%2Fv2%2Fcategories&post=2324"},{"taxonomy":"post_tag","embeddable":true,"href":"https:\/\/reterr.it\/index.php?rest_route=%2Fwp%2Fv2%2Ftags&post=2324"}],"curies":[{"name":"wp","href":"https:\/\/api.w.org\/{rel}","templated":true}]}}