{"id":3586,"date":"2025-11-10T15:27:25","date_gmt":"2025-11-10T15:27:25","guid":{"rendered":"https:\/\/reterr.it\/?p=3586"},"modified":"2025-11-18T16:22:42","modified_gmt":"2025-11-18T16:22:42","slug":"salvador-bahia-brasile-clinica-integrata-pequena","status":"publish","type":"post","link":"https:\/\/reterr.it\/?p=3586","title":{"rendered":"Salvador Bahia, Brasile &#8211; Clinica Integrata Pequena Ponte"},"content":{"rendered":"\t\t<div data-elementor-type=\"wp-post\" data-elementor-id=\"3586\" class=\"elementor elementor-3586\">\n\t\t\t\t<div class=\"elementor-element elementor-element-20cd3a0 e-flex e-con-boxed elementor-repeater-item-default_padding elementor-repeater-item-none elementor-repeater-item-none_hover e-con e-parent\" data-id=\"20cd3a0\" data-element_type=\"container\" data-settings=\"{&quot;ang_container_spacing_size&quot;:&quot;default_padding&quot;}\">\n\t\t\t\t\t<div class=\"e-con-inner\">\n\t\t\t\t\t<\/div>\n\t\t\t\t<\/div>\n\t\t<div class=\"elementor-element elementor-element-223908c e-flex e-con-boxed elementor-repeater-item-default_padding elementor-repeater-item-none elementor-repeater-item-none_hover e-con e-parent\" data-id=\"223908c\" data-element_type=\"container\" data-settings=\"{&quot;ang_container_spacing_size&quot;:&quot;default_padding&quot;}\">\n\t\t\t\t\t<div class=\"e-con-inner\">\n\t\t<div class=\"elementor-element elementor-element-b3f5f65 e-con-full e-flex elementor-repeater-item-default_padding elementor-repeater-item-none elementor-repeater-item-none_hover e-con e-child\" data-id=\"b3f5f65\" data-element_type=\"container\" data-settings=\"{&quot;ang_container_spacing_size&quot;:&quot;default_padding&quot;}\">\n\t\t\t\t<div class=\"elementor-element elementor-element-a17b72a external_elementor-repeater-item-none_external elementor-repeater-item-none elementor-repeater-item-none_hover elementor-widget elementor-widget-image\" data-id=\"a17b72a\" data-element_type=\"widget\" data-widget_type=\"image.default\">\n\t\t\t\t<div class=\"elementor-widget-container\">\n\t\t\t\t\t\t\t\t\t\t\t\t\t\t\t<img fetchpriority=\"high\" decoding=\"async\" width=\"653\" height=\"1024\" src=\"https:\/\/reterr.it\/wp-content\/uploads\/2025\/11\/Foto-Operazione-Clinica-Integrata-Pequeno-Ponte-653x1024.jpg\" class=\"attachment-large size-large wp-image-3587\" alt=\"\" srcset=\"https:\/\/reterr.it\/wp-content\/uploads\/2025\/11\/Foto-Operazione-Clinica-Integrata-Pequeno-Ponte-653x1024.jpg 653w, https:\/\/reterr.it\/wp-content\/uploads\/2025\/11\/Foto-Operazione-Clinica-Integrata-Pequeno-Ponte-191x300.jpg 191w, https:\/\/reterr.it\/wp-content\/uploads\/2025\/11\/Foto-Operazione-Clinica-Integrata-Pequeno-Ponte-768x1204.jpg 768w, https:\/\/reterr.it\/wp-content\/uploads\/2025\/11\/Foto-Operazione-Clinica-Integrata-Pequeno-Ponte.jpg 784w\" sizes=\"(max-width: 653px) 100vw, 653px\" \/>\t\t\t\t\t\t\t\t\t\t\t\t\t\t\t<\/div>\n\t\t\t\t<\/div>\n\t\t\t\t<div class=\"elementor-element elementor-element-44f57a9 elementor-repeater-item-shadow_2 elementor-repeater-item-none_hover elementor-widget elementor-widget-text-editor\" data-id=\"44f57a9\" data-element_type=\"widget\" data-widget_type=\"text-editor.default\">\n\t\t\t\t<div class=\"elementor-widget-container\">\n\t\t\t\t\t\t\t\t\t<div class=\"elementor-widget-container\">RRR Cagliari<\/div><div>\u00a0<\/div><div>\u00a0<\/div><h3 class=\"elementor-widget-container\" style=\"text-align: center;\">Operazione CLINICA INTEGRATA PEQUENA PONTE<\/h3><div>\u00a0<\/div><div class=\"elementor-widget-container\"><strong>Luogo: <\/strong>Brasile.<\/div><div>\u00a0<\/div><div class=\"elementor-widget-container\"><strong>Data inizio: <\/strong>2023\u00a0<\/div><div>\u00a0<\/div><div class=\"elementor-widget-container\"><strong>Referenti locali: <\/strong>Maria Rita Alves<\/div><div>\u00a0<\/div><div class=\"elementor-widget-container\"><strong>Rete di riferimento: <\/strong>Rete di Cagliari<\/div><div>\u00a0<\/div><div class=\"elementor-widget-container\"><strong>Contesto:<\/strong>quartiere popolare di Salvador Bahia<\/div><div>\u00a0<\/div><div><p><strong>Obiettivi: <\/strong>integrazione di accoglienza e assistenza sanitaria a bambini\/adolescenti disagiati, in situazione di povert\u00e0<\/p><\/div><div>\u00a0<\/div><div><strong>Breve Descrizione dell&#8217;operazione: <\/strong>SOSTEGNO ALL\u2019ASSISTENZA SANITARIA AI BAMBINI E ALLE FAMIGLIE DISAGIATE A SALVADOR BAHIA<\/div><div>\u00abQuesta Operazione nasce dall\u2019interazione fra l\u2019\u201cAssociazione Piccola Fraternit\u00e0\u201d e la \u201cClinica Integrata Piccolo Ponte\u201d. La Piccola Fraternit\u00e0 \u00e8 una associazione nata nel 1995 in un quartiere popolare, la Favela Areal a Salvador Bahia, promossa dal Piccolo fratello Giovanni Cara (cagliaritano) coadiuvato dalla referente Rita Maria Alves con l\u2019intento di accogliere bambini disagiati, altrimenti per strada, assicurando un pasto, un supporto alla scolarizzazione con accompagnamento fino alla universit\u00e0 e introducendoli allo sviluppo dell\u2019attivit\u00e0 sportiva utilizzato come metodo di formazione. Rita Maria, biologa, si \u00e8 iscritta alla facolt\u00e0 di medicina ed \u00e8 riuscita ad avviare una struttura: \u201cClinica Integrata piccolo Ponte\u201d, costituendo un collegamento fra Universit\u00e0 e l\u2019associazione per poter assicurare assistenza sanitaria. Contributo richiesto: stipendio per mezza giornata (4 ore) per tecnico infermieristico\u00bb.<\/div><div>\u00a0<\/div><div><strong>Sostegno economico annuo della Rete: <\/strong>3600,00 Euro annui<\/div><div>\u00a0<\/div>\t\t\t\t\t\t\t\t<\/div>\n\t\t\t\t<\/div>\n\t\t\t\t<div class=\"elementor-element elementor-element-a8b8f92 external_elementor-repeater-item-none_external elementor-repeater-item-none elementor-repeater-item-none_hover elementor-widget elementor-widget-image\" data-id=\"a8b8f92\" data-element_type=\"widget\" data-widget_type=\"image.default\">\n\t\t\t\t<div class=\"elementor-widget-container\">\n\t\t\t\t\t\t\t\t\t\t\t\t\t\t\t<img decoding=\"async\" width=\"800\" height=\"449\" src=\"https:\/\/reterr.it\/wp-content\/uploads\/2025\/11\/foto-operazione-Casa-Sementi-Parana-Brasile2-1024x575.jpeg\" class=\"attachment-large size-large wp-image-3581\" alt=\"\" srcset=\"https:\/\/reterr.it\/wp-content\/uploads\/2025\/11\/foto-operazione-Casa-Sementi-Parana-Brasile2-1024x575.jpeg 1024w, https:\/\/reterr.it\/wp-content\/uploads\/2025\/11\/foto-operazione-Casa-Sementi-Parana-Brasile2-300x169.jpeg 300w, https:\/\/reterr.it\/wp-content\/uploads\/2025\/11\/foto-operazione-Casa-Sementi-Parana-Brasile2-768x431.jpeg 768w, https:\/\/reterr.it\/wp-content\/uploads\/2025\/11\/foto-operazione-Casa-Sementi-Parana-Brasile2.jpeg 1280w\" sizes=\"(max-width: 800px) 100vw, 800px\" \/>\t\t\t\t\t\t\t\t\t\t\t\t\t\t\t<\/div>\n\t\t\t\t<\/div>\n\t\t\t\t<div class=\"elementor-element elementor-element-6d9122e external_elementor-repeater-item-none_external elementor-repeater-item-none elementor-repeater-item-none_hover elementor-widget elementor-widget-image\" data-id=\"6d9122e\" data-element_type=\"widget\" data-widget_type=\"image.default\">\n\t\t\t\t<div class=\"elementor-widget-container\">\n\t\t\t\t\t\t\t\t\t\t\t\t\t\t\t<img decoding=\"async\" width=\"800\" height=\"443\" src=\"https:\/\/reterr.it\/wp-content\/uploads\/2025\/11\/foto-operazione-Casa-Sementi-Parana-Brasile4-1024x567.jpeg\" class=\"attachment-large size-large wp-image-3579\" alt=\"\" srcset=\"https:\/\/reterr.it\/wp-content\/uploads\/2025\/11\/foto-operazione-Casa-Sementi-Parana-Brasile4-1024x567.jpeg 1024w, https:\/\/reterr.it\/wp-content\/uploads\/2025\/11\/foto-operazione-Casa-Sementi-Parana-Brasile4-300x166.jpeg 300w, https:\/\/reterr.it\/wp-content\/uploads\/2025\/11\/foto-operazione-Casa-Sementi-Parana-Brasile4-768x425.jpeg 768w, https:\/\/reterr.it\/wp-content\/uploads\/2025\/11\/foto-operazione-Casa-Sementi-Parana-Brasile4.jpeg 1280w\" sizes=\"(max-width: 800px) 100vw, 800px\" \/>\t\t\t\t\t\t\t\t\t\t\t\t\t\t\t<\/div>\n\t\t\t\t<\/div>\n\t\t\t\t<\/div>\n\t\t<div class=\"elementor-element elementor-element-bbfe093 e-con-full e-flex elementor-repeater-item-default_padding elementor-repeater-item-none elementor-repeater-item-none_hover e-con e-child\" data-id=\"bbfe093\" data-element_type=\"container\" data-settings=\"{&quot;ang_container_spacing_size&quot;:&quot;default_padding&quot;}\">\n\t\t<div class=\"elementor-element elementor-element-e257114 e-con-full e-flex elementor-repeater-item-default_padding elementor-repeater-item-none elementor-repeater-item-none_hover e-con e-child\" data-id=\"e257114\" data-element_type=\"container\" data-settings=\"{&quot;ang_container_spacing_size&quot;:&quot;default_padding&quot;}\">\n\t\t\t\t<div class=\"elementor-element elementor-element-aff0cae wpr-grid-columns-1 wpr-item-styles-wrapper wpr-grid-columns--tablet2 wpr-grid-columns--mobile1 elementor-repeater-item-none elementor-repeater-item-none_hover elementor-widget elementor-widget-wpr-grid\" data-id=\"aff0cae\" data-element_type=\"widget\" data-widget_type=\"wpr-grid.default\">\n\t\t\t\t<div class=\"elementor-widget-container\">\n\t\t\t\t\t<ul class=\"wpr-grid-filters elementor-clearfix wpr-grid-filters-sep-right\"><li class=\" wpr-pointer-none wpr-pointer-line-fx wpr-pointer-fx-none\"><span  data-filter=\"*\" class=\"wpr-grid-filters-item wpr-active-filter \">All Posts<\/span><em class=\"wpr-grid-filters-sep\"><\/em><\/li><li class=\" wpr-pointer-none wpr-pointer-line-fx wpr-pointer-fx-none\"><span   data-ajax-filter=[\"category\",\"operazioni\"]  data-filter=\".category-operazioni\">Operazioni<\/span><em class=\"wpr-grid-filters-sep\"><\/em><\/li><\/ul><section class=\"wpr-grid elementor-clearfix\" data-settings=\"{&quot;layout&quot;:&quot;fitRows&quot;,&quot;stick_last_element_to_bottom&quot;:&quot;&quot;,&quot;columns_desktop&quot;:&quot;1&quot;,&quot;gutter_hr&quot;:15,&quot;gutter_hr_mobile&quot;:15,&quot;gutter_hr_mobile_extra&quot;:15,&quot;gutter_hr_tablet&quot;:15,&quot;gutter_hr_tablet_extra&quot;:15,&quot;gutter_hr_laptop&quot;:15,&quot;gutter_hr_widescreen&quot;:15,&quot;gutter_vr&quot;:15,&quot;gutter_vr_mobile&quot;:15,&quot;gutter_vr_mobile_extra&quot;:15,&quot;gutter_vr_tablet&quot;:15,&quot;gutter_vr_tablet_extra&quot;:15,&quot;gutter_vr_laptop&quot;:15,&quot;gutter_vr_widescreen&quot;:15,&quot;animation&quot;:&quot;default&quot;,&quot;animation_duration&quot;:0.3,&quot;animation_delay&quot;:0.1,&quot;deeplinking&quot;:&quot;&quot;,&quot;filters_linkable&quot;:&quot;no&quot;,&quot;filters_default_filter&quot;:&quot;&quot;,&quot;filters_count&quot;:&quot;&quot;,&quot;filters_hide_empty&quot;:&quot;no&quot;,&quot;filters_animation&quot;:&quot;default&quot;,&quot;filters_animation_duration&quot;:0.3,&quot;filters_animation_delay&quot;:0.1,&quot;pagination_type&quot;:&quot;load-more&quot;,&quot;pagination_max_pages&quot;:7,&quot;lightbox&quot;:{&quot;selector&quot;:&quot;.wpr-grid-image-wrap&quot;,&quot;iframeMaxWidth&quot;:&quot;60%&quot;,&quot;hash&quot;:false,&quot;autoplay&quot;:&quot;true&quot;,&quot;pause&quot;:5000,&quot;progressBar&quot;:&quot;true&quot;,&quot;counter&quot;:&quot;true&quot;,&quot;controls&quot;:&quot;true&quot;,&quot;getCaptionFromTitleOrAlt&quot;:&quot;true&quot;,&quot;thumbnail&quot;:&quot;&quot;,&quot;showThumbByDefault&quot;:&quot;&quot;,&quot;share&quot;:&quot;&quot;,&quot;zoom&quot;:&quot;true&quot;,&quot;fullScreen&quot;:&quot;true&quot;,&quot;download&quot;:&quot;true&quot;}}\"><article class=\"wpr-grid-item elementor-clearfix post-3863 post type-post status-publish format-standard has-post-thumbnail hentry category-operazioni category-rete-verona category-veneto\"><div class=\"wpr-grid-item-inner\"><div class=\"wpr-grid-media-wrap wpr-effect-size-medium \" data-overlay-link=\"yes\"><div class=\"wpr-grid-image-wrap\" data-src=\"https:\/\/reterr.it\/wp-content\/uploads\/2025\/11\/253L1050646-300x225.webp\" data-img-on-hover=\"\"  data-src-secondary=\"\"><img decoding=\"async\" data-no-lazy=\"1\" src=\"https:\/\/reterr.it\/wp-content\/uploads\/2025\/11\/253L1050646-300x225.webp\" alt=\"Ghana- Operazione &#8220;Maame Adjeibah&#8221;\" class=\"wpr-anim-timing-ease-default\"><\/div><div class=\"wpr-grid-media-hover wpr-animation-wrap\"><div class=\"wpr-grid-media-hover-bg  wpr-overlay-fade-in wpr-anim-size-large wpr-anim-timing-ease-default wpr-anim-transparency\" data-url=\"https:\/\/reterr.it\/?p=3863\"><\/div><\/div><\/div><div class=\"wpr-grid-item-below-content elementor-clearfix\"><div class=\"wpr-grid-item-separator elementor-repeater-item-ba10332 wpr-grid-item-display-block wpr-grid-item-align-left wpr-grid-sep-style-2\"><div class=\"inner-block\"><span><\/span><\/div><\/div><h2 class=\"wpr-grid-item-title elementor-repeater-item-564d754 wpr-grid-item-display-block wpr-grid-item-align-center wpr-pointer-none wpr-pointer-line-fx wpr-pointer-fx-fade\"><div class=\"inner-block\"><a target=\"_self\"  href=\"https:\/\/reterr.it\/?p=3863\">Ghana- Operazione &#8220;Maame Adjeibah&#8221;<\/a><\/div><\/h2><div class=\"wpr-grid-item-separator elementor-repeater-item-22070f9 wpr-grid-item-display-block wpr-grid-item-align-left wpr-grid-sep-style-1\"><div class=\"inner-block\"><span><\/span><\/div><\/div><div class=\"wpr-grid-item-excerpt elementor-repeater-item-3891672 wpr-grid-item-display-block wpr-grid-item-align-center\"><div class=\"inner-block\"><p>RRR Verona\u00a0\u00a0<\/p><\/div><\/div><div class=\"wpr-grid-item-date elementor-repeater-item-9bc7f57 wpr-grid-item-display-block wpr-grid-item-align-center\"><div class=\"inner-block\"><span>Novembre 2025<\/span><\/div><\/div><\/div><\/div><\/article><article class=\"wpr-grid-item elementor-clearfix post-3665 post type-post status-publish format-standard has-post-thumbnail hentry category-operazioni category-rete-treviso category-veneto\"><div class=\"wpr-grid-item-inner\"><div class=\"wpr-grid-media-wrap wpr-effect-size-medium \" data-overlay-link=\"yes\"><div class=\"wpr-grid-image-wrap\" data-src=\"https:\/\/reterr.it\/wp-content\/uploads\/2025\/11\/4-1-e1762850808147-300x192.jpg\" data-img-on-hover=\"\"  data-src-secondary=\"\"><img decoding=\"async\" data-no-lazy=\"1\" src=\"https:\/\/reterr.it\/wp-content\/uploads\/2025\/11\/4-1-e1762850808147-300x192.jpg\" alt=\"Ecuador- SOSTEGNO EDUCATIVO E ALIMENTARE A BAMBINI E ADOLESCENTI VULNERABILI\" class=\"wpr-anim-timing-ease-default\"><\/div><div class=\"wpr-grid-media-hover wpr-animation-wrap\"><div class=\"wpr-grid-media-hover-bg  wpr-overlay-fade-in wpr-anim-size-large wpr-anim-timing-ease-default wpr-anim-transparency\" data-url=\"https:\/\/reterr.it\/?p=3665\"><\/div><\/div><\/div><div class=\"wpr-grid-item-below-content elementor-clearfix\"><div class=\"wpr-grid-item-separator elementor-repeater-item-ba10332 wpr-grid-item-display-block wpr-grid-item-align-left wpr-grid-sep-style-2\"><div class=\"inner-block\"><span><\/span><\/div><\/div><h2 class=\"wpr-grid-item-title elementor-repeater-item-564d754 wpr-grid-item-display-block wpr-grid-item-align-center wpr-pointer-none wpr-pointer-line-fx wpr-pointer-fx-fade\"><div class=\"inner-block\"><a target=\"_self\"  href=\"https:\/\/reterr.it\/?p=3665\">Ecuador- SOSTEGNO EDUCATIVO E ALIMENTARE A BAMBINI E ADOLESCENTI VULNERABILI<\/a><\/div><\/h2><div class=\"wpr-grid-item-separator elementor-repeater-item-22070f9 wpr-grid-item-display-block wpr-grid-item-align-left wpr-grid-sep-style-1\"><div class=\"inner-block\"><span><\/span><\/div><\/div><div class=\"wpr-grid-item-excerpt elementor-repeater-item-3891672 wpr-grid-item-display-block wpr-grid-item-align-center\"><div class=\"inner-block\"><p>RRR Treviso\u00a0\u00a0<\/p><\/div><\/div><div class=\"wpr-grid-item-date elementor-repeater-item-9bc7f57 wpr-grid-item-display-block wpr-grid-item-align-center\"><div class=\"inner-block\"><span>Novembre 2025<\/span><\/div><\/div><\/div><\/div><\/article><article class=\"wpr-grid-item elementor-clearfix post-3654 post type-post status-publish format-standard has-post-thumbnail hentry category-operazioni category-piemonte category-rete-casale\"><div class=\"wpr-grid-item-inner\"><div class=\"wpr-grid-media-wrap wpr-effect-size-medium \" data-overlay-link=\"yes\"><div class=\"wpr-grid-image-wrap\" data-src=\"https:\/\/reterr.it\/wp-content\/uploads\/2025\/11\/foto-operazione-Wan-Oparo1-e1762850117116-300x205.jpg\" data-img-on-hover=\"\"  data-src-secondary=\"\"><img decoding=\"async\" data-no-lazy=\"1\" src=\"https:\/\/reterr.it\/wp-content\/uploads\/2025\/11\/foto-operazione-Wan-Oparo1-e1762850117116-300x205.jpg\" alt=\"Uganda &#8211; Operazione &#8220;WAN OPARO&#8221;\" class=\"wpr-anim-timing-ease-default\"><\/div><div class=\"wpr-grid-media-hover wpr-animation-wrap\"><div class=\"wpr-grid-media-hover-bg  wpr-overlay-fade-in wpr-anim-size-large wpr-anim-timing-ease-default wpr-anim-transparency\" data-url=\"https:\/\/reterr.it\/?p=3654\"><\/div><\/div><\/div><div class=\"wpr-grid-item-below-content elementor-clearfix\"><div class=\"wpr-grid-item-separator elementor-repeater-item-ba10332 wpr-grid-item-display-block wpr-grid-item-align-left wpr-grid-sep-style-2\"><div class=\"inner-block\"><span><\/span><\/div><\/div><h2 class=\"wpr-grid-item-title elementor-repeater-item-564d754 wpr-grid-item-display-block wpr-grid-item-align-center wpr-pointer-none wpr-pointer-line-fx wpr-pointer-fx-fade\"><div class=\"inner-block\"><a target=\"_self\"  href=\"https:\/\/reterr.it\/?p=3654\">Uganda &#8211; Operazione &#8220;WAN OPARO&#8221;<\/a><\/div><\/h2><div class=\"wpr-grid-item-separator elementor-repeater-item-22070f9 wpr-grid-item-display-block wpr-grid-item-align-left wpr-grid-sep-style-1\"><div class=\"inner-block\"><span><\/span><\/div><\/div><div class=\"wpr-grid-item-excerpt elementor-repeater-item-3891672 wpr-grid-item-display-block wpr-grid-item-align-center\"><div class=\"inner-block\"><p>RRR Casale<\/p><\/div><\/div><div class=\"wpr-grid-item-date elementor-repeater-item-9bc7f57 wpr-grid-item-display-block wpr-grid-item-align-center\"><div class=\"inner-block\"><span>Novembre 2025<\/span><\/div><\/div><\/div><\/div><\/article><\/section>\t\t\t\t<\/div>\n\t\t\t\t<\/div>\n\t\t\t\t<\/div>\n\t\t\t\t<\/div>\n\t\t\t\t\t<\/div>\n\t\t\t\t<\/div>\n\t\t\t\t<\/div>\n\t\t","protected":false},"excerpt":{"rendered":"<p>RRR Cagliari\u00a0\u00a0 Operazione CLINICA INTEGRATA PEQUENA PONTE \u00a0Luogo: Brasile.\u00a0Data inizio: 2023\u00a0\u00a0Referenti locali: Maria Rita Alves\u00a0Rete di riferimento: Rete di Cagliari\u00a0Contesto:quartiere popolare di Salvador Bahia\u00a0 Obiettivi: integrazione di accoglienza e assistenza sanitaria a bambini\/adolescenti disagiati, in situazione di povert\u00e0 \u00a0Breve Descrizione dell&#8217;operazione: SOSTEGNO ALL\u2019ASSISTENZA SANITARIA AI BAMBINI E ALLE FAMIGLIE DISAGIATE A SALVADOR BAHIA\u00abQuesta Operazione nasce dall\u2019interazione fra l\u2019\u201cAssociazione Piccola Fraternit\u00e0\u201d e la \u201cClinica Integrata Piccolo Ponte\u201d. La Piccola Fraternit\u00e0 \u00e8 una associazione nata nel 1995 in un quartiere popolare, la Favela Areal a Salvador Bahia, promossa dal Piccolo fratello Giovanni Cara (cagliaritano) coadiuvato dalla referente Rita Maria Alves con l\u2019intento di accogliere bambini disagiati, altrimenti per strada, assicurando un pasto, un supporto alla scolarizzazione con accompagnamento fino alla universit\u00e0 e introducendoli allo sviluppo dell\u2019attivit\u00e0 sportiva utilizzato come metodo di formazione. Rita Maria, biologa, si \u00e8 iscritta alla facolt\u00e0 di medicina ed \u00e8 riuscita ad avviare una struttura: \u201cClinica Integrata piccolo Ponte\u201d, costituendo un collegamento fra Universit\u00e0 e l\u2019associazione per poter assicurare assistenza sanitaria. Contributo richiesto: stipendio per mezza giornata (4 ore) per tecnico infermieristico\u00bb.\u00a0Sostegno economico annuo della Rete: 3600,00 Euro annui\u00a0 All Posts Operazioni Ghana- Operazione &#8220;Maame Adjeibah&#8221; RRR Verona\u00a0\u00a0 Novembre 2025 Ecuador- SOSTEGNO EDUCATIVO E ALIMENTARE A BAMBINI E ADOLESCENTI VULNERABILI RRR Treviso\u00a0\u00a0 Novembre 2025 Uganda &#8211; Operazione &#8220;WAN OPARO&#8221; RRR Casale Novembre 2025<\/p>\n","protected":false},"author":1,"featured_media":3617,"comment_status":"closed","ping_status":"closed","sticky":false,"template":"","format":"standard","meta":{"footnotes":""},"categories":[4,27,26],"tags":[],"class_list":["post-3586","post","type-post","status-publish","format-standard","has-post-thumbnail","hentry","category-operazioni","category-rete-cagliari","category-sardegna"],"_links":{"self":[{"href":"https:\/\/reterr.it\/index.php?rest_route=\/wp\/v2\/posts\/3586","targetHints":{"allow":["GET"]}}],"collection":[{"href":"https:\/\/reterr.it\/index.php?rest_route=\/wp\/v2\/posts"}],"about":[{"href":"https:\/\/reterr.it\/index.php?rest_route=\/wp\/v2\/types\/post"}],"author":[{"embeddable":true,"href":"https:\/\/reterr.it\/index.php?rest_route=\/wp\/v2\/users\/1"}],"replies":[{"embeddable":true,"href":"https:\/\/reterr.it\/index.php?rest_route=%2Fwp%2Fv2%2Fcomments&post=3586"}],"version-history":[{"count":8,"href":"https:\/\/reterr.it\/index.php?rest_route=\/wp\/v2\/posts\/3586\/revisions"}],"predecessor-version":[{"id":3894,"href":"https:\/\/reterr.it\/index.php?rest_route=\/wp\/v2\/posts\/3586\/revisions\/3894"}],"wp:featuredmedia":[{"embeddable":true,"href":"https:\/\/reterr.it\/index.php?rest_route=\/wp\/v2\/media\/3617"}],"wp:attachment":[{"href":"https:\/\/reterr.it\/index.php?rest_route=%2Fwp%2Fv2%2Fmedia&parent=3586"}],"wp:term":[{"taxonomy":"category","embeddable":true,"href":"https:\/\/reterr.it\/index.php?rest_route=%2Fwp%2Fv2%2Fcategories&post=3586"},{"taxonomy":"post_tag","embeddable":true,"href":"https:\/\/reterr.it\/index.php?rest_route=%2Fwp%2Fv2%2Ftags&post=3586"}],"curies":[{"name":"wp","href":"https:\/\/api.w.org\/{rel}","templated":true}]}}