{"id":3605,"date":"2025-11-10T15:46:32","date_gmt":"2025-11-10T15:46:32","guid":{"rendered":"https:\/\/reterr.it\/?p=3605"},"modified":"2025-11-18T16:21:48","modified_gmt":"2025-11-18T16:21:48","slug":"pacto-ecuador-sostegno-al-frente-antiminero-di-pacto","status":"publish","type":"post","link":"https:\/\/reterr.it\/?p=3605","title":{"rendered":"Pacto, Ecuador &#8211; Sostegno al Frente Antiminero di Pacto"},"content":{"rendered":"\t\t<div data-elementor-type=\"wp-post\" data-elementor-id=\"3605\" class=\"elementor elementor-3605\">\n\t\t\t\t<div class=\"elementor-element elementor-element-20cd3a0 e-flex e-con-boxed elementor-repeater-item-default_padding elementor-repeater-item-none elementor-repeater-item-none_hover e-con e-parent\" data-id=\"20cd3a0\" data-element_type=\"container\" data-settings=\"{&quot;ang_container_spacing_size&quot;:&quot;default_padding&quot;}\">\n\t\t\t\t\t<div class=\"e-con-inner\">\n\t\t\t\t\t<\/div>\n\t\t\t\t<\/div>\n\t\t<div class=\"elementor-element elementor-element-223908c e-flex e-con-boxed elementor-repeater-item-default_padding elementor-repeater-item-none elementor-repeater-item-none_hover e-con e-parent\" data-id=\"223908c\" data-element_type=\"container\" data-settings=\"{&quot;ang_container_spacing_size&quot;:&quot;default_padding&quot;}\">\n\t\t\t\t\t<div class=\"e-con-inner\">\n\t\t<div class=\"elementor-element elementor-element-b3f5f65 e-con-full e-flex elementor-repeater-item-default_padding elementor-repeater-item-none elementor-repeater-item-none_hover e-con e-child\" data-id=\"b3f5f65\" data-element_type=\"container\" data-settings=\"{&quot;ang_container_spacing_size&quot;:&quot;default_padding&quot;}\">\n\t\t\t\t<div class=\"elementor-element elementor-element-a17b72a external_elementor-repeater-item-none_external elementor-repeater-item-none elementor-repeater-item-none_hover elementor-widget elementor-widget-image\" data-id=\"a17b72a\" data-element_type=\"widget\" data-widget_type=\"image.default\">\n\t\t\t\t<div class=\"elementor-widget-container\">\n\t\t\t\t\t\t\t\t\t\t\t\t\t\t\t<img fetchpriority=\"high\" decoding=\"async\" width=\"768\" height=\"1024\" src=\"https:\/\/reterr.it\/wp-content\/uploads\/2025\/11\/foto-operazione-Frente-Antiminero4-768x1024.jpg\" class=\"attachment-large size-large wp-image-3606\" alt=\"\" srcset=\"https:\/\/reterr.it\/wp-content\/uploads\/2025\/11\/foto-operazione-Frente-Antiminero4-768x1024.jpg 768w, https:\/\/reterr.it\/wp-content\/uploads\/2025\/11\/foto-operazione-Frente-Antiminero4-225x300.jpg 225w, https:\/\/reterr.it\/wp-content\/uploads\/2025\/11\/foto-operazione-Frente-Antiminero4-1152x1536.jpg 1152w, https:\/\/reterr.it\/wp-content\/uploads\/2025\/11\/foto-operazione-Frente-Antiminero4.jpg 1200w\" sizes=\"(max-width: 768px) 100vw, 768px\" \/>\t\t\t\t\t\t\t\t\t\t\t\t\t\t\t<\/div>\n\t\t\t\t<\/div>\n\t\t\t\t<div class=\"elementor-element elementor-element-44f57a9 elementor-repeater-item-shadow_2 elementor-repeater-item-none_hover elementor-widget elementor-widget-text-editor\" data-id=\"44f57a9\" data-element_type=\"widget\" data-widget_type=\"text-editor.default\">\n\t\t\t\t<div class=\"elementor-widget-container\">\n\t\t\t\t\t\t\t\t\t<div class=\"elementor-widget-container\">RRR Trento<\/div><div>\u00a0<\/div><div>\u00a0<\/div><h3 class=\"elementor-widget-container\" style=\"text-align: center;\">Operazione\u00a0Sostegno al Frente Antiminero di Pacto (Ecuador)<\/h3><div>\u00a0<\/div><div class=\"elementor-widget-container\"><strong>Luogo: <\/strong>Pacto (Ecuador)<\/div><div>\u00a0<\/div><div class=\"elementor-widget-container\"><strong>Data inizio: <\/strong>maggio 2023 (conclusione prevista 2025)<\/div><div>\u00a0<\/div><div class=\"elementor-widget-container\"><strong>Referenti locali: <\/strong>Eddyn Javier Cortez Duran, vicepresidente del Frente Antiminero di Pacto, Yuli Isamar Tenorio Barragan, avvocata del Frente.<\/div><div>\u00a0<\/div><div class=\"elementor-widget-container\"><strong>Rete di riferimento: <\/strong>Rete di Trento<\/div><div>\u00a0<\/div><div class=\"elementor-widget-container\"><p><strong>Contesto:<\/strong><\/p><p>Nel 2022 la Rete Trentina, attraverso la Fondazione Altromercato di Trento, \u00e8 entrata in contatto con la Cooperativa Copropac, che produce pan\u00e8la di zucchero di canna nella zona di Pacto, 100 km a nord-ovest della capitale Quito. La pan\u00e8la viene commercializzata in Italia da Altromercato con il marchio Dulcita. Da contatti con i vertici della cooperativa si \u00e8 appreso che l\u2019attivit\u00e0 agricola e la stessa sopravvivenza della popolazione era minacciata dallo sfruttamento minerario della zona, che rientra nella Riserva della Biosfera del Choc\u00f2 Andino di Pacto. La richiesta proveniente dai contadini di Pacto era quella di sostenere la loro lotta politica contro lo sfruttamento minerario della zona.\u00a0<\/p><p>I contatti sono stati avviati attraverso mail e collegamenti video e si sono consolidati in un incontro svoltosi a Trento il 19 marzo 2023 con i vertici della cooperativa Copropac e del <b>Frente Antiminero Pacto por la Vida el Agua y la Naturaleza<\/b>, che riunisce varie realt\u00e0 della zona. Successivamente si sono recati a Pacto i rappresentanti della Rete trentina Chiara Arnoldi e Gianni Pallaoro, in occasione di un viaggio organizzato dalla Fondazione Altromercato.<\/p><p><b>La vicenda.<\/b> Nel 2018 il Ministero delle Risorse Naturali Non Rinnovabili ha approvato 15 concessioni minerarie all\u2019interno della Riserva della Biosfera, in spregio alle norme di tutela ambientale. Alcune multinazionali minerarie hanno cominciato a scavare, illegalmente in quanto prive di licenza ambientale. Il pretesto era di fare sondaggi, in realt\u00e0 hanno scavato gallerie di vari chilometri e miniere a cielo aperto.\u00a0<\/p><p>Le concessioni minerarie riguardano pi\u00f9 di 4.600 ettari e, se messe in atto, avrebbero un impatto devastante sulle comunit\u00e0 di Pacto e di Gualea, con stravolgimento dell\u2019ambiente naturale, distruzione di un ecosistema particolarmente ricco di biodiversit\u00e0, inquinamento irrimediabile del bacino del fiume Chirapi.\u00a0<\/p><p>E\u2019 per scongiurare questi rischi che i contadini di Copropap insieme ad alcune associazioni coordinate dal Municipio di Pacto hanno dato vita al Frente antiminero, il cui primo obiettivo \u00e8 stato quello di chiedere un referendum a difesa dei loro diritti costituzionali. Nonostante le difficolt\u00e0 frapposte dalle autorit\u00e0 giudiziarie e le minacce delle aziende minerarie contro i contadini, il Frente \u00e8 riuscito a raccogliere le firme necessarie,\u00a0<\/p><p>Il referendum si \u00e8 svolto n<b>el 2023 ed \u00e8 stato vinto con il 68,05% dei voti.<\/b> Grazie a quella vittoria, i contratti con le societ\u00e0 minerarie non sono stati rinnovati e l\u2019attivit\u00e0 di estrazione \u00e8 cessata. Solo una societ\u00e0 era riuscita a rinnovare il suo contratto prima del referendum ma, in seguito all\u2019esito positivo dello stesso, aveva dovuto comunque sospendere l\u2019attivit\u00e0 estrattiva.\u00a0<\/p><p>Contro questa miniera e contro le autorit\u00e0 pubbliche che hanno permesso la prosecuzione dell\u2019attivit\u00e0 estrattiva, il Frente Antiminero ha avviato una causa e l\u2019ha vinta. Gran parte delle spese per il referendum, per la resistenza dei contadini e per la causa giudiziaria contro la miniera sono state sostenute dall\u2019operazione della Rete Radi\u00e9 Resch.<\/p><\/div><div>\u00a0<\/div><div><p><strong>Obiettivi:\u00a0<\/strong><\/p><ul><li aria-level=\"1\">difesa legale delle persone impegnate nella resistenza contro lo sfruttamento minerario, che sono state incriminate in seguito ai blocchi stradali<\/li><li aria-level=\"1\">sostegno economico e sanitario ad alcuni contadini partecipanti alla resistenza, che per la fortissima pressione psicologica si sono ammalati<\/li><li aria-level=\"1\">spese per la campagna referendaria e per l\u2019organizzazione dei pres\u00ecdi stradali.<\/li><\/ul><\/div><div>\u00a0<\/div><div><strong>Sostegno economico annuo della Rete: <\/strong><\/div><div>Il Coordinamento della Rete del 13\/14 maggio 2023 (Firenze) ha approvato l\u2019operazione per l\u2019importo di 3.000 euro per il 2023 e di 2.700 euro per il 2024 e 2025.<\/div><div>\u00a0<\/div>\t\t\t\t\t\t\t\t<\/div>\n\t\t\t\t<\/div>\n\t\t\t\t<div class=\"elementor-element elementor-element-a8b8f92 external_elementor-repeater-item-none_external elementor-repeater-item-none elementor-repeater-item-none_hover elementor-widget elementor-widget-image\" data-id=\"a8b8f92\" data-element_type=\"widget\" data-widget_type=\"image.default\">\n\t\t\t\t<div class=\"elementor-widget-container\">\n\t\t\t\t\t\t\t\t\t\t\t\t\t\t\t<img decoding=\"async\" width=\"800\" height=\"486\" src=\"https:\/\/reterr.it\/wp-content\/uploads\/2025\/11\/foto-operazione-Frente-Antiminero2-1024x622.jpg\" class=\"attachment-large size-large wp-image-3608\" alt=\"\" srcset=\"https:\/\/reterr.it\/wp-content\/uploads\/2025\/11\/foto-operazione-Frente-Antiminero2-1024x622.jpg 1024w, https:\/\/reterr.it\/wp-content\/uploads\/2025\/11\/foto-operazione-Frente-Antiminero2-300x182.jpg 300w, https:\/\/reterr.it\/wp-content\/uploads\/2025\/11\/foto-operazione-Frente-Antiminero2-768x467.jpg 768w, https:\/\/reterr.it\/wp-content\/uploads\/2025\/11\/foto-operazione-Frente-Antiminero2.jpg 1200w\" sizes=\"(max-width: 800px) 100vw, 800px\" \/>\t\t\t\t\t\t\t\t\t\t\t\t\t\t\t<\/div>\n\t\t\t\t<\/div>\n\t\t\t\t<div class=\"elementor-element elementor-element-6d9122e external_elementor-repeater-item-none_external elementor-repeater-item-none elementor-repeater-item-none_hover elementor-widget elementor-widget-image\" data-id=\"6d9122e\" data-element_type=\"widget\" data-widget_type=\"image.default\">\n\t\t\t\t<div class=\"elementor-widget-container\">\n\t\t\t\t\t\t\t\t\t\t\t\t\t\t\t<img decoding=\"async\" width=\"768\" height=\"1024\" src=\"https:\/\/reterr.it\/wp-content\/uploads\/2025\/11\/foto-operazione-Frente-Antiminero1-768x1024.jpg\" class=\"attachment-large size-large wp-image-3609\" alt=\"\" srcset=\"https:\/\/reterr.it\/wp-content\/uploads\/2025\/11\/foto-operazione-Frente-Antiminero1-768x1024.jpg 768w, https:\/\/reterr.it\/wp-content\/uploads\/2025\/11\/foto-operazione-Frente-Antiminero1-225x300.jpg 225w, https:\/\/reterr.it\/wp-content\/uploads\/2025\/11\/foto-operazione-Frente-Antiminero1-1152x1536.jpg 1152w, https:\/\/reterr.it\/wp-content\/uploads\/2025\/11\/foto-operazione-Frente-Antiminero1.jpg 1200w\" sizes=\"(max-width: 768px) 100vw, 768px\" \/>\t\t\t\t\t\t\t\t\t\t\t\t\t\t\t<\/div>\n\t\t\t\t<\/div>\n\t\t\t\t<\/div>\n\t\t<div class=\"elementor-element elementor-element-bbfe093 e-con-full e-flex elementor-repeater-item-default_padding elementor-repeater-item-none elementor-repeater-item-none_hover e-con e-child\" data-id=\"bbfe093\" data-element_type=\"container\" data-settings=\"{&quot;ang_container_spacing_size&quot;:&quot;default_padding&quot;}\">\n\t\t<div class=\"elementor-element elementor-element-e257114 e-con-full e-flex elementor-repeater-item-default_padding elementor-repeater-item-none elementor-repeater-item-none_hover e-con e-child\" data-id=\"e257114\" data-element_type=\"container\" data-settings=\"{&quot;ang_container_spacing_size&quot;:&quot;default_padding&quot;}\">\n\t\t\t\t<div class=\"elementor-element elementor-element-aff0cae wpr-grid-columns-1 wpr-item-styles-wrapper wpr-grid-columns--tablet2 wpr-grid-columns--mobile1 elementor-repeater-item-none elementor-repeater-item-none_hover elementor-widget elementor-widget-wpr-grid\" data-id=\"aff0cae\" data-element_type=\"widget\" data-widget_type=\"wpr-grid.default\">\n\t\t\t\t<div class=\"elementor-widget-container\">\n\t\t\t\t\t<ul class=\"wpr-grid-filters elementor-clearfix wpr-grid-filters-sep-right\"><li class=\" wpr-pointer-none wpr-pointer-line-fx wpr-pointer-fx-none\"><span  data-filter=\"*\" class=\"wpr-grid-filters-item wpr-active-filter \">All Posts<\/span><em class=\"wpr-grid-filters-sep\"><\/em><\/li><li class=\" wpr-pointer-none wpr-pointer-line-fx wpr-pointer-fx-none\"><span   data-ajax-filter=[\"category\",\"operazioni\"]  data-filter=\".category-operazioni\">Operazioni<\/span><em class=\"wpr-grid-filters-sep\"><\/em><\/li><\/ul><section class=\"wpr-grid elementor-clearfix\" data-settings=\"{&quot;layout&quot;:&quot;fitRows&quot;,&quot;stick_last_element_to_bottom&quot;:&quot;&quot;,&quot;columns_desktop&quot;:&quot;1&quot;,&quot;gutter_hr&quot;:15,&quot;gutter_hr_mobile&quot;:15,&quot;gutter_hr_mobile_extra&quot;:15,&quot;gutter_hr_tablet&quot;:15,&quot;gutter_hr_tablet_extra&quot;:15,&quot;gutter_hr_laptop&quot;:15,&quot;gutter_hr_widescreen&quot;:15,&quot;gutter_vr&quot;:15,&quot;gutter_vr_mobile&quot;:15,&quot;gutter_vr_mobile_extra&quot;:15,&quot;gutter_vr_tablet&quot;:15,&quot;gutter_vr_tablet_extra&quot;:15,&quot;gutter_vr_laptop&quot;:15,&quot;gutter_vr_widescreen&quot;:15,&quot;animation&quot;:&quot;default&quot;,&quot;animation_duration&quot;:0.3,&quot;animation_delay&quot;:0.1,&quot;deeplinking&quot;:&quot;&quot;,&quot;filters_linkable&quot;:&quot;no&quot;,&quot;filters_default_filter&quot;:&quot;&quot;,&quot;filters_count&quot;:&quot;&quot;,&quot;filters_hide_empty&quot;:&quot;no&quot;,&quot;filters_animation&quot;:&quot;default&quot;,&quot;filters_animation_duration&quot;:0.3,&quot;filters_animation_delay&quot;:0.1,&quot;pagination_type&quot;:&quot;load-more&quot;,&quot;pagination_max_pages&quot;:7,&quot;lightbox&quot;:{&quot;selector&quot;:&quot;.wpr-grid-image-wrap&quot;,&quot;iframeMaxWidth&quot;:&quot;60%&quot;,&quot;hash&quot;:false,&quot;autoplay&quot;:&quot;true&quot;,&quot;pause&quot;:5000,&quot;progressBar&quot;:&quot;true&quot;,&quot;counter&quot;:&quot;true&quot;,&quot;controls&quot;:&quot;true&quot;,&quot;getCaptionFromTitleOrAlt&quot;:&quot;true&quot;,&quot;thumbnail&quot;:&quot;&quot;,&quot;showThumbByDefault&quot;:&quot;&quot;,&quot;share&quot;:&quot;&quot;,&quot;zoom&quot;:&quot;true&quot;,&quot;fullScreen&quot;:&quot;true&quot;,&quot;download&quot;:&quot;true&quot;}}\"><article class=\"wpr-grid-item elementor-clearfix post-3863 post type-post status-publish format-standard has-post-thumbnail hentry category-operazioni category-rete-verona category-veneto\"><div class=\"wpr-grid-item-inner\"><div class=\"wpr-grid-media-wrap wpr-effect-size-medium \" data-overlay-link=\"yes\"><div class=\"wpr-grid-image-wrap\" data-src=\"https:\/\/reterr.it\/wp-content\/uploads\/2025\/11\/253L1050646-300x225.webp\" data-img-on-hover=\"\"  data-src-secondary=\"\"><img decoding=\"async\" data-no-lazy=\"1\" src=\"https:\/\/reterr.it\/wp-content\/uploads\/2025\/11\/253L1050646-300x225.webp\" alt=\"Ghana- Operazione &#8220;Maame Adjeibah&#8221;\" class=\"wpr-anim-timing-ease-default\"><\/div><div class=\"wpr-grid-media-hover wpr-animation-wrap\"><div class=\"wpr-grid-media-hover-bg  wpr-overlay-fade-in wpr-anim-size-large wpr-anim-timing-ease-default wpr-anim-transparency\" data-url=\"https:\/\/reterr.it\/?p=3863\"><\/div><\/div><\/div><div class=\"wpr-grid-item-below-content elementor-clearfix\"><div class=\"wpr-grid-item-separator elementor-repeater-item-ba10332 wpr-grid-item-display-block wpr-grid-item-align-left wpr-grid-sep-style-2\"><div class=\"inner-block\"><span><\/span><\/div><\/div><h2 class=\"wpr-grid-item-title elementor-repeater-item-564d754 wpr-grid-item-display-block wpr-grid-item-align-center wpr-pointer-none wpr-pointer-line-fx wpr-pointer-fx-fade\"><div class=\"inner-block\"><a target=\"_self\"  href=\"https:\/\/reterr.it\/?p=3863\">Ghana- Operazione &#8220;Maame Adjeibah&#8221;<\/a><\/div><\/h2><div class=\"wpr-grid-item-separator elementor-repeater-item-22070f9 wpr-grid-item-display-block wpr-grid-item-align-left wpr-grid-sep-style-1\"><div class=\"inner-block\"><span><\/span><\/div><\/div><div class=\"wpr-grid-item-excerpt elementor-repeater-item-3891672 wpr-grid-item-display-block wpr-grid-item-align-center\"><div class=\"inner-block\"><p>RRR Verona\u00a0\u00a0<\/p><\/div><\/div><div class=\"wpr-grid-item-date elementor-repeater-item-9bc7f57 wpr-grid-item-display-block wpr-grid-item-align-center\"><div class=\"inner-block\"><span>Novembre 2025<\/span><\/div><\/div><\/div><\/div><\/article><article class=\"wpr-grid-item elementor-clearfix post-3665 post type-post status-publish format-standard has-post-thumbnail hentry category-operazioni category-rete-treviso category-veneto\"><div class=\"wpr-grid-item-inner\"><div class=\"wpr-grid-media-wrap wpr-effect-size-medium \" data-overlay-link=\"yes\"><div class=\"wpr-grid-image-wrap\" data-src=\"https:\/\/reterr.it\/wp-content\/uploads\/2025\/11\/4-1-e1762850808147-300x192.jpg\" data-img-on-hover=\"\"  data-src-secondary=\"\"><img decoding=\"async\" data-no-lazy=\"1\" src=\"https:\/\/reterr.it\/wp-content\/uploads\/2025\/11\/4-1-e1762850808147-300x192.jpg\" alt=\"Ecuador- SOSTEGNO EDUCATIVO E ALIMENTARE A BAMBINI E ADOLESCENTI VULNERABILI\" class=\"wpr-anim-timing-ease-default\"><\/div><div class=\"wpr-grid-media-hover wpr-animation-wrap\"><div class=\"wpr-grid-media-hover-bg  wpr-overlay-fade-in wpr-anim-size-large wpr-anim-timing-ease-default wpr-anim-transparency\" data-url=\"https:\/\/reterr.it\/?p=3665\"><\/div><\/div><\/div><div class=\"wpr-grid-item-below-content elementor-clearfix\"><div class=\"wpr-grid-item-separator elementor-repeater-item-ba10332 wpr-grid-item-display-block wpr-grid-item-align-left wpr-grid-sep-style-2\"><div class=\"inner-block\"><span><\/span><\/div><\/div><h2 class=\"wpr-grid-item-title elementor-repeater-item-564d754 wpr-grid-item-display-block wpr-grid-item-align-center wpr-pointer-none wpr-pointer-line-fx wpr-pointer-fx-fade\"><div class=\"inner-block\"><a target=\"_self\"  href=\"https:\/\/reterr.it\/?p=3665\">Ecuador- SOSTEGNO EDUCATIVO E ALIMENTARE A BAMBINI E ADOLESCENTI VULNERABILI<\/a><\/div><\/h2><div class=\"wpr-grid-item-separator elementor-repeater-item-22070f9 wpr-grid-item-display-block wpr-grid-item-align-left wpr-grid-sep-style-1\"><div class=\"inner-block\"><span><\/span><\/div><\/div><div class=\"wpr-grid-item-excerpt elementor-repeater-item-3891672 wpr-grid-item-display-block wpr-grid-item-align-center\"><div class=\"inner-block\"><p>RRR Treviso\u00a0\u00a0<\/p><\/div><\/div><div class=\"wpr-grid-item-date elementor-repeater-item-9bc7f57 wpr-grid-item-display-block wpr-grid-item-align-center\"><div class=\"inner-block\"><span>Novembre 2025<\/span><\/div><\/div><\/div><\/div><\/article><article class=\"wpr-grid-item elementor-clearfix post-3654 post type-post status-publish format-standard has-post-thumbnail hentry category-operazioni category-piemonte category-rete-casale\"><div class=\"wpr-grid-item-inner\"><div class=\"wpr-grid-media-wrap wpr-effect-size-medium \" data-overlay-link=\"yes\"><div class=\"wpr-grid-image-wrap\" data-src=\"https:\/\/reterr.it\/wp-content\/uploads\/2025\/11\/foto-operazione-Wan-Oparo1-e1762850117116-300x205.jpg\" data-img-on-hover=\"\"  data-src-secondary=\"\"><img decoding=\"async\" data-no-lazy=\"1\" src=\"https:\/\/reterr.it\/wp-content\/uploads\/2025\/11\/foto-operazione-Wan-Oparo1-e1762850117116-300x205.jpg\" alt=\"Uganda &#8211; Operazione &#8220;WAN OPARO&#8221;\" class=\"wpr-anim-timing-ease-default\"><\/div><div class=\"wpr-grid-media-hover wpr-animation-wrap\"><div class=\"wpr-grid-media-hover-bg  wpr-overlay-fade-in wpr-anim-size-large wpr-anim-timing-ease-default wpr-anim-transparency\" data-url=\"https:\/\/reterr.it\/?p=3654\"><\/div><\/div><\/div><div class=\"wpr-grid-item-below-content elementor-clearfix\"><div class=\"wpr-grid-item-separator elementor-repeater-item-ba10332 wpr-grid-item-display-block wpr-grid-item-align-left wpr-grid-sep-style-2\"><div class=\"inner-block\"><span><\/span><\/div><\/div><h2 class=\"wpr-grid-item-title elementor-repeater-item-564d754 wpr-grid-item-display-block wpr-grid-item-align-center wpr-pointer-none wpr-pointer-line-fx wpr-pointer-fx-fade\"><div class=\"inner-block\"><a target=\"_self\"  href=\"https:\/\/reterr.it\/?p=3654\">Uganda &#8211; Operazione &#8220;WAN OPARO&#8221;<\/a><\/div><\/h2><div class=\"wpr-grid-item-separator elementor-repeater-item-22070f9 wpr-grid-item-display-block wpr-grid-item-align-left wpr-grid-sep-style-1\"><div class=\"inner-block\"><span><\/span><\/div><\/div><div class=\"wpr-grid-item-excerpt elementor-repeater-item-3891672 wpr-grid-item-display-block wpr-grid-item-align-center\"><div class=\"inner-block\"><p>RRR Casale<\/p><\/div><\/div><div class=\"wpr-grid-item-date elementor-repeater-item-9bc7f57 wpr-grid-item-display-block wpr-grid-item-align-center\"><div class=\"inner-block\"><span>Novembre 2025<\/span><\/div><\/div><\/div><\/div><\/article><\/section>\t\t\t\t<\/div>\n\t\t\t\t<\/div>\n\t\t\t\t<\/div>\n\t\t\t\t<\/div>\n\t\t\t\t\t<\/div>\n\t\t\t\t<\/div>\n\t\t\t\t<\/div>\n\t\t","protected":false},"excerpt":{"rendered":"<p>RRR Trento\u00a0\u00a0 Operazione\u00a0Sostegno al Frente Antiminero di Pacto (Ecuador) \u00a0Luogo: Pacto (Ecuador)\u00a0Data inizio: maggio 2023 (conclusione prevista 2025)\u00a0Referenti locali: Eddyn Javier Cortez Duran, vicepresidente del Frente Antiminero di Pacto, Yuli Isamar Tenorio Barragan, avvocata del Frente.\u00a0Rete di riferimento: Rete di Trento\u00a0 Contesto: Nel 2022 la Rete Trentina, attraverso la Fondazione Altromercato di Trento, \u00e8 entrata in contatto con la Cooperativa Copropac, che produce pan\u00e8la di zucchero di canna nella zona di Pacto, 100 km a nord-ovest della capitale Quito. La pan\u00e8la viene commercializzata in Italia da Altromercato con il marchio Dulcita. Da contatti con i vertici della cooperativa si \u00e8 appreso che l\u2019attivit\u00e0 agricola e la stessa sopravvivenza della popolazione era minacciata dallo sfruttamento minerario della zona, che rientra nella Riserva della Biosfera del Choc\u00f2 Andino di Pacto. La richiesta proveniente dai contadini di Pacto era quella di sostenere la loro lotta politica contro lo sfruttamento minerario della zona.\u00a0 I contatti sono stati avviati attraverso mail e collegamenti video e si sono consolidati in un incontro svoltosi a Trento il 19 marzo 2023 con i vertici della cooperativa Copropac e del Frente Antiminero Pacto por la Vida el Agua y la Naturaleza, che riunisce varie realt\u00e0 della zona. Successivamente si sono recati a Pacto i rappresentanti della Rete trentina Chiara Arnoldi e Gianni Pallaoro, in occasione di un viaggio organizzato dalla Fondazione Altromercato. La vicenda. Nel 2018 il Ministero delle Risorse Naturali Non Rinnovabili ha approvato 15 concessioni minerarie all\u2019interno della Riserva della Biosfera, in spregio alle norme di tutela ambientale. Alcune multinazionali minerarie hanno cominciato a scavare, illegalmente in quanto prive di licenza ambientale. Il pretesto era di fare sondaggi, in realt\u00e0 hanno scavato gallerie di vari chilometri e miniere a cielo aperto.\u00a0 Le concessioni minerarie riguardano pi\u00f9 di 4.600 ettari e, se messe in atto, avrebbero un impatto devastante sulle comunit\u00e0 di Pacto e di Gualea, con stravolgimento dell\u2019ambiente naturale, distruzione di un ecosistema particolarmente ricco di biodiversit\u00e0, inquinamento irrimediabile del bacino del fiume Chirapi.\u00a0 E\u2019 per scongiurare questi rischi che i contadini di Copropap insieme ad alcune associazioni coordinate dal Municipio di Pacto hanno dato vita al Frente antiminero, il cui primo obiettivo \u00e8 stato quello di chiedere un referendum a difesa dei loro diritti costituzionali. Nonostante le difficolt\u00e0 frapposte dalle autorit\u00e0 giudiziarie e le minacce delle aziende minerarie contro i contadini, il Frente \u00e8 riuscito a raccogliere le firme necessarie,\u00a0 Il referendum si \u00e8 svolto nel 2023 ed \u00e8 stato vinto con il 68,05% dei voti. Grazie a quella vittoria, i contratti con le societ\u00e0 minerarie non sono stati rinnovati e l\u2019attivit\u00e0 di estrazione \u00e8 cessata. Solo una societ\u00e0 era riuscita a rinnovare il suo contratto prima del referendum ma, in seguito all\u2019esito positivo dello stesso, aveva dovuto comunque sospendere l\u2019attivit\u00e0 estrattiva.\u00a0 Contro questa miniera e contro le autorit\u00e0 pubbliche che hanno permesso la prosecuzione dell\u2019attivit\u00e0 estrattiva, il Frente Antiminero ha avviato una causa e l\u2019ha vinta. Gran parte delle spese per il referendum, per la resistenza dei contadini e per la causa giudiziaria contro la miniera sono state sostenute dall\u2019operazione della Rete Radi\u00e9 Resch. \u00a0 Obiettivi:\u00a0 difesa legale delle persone impegnate nella resistenza contro lo sfruttamento minerario, che sono state incriminate in seguito ai blocchi stradali sostegno economico e sanitario ad alcuni contadini partecipanti alla resistenza, che per la fortissima pressione psicologica si sono ammalati spese per la campagna referendaria e per l\u2019organizzazione dei pres\u00ecdi stradali. \u00a0Sostegno economico annuo della Rete: Il Coordinamento della Rete del 13\/14 maggio 2023 (Firenze) ha approvato l\u2019operazione per l\u2019importo di 3.000 euro per il 2023 e di 2.700 euro per il 2024 e 2025.\u00a0 All Posts Operazioni Ghana- Operazione &#8220;Maame Adjeibah&#8221; RRR Verona\u00a0\u00a0 Novembre 2025 Ecuador- SOSTEGNO EDUCATIVO E ALIMENTARE A BAMBINI E ADOLESCENTI VULNERABILI RRR Treviso\u00a0\u00a0 Novembre 2025 Uganda &#8211; Operazione &#8220;WAN OPARO&#8221; RRR Casale Novembre 2025<\/p>\n","protected":false},"author":1,"featured_media":3607,"comment_status":"closed","ping_status":"closed","sticky":false,"template":"","format":"standard","meta":{"footnotes":""},"categories":[4,29,28],"tags":[],"class_list":["post-3605","post","type-post","status-publish","format-standard","has-post-thumbnail","hentry","category-operazioni","category-rete-trento","category-trentino-alto-adige"],"_links":{"self":[{"href":"https:\/\/reterr.it\/index.php?rest_route=\/wp\/v2\/posts\/3605","targetHints":{"allow":["GET"]}}],"collection":[{"href":"https:\/\/reterr.it\/index.php?rest_route=\/wp\/v2\/posts"}],"about":[{"href":"https:\/\/reterr.it\/index.php?rest_route=\/wp\/v2\/types\/post"}],"author":[{"embeddable":true,"href":"https:\/\/reterr.it\/index.php?rest_route=\/wp\/v2\/users\/1"}],"replies":[{"embeddable":true,"href":"https:\/\/reterr.it\/index.php?rest_route=%2Fwp%2Fv2%2Fcomments&post=3605"}],"version-history":[{"count":10,"href":"https:\/\/reterr.it\/index.php?rest_route=\/wp\/v2\/posts\/3605\/revisions"}],"predecessor-version":[{"id":3891,"href":"https:\/\/reterr.it\/index.php?rest_route=\/wp\/v2\/posts\/3605\/revisions\/3891"}],"wp:featuredmedia":[{"embeddable":true,"href":"https:\/\/reterr.it\/index.php?rest_route=\/wp\/v2\/media\/3607"}],"wp:attachment":[{"href":"https:\/\/reterr.it\/index.php?rest_route=%2Fwp%2Fv2%2Fmedia&parent=3605"}],"wp:term":[{"taxonomy":"category","embeddable":true,"href":"https:\/\/reterr.it\/index.php?rest_route=%2Fwp%2Fv2%2Fcategories&post=3605"},{"taxonomy":"post_tag","embeddable":true,"href":"https:\/\/reterr.it\/index.php?rest_route=%2Fwp%2Fv2%2Ftags&post=3605"}],"curies":[{"name":"wp","href":"https:\/\/api.w.org\/{rel}","templated":true}]}}