{"id":3621,"date":"2025-11-11T07:53:00","date_gmt":"2025-11-11T07:53:00","guid":{"rendered":"https:\/\/reterr.it\/?p=3621"},"modified":"2025-11-18T16:21:06","modified_gmt":"2025-11-18T16:21:06","slug":"argentina-rafforzamento-dellidentita-culturale-delle-popolazioni-mapuche-e-criollo-campesino","status":"publish","type":"post","link":"https:\/\/reterr.it\/?p=3621","title":{"rendered":"Argentina &#8211; Rafforzamento dell&#8217;identit\u00e0 culturale delle popolazioni Mapuche e Criollo Campesino"},"content":{"rendered":"\t\t<div data-elementor-type=\"wp-post\" data-elementor-id=\"3621\" class=\"elementor elementor-3621\">\n\t\t\t\t<div class=\"elementor-element elementor-element-20cd3a0 e-flex e-con-boxed elementor-repeater-item-default_padding elementor-repeater-item-none elementor-repeater-item-none_hover e-con e-parent\" data-id=\"20cd3a0\" data-element_type=\"container\" data-settings=\"{&quot;ang_container_spacing_size&quot;:&quot;default_padding&quot;}\">\n\t\t\t\t\t<div class=\"e-con-inner\">\n\t\t\t\t\t<\/div>\n\t\t\t\t<\/div>\n\t\t<div class=\"elementor-element elementor-element-223908c e-flex e-con-boxed elementor-repeater-item-default_padding elementor-repeater-item-none elementor-repeater-item-none_hover e-con e-parent\" data-id=\"223908c\" data-element_type=\"container\" data-settings=\"{&quot;ang_container_spacing_size&quot;:&quot;default_padding&quot;}\">\n\t\t\t\t\t<div class=\"e-con-inner\">\n\t\t<div class=\"elementor-element elementor-element-b3f5f65 e-con-full e-flex elementor-repeater-item-default_padding elementor-repeater-item-none elementor-repeater-item-none_hover e-con e-child\" data-id=\"b3f5f65\" data-element_type=\"container\" data-settings=\"{&quot;ang_container_spacing_size&quot;:&quot;default_padding&quot;}\">\n\t\t\t\t<div class=\"elementor-element elementor-element-a17b72a external_elementor-repeater-item-none_external elementor-repeater-item-none elementor-repeater-item-none_hover elementor-widget elementor-widget-image\" data-id=\"a17b72a\" data-element_type=\"widget\" data-widget_type=\"image.default\">\n\t\t\t\t<div class=\"elementor-widget-container\">\n\t\t\t\t\t\t\t\t\t\t\t\t\t\t\t<img fetchpriority=\"high\" decoding=\"async\" width=\"800\" height=\"600\" src=\"https:\/\/reterr.it\/wp-content\/uploads\/2025\/11\/foto-operazione-Mesa-Campesina2-1024x768.jpeg\" class=\"attachment-large size-large wp-image-3624\" alt=\"\" srcset=\"https:\/\/reterr.it\/wp-content\/uploads\/2025\/11\/foto-operazione-Mesa-Campesina2-1024x768.jpeg 1024w, https:\/\/reterr.it\/wp-content\/uploads\/2025\/11\/foto-operazione-Mesa-Campesina2-300x225.jpeg 300w, https:\/\/reterr.it\/wp-content\/uploads\/2025\/11\/foto-operazione-Mesa-Campesina2-768x576.jpeg 768w, https:\/\/reterr.it\/wp-content\/uploads\/2025\/11\/foto-operazione-Mesa-Campesina2.jpeg 1280w\" sizes=\"(max-width: 800px) 100vw, 800px\" \/>\t\t\t\t\t\t\t\t\t\t\t\t\t\t\t<\/div>\n\t\t\t\t<\/div>\n\t\t\t\t<div class=\"elementor-element elementor-element-44f57a9 elementor-repeater-item-shadow_2 elementor-repeater-item-none_hover elementor-widget elementor-widget-text-editor\" data-id=\"44f57a9\" data-element_type=\"widget\" data-widget_type=\"text-editor.default\">\n\t\t\t\t<div class=\"elementor-widget-container\">\n\t\t\t\t\t\t\t\t\t<div class=\"elementor-widget-container\">RRR Noto-Pozzallo-Avola<\/div><div>\u00a0<\/div><div>\u00a0<\/div><h3 class=\"elementor-widget-container\" style=\"text-align: center;\">Operazione \u201cCondividendo la vita con il popolo Mapuche e Campesino a partire dallo spirito che ci unisce\u201d<\/h3><div>\u00a0<\/div><div class=\"elementor-widget-container\"><strong>Luogo: <\/strong>Argentina- Provincia di Neuqu\u00e9n, dipartimento di Loncopu\u00e9 e Norquin<\/div><div>\u00a0<\/div><div class=\"elementor-widget-container\"><strong>Data inizio: <\/strong>Giugno 2023 (durata triennale: 2023-2025)<\/div><div>\u00a0<\/div><div class=\"elementor-widget-container\"><strong>Referenti locali: <\/strong>Viviana Vaca e P. Jos\u00e9 Maria D\u2019Orfeo<\/div><div>\u00a0<\/div><div class=\"elementor-widget-container\"><strong>Rete di riferimento: <\/strong>Rete di Noto, Pozzallo, Avola, Modica<\/div><div>\u00a0<\/div><div class=\"elementor-widget-container\"><p><strong>Contesto:<\/strong><\/p><p>l\u2019operazione costituisce una nuova tappa del decennale cammino di accompagnamento delle comunit\u00e0 indigene e campesine che vivono in questa parte della Patagonia argentina. Si tratta prevalentemente di piccoli allevatori di capre, che praticano la transumanza estiva e vivono un\u2019economia di sussistenza. Le comunit\u00e0 indigene lottano per il\u00a0 mantenimento dei diritti all\u2019autogestione sanciti dalla costituzione, le comunit\u00e0 campesine criolle per avere riconosciuto il diritto a permanere in terre demaniali dove vivono da generazioni. Entrambe le comunit\u00e0 sono e minacciate dall\u2019ingerenza di imprese che vogliono sfruttare il sottosuolo ricco di minerali ed idrocarburi a spese della vivibilit\u00e0 ambientale.<\/p><\/div><div class=\"elementor-widget-container\">Nell\u2019ultimo triennio si \u00e8 dato spazio specialmente all\u2019incontro ed all\u2019 interculturalit\u00e0 tra i due popoli.<\/div><div>\u00a0<\/div><div><p><strong>Obiettivi:\u00a0<\/strong><\/p><p>L\u2019obiettivo del triennio \u00e8 il consolidamento dei processi di accompagnamento interculturale ed il rafforzamento dell\u2019identit\u00e0 culturale del Popolo originario Mapuche e del popolo Criollo Campesino, attraverso un atteggiamento rispettoso, di ascolto e dialogo, difendendo la Vita, l\u2019identit\u00e0 culturale, il territorio e la Casa Comune, conseguendo il \u201cbuen vivir-kume mogen\u201d.<\/p><\/div><div><strong>Breve Descrizione dell&#8217;Operazione:\u00a0<\/strong><\/div><p>Le attivit\u00e0 comprendono:<\/p><ul><li>Spiritualit\u00e0 interculturale: approfondimento della spiritualit\u00e0\/religiosit\u00e0 popolare della cultura campesina e Mapuche, come elemento fondamentale di resistenza, incontri di spiritualit\u00e0 e dialogo interculturale, animazione di spazi celebrativi che fortificano la propria identit\u00e0 di ciascun popolo.<\/li><li>Rafforzamento dell\u2019identit\u00e0 culturale: attraverso la valorizzazione di celebrazioni ancestrali, incontri di spiritualit\u00e0 tra anziani e giovani, corso linguistico di Mapudungun ai giovani delle comunit\u00e0, incontri di donne, laboratori per giovani e bambini, lavorazione dell\u2019argento, della corda, del legno, tessitura al telaio e costruzione di strumenti musicali tradizionali.<\/li><li>Cura della Casa Comune: partecipazione in assemblee in difesa dell\u2019Ambiente, giornate di educazione ambientale con la gente e nelle scuole, collegamento con altri organismi che lottano in difesa dell\u2019ambiente e partecipazione alla rete latinoamericana e caribena \u201cChiesa e Mineria\u201d.<\/li><li>Formazione: formazione per leaders di comunit\u00e0, formazione integrale nei temi guridici, ambientali, amministrativi e sociali.<\/li><\/ul><div>\u00a0<\/div><div><strong>Sostegno economico annuo della Rete:\u00a0<\/strong>5000,00 Euro<\/div><div>\u00a0<\/div>\t\t\t\t\t\t\t\t<\/div>\n\t\t\t\t<\/div>\n\t\t\t\t<div class=\"elementor-element elementor-element-a8b8f92 external_elementor-repeater-item-none_external elementor-repeater-item-none elementor-repeater-item-none_hover elementor-widget elementor-widget-image\" data-id=\"a8b8f92\" data-element_type=\"widget\" data-widget_type=\"image.default\">\n\t\t\t\t<div class=\"elementor-widget-container\">\n\t\t\t\t\t\t\t\t\t\t\t\t\t\t\t<img decoding=\"async\" width=\"800\" height=\"600\" src=\"https:\/\/reterr.it\/wp-content\/uploads\/2025\/11\/foto-operazione-Mesa-Campesina4-1024x768.jpeg\" class=\"attachment-large size-large wp-image-3622\" alt=\"\" srcset=\"https:\/\/reterr.it\/wp-content\/uploads\/2025\/11\/foto-operazione-Mesa-Campesina4-1024x768.jpeg 1024w, https:\/\/reterr.it\/wp-content\/uploads\/2025\/11\/foto-operazione-Mesa-Campesina4-300x225.jpeg 300w, https:\/\/reterr.it\/wp-content\/uploads\/2025\/11\/foto-operazione-Mesa-Campesina4-768x576.jpeg 768w, https:\/\/reterr.it\/wp-content\/uploads\/2025\/11\/foto-operazione-Mesa-Campesina4.jpeg 1280w\" sizes=\"(max-width: 800px) 100vw, 800px\" \/>\t\t\t\t\t\t\t\t\t\t\t\t\t\t\t<\/div>\n\t\t\t\t<\/div>\n\t\t\t\t<div class=\"elementor-element elementor-element-6d9122e external_elementor-repeater-item-none_external elementor-repeater-item-none elementor-repeater-item-none_hover elementor-widget elementor-widget-image\" data-id=\"6d9122e\" data-element_type=\"widget\" data-widget_type=\"image.default\">\n\t\t\t\t<div class=\"elementor-widget-container\">\n\t\t\t\t\t\t\t\t\t\t\t\t\t\t\t<img decoding=\"async\" width=\"800\" height=\"600\" src=\"https:\/\/reterr.it\/wp-content\/uploads\/2025\/11\/foto-operazione-Mesa-Campesina1-1024x768.jpeg\" class=\"attachment-large size-large wp-image-3625\" alt=\"\" srcset=\"https:\/\/reterr.it\/wp-content\/uploads\/2025\/11\/foto-operazione-Mesa-Campesina1-1024x768.jpeg 1024w, https:\/\/reterr.it\/wp-content\/uploads\/2025\/11\/foto-operazione-Mesa-Campesina1-300x225.jpeg 300w, https:\/\/reterr.it\/wp-content\/uploads\/2025\/11\/foto-operazione-Mesa-Campesina1-768x576.jpeg 768w, https:\/\/reterr.it\/wp-content\/uploads\/2025\/11\/foto-operazione-Mesa-Campesina1.jpeg 1280w\" sizes=\"(max-width: 800px) 100vw, 800px\" \/>\t\t\t\t\t\t\t\t\t\t\t\t\t\t\t<\/div>\n\t\t\t\t<\/div>\n\t\t\t\t<\/div>\n\t\t<div class=\"elementor-element elementor-element-bbfe093 e-con-full e-flex elementor-repeater-item-default_padding elementor-repeater-item-none elementor-repeater-item-none_hover e-con e-child\" data-id=\"bbfe093\" data-element_type=\"container\" data-settings=\"{&quot;ang_container_spacing_size&quot;:&quot;default_padding&quot;}\">\n\t\t<div class=\"elementor-element elementor-element-e257114 e-con-full e-flex elementor-repeater-item-default_padding elementor-repeater-item-none elementor-repeater-item-none_hover e-con e-child\" data-id=\"e257114\" data-element_type=\"container\" data-settings=\"{&quot;ang_container_spacing_size&quot;:&quot;default_padding&quot;}\">\n\t\t\t\t<div class=\"elementor-element elementor-element-aff0cae wpr-grid-columns-1 wpr-item-styles-wrapper wpr-grid-columns--tablet2 wpr-grid-columns--mobile1 elementor-repeater-item-none elementor-repeater-item-none_hover elementor-widget elementor-widget-wpr-grid\" data-id=\"aff0cae\" data-element_type=\"widget\" data-widget_type=\"wpr-grid.default\">\n\t\t\t\t<div class=\"elementor-widget-container\">\n\t\t\t\t\t<ul class=\"wpr-grid-filters elementor-clearfix wpr-grid-filters-sep-right\"><li class=\" wpr-pointer-none wpr-pointer-line-fx wpr-pointer-fx-none\"><span  data-filter=\"*\" class=\"wpr-grid-filters-item wpr-active-filter \">All Posts<\/span><em class=\"wpr-grid-filters-sep\"><\/em><\/li><li class=\" wpr-pointer-none wpr-pointer-line-fx wpr-pointer-fx-none\"><span   data-ajax-filter=[\"category\",\"operazioni\"]  data-filter=\".category-operazioni\">Operazioni<\/span><em class=\"wpr-grid-filters-sep\"><\/em><\/li><\/ul><section class=\"wpr-grid elementor-clearfix\" data-settings=\"{&quot;layout&quot;:&quot;fitRows&quot;,&quot;stick_last_element_to_bottom&quot;:&quot;&quot;,&quot;columns_desktop&quot;:&quot;1&quot;,&quot;gutter_hr&quot;:15,&quot;gutter_hr_mobile&quot;:15,&quot;gutter_hr_mobile_extra&quot;:15,&quot;gutter_hr_tablet&quot;:15,&quot;gutter_hr_tablet_extra&quot;:15,&quot;gutter_hr_laptop&quot;:15,&quot;gutter_hr_widescreen&quot;:15,&quot;gutter_vr&quot;:15,&quot;gutter_vr_mobile&quot;:15,&quot;gutter_vr_mobile_extra&quot;:15,&quot;gutter_vr_tablet&quot;:15,&quot;gutter_vr_tablet_extra&quot;:15,&quot;gutter_vr_laptop&quot;:15,&quot;gutter_vr_widescreen&quot;:15,&quot;animation&quot;:&quot;default&quot;,&quot;animation_duration&quot;:0.3,&quot;animation_delay&quot;:0.1,&quot;deeplinking&quot;:&quot;&quot;,&quot;filters_linkable&quot;:&quot;no&quot;,&quot;filters_default_filter&quot;:&quot;&quot;,&quot;filters_count&quot;:&quot;&quot;,&quot;filters_hide_empty&quot;:&quot;no&quot;,&quot;filters_animation&quot;:&quot;default&quot;,&quot;filters_animation_duration&quot;:0.3,&quot;filters_animation_delay&quot;:0.1,&quot;pagination_type&quot;:&quot;load-more&quot;,&quot;pagination_max_pages&quot;:7,&quot;lightbox&quot;:{&quot;selector&quot;:&quot;.wpr-grid-image-wrap&quot;,&quot;iframeMaxWidth&quot;:&quot;60%&quot;,&quot;hash&quot;:false,&quot;autoplay&quot;:&quot;true&quot;,&quot;pause&quot;:5000,&quot;progressBar&quot;:&quot;true&quot;,&quot;counter&quot;:&quot;true&quot;,&quot;controls&quot;:&quot;true&quot;,&quot;getCaptionFromTitleOrAlt&quot;:&quot;true&quot;,&quot;thumbnail&quot;:&quot;&quot;,&quot;showThumbByDefault&quot;:&quot;&quot;,&quot;share&quot;:&quot;&quot;,&quot;zoom&quot;:&quot;true&quot;,&quot;fullScreen&quot;:&quot;true&quot;,&quot;download&quot;:&quot;true&quot;}}\"><article class=\"wpr-grid-item elementor-clearfix post-3863 post type-post status-publish format-standard has-post-thumbnail hentry category-operazioni category-rete-verona category-veneto\"><div class=\"wpr-grid-item-inner\"><div class=\"wpr-grid-media-wrap wpr-effect-size-medium \" data-overlay-link=\"yes\"><div class=\"wpr-grid-image-wrap\" data-src=\"https:\/\/reterr.it\/wp-content\/uploads\/2025\/11\/253L1050646-300x225.webp\" data-img-on-hover=\"\"  data-src-secondary=\"\"><img decoding=\"async\" data-no-lazy=\"1\" src=\"https:\/\/reterr.it\/wp-content\/uploads\/2025\/11\/253L1050646-300x225.webp\" alt=\"Ghana- Operazione &#8220;Maame Adjeibah&#8221;\" class=\"wpr-anim-timing-ease-default\"><\/div><div class=\"wpr-grid-media-hover wpr-animation-wrap\"><div class=\"wpr-grid-media-hover-bg  wpr-overlay-fade-in wpr-anim-size-large wpr-anim-timing-ease-default wpr-anim-transparency\" data-url=\"https:\/\/reterr.it\/?p=3863\"><\/div><\/div><\/div><div class=\"wpr-grid-item-below-content elementor-clearfix\"><div class=\"wpr-grid-item-separator elementor-repeater-item-ba10332 wpr-grid-item-display-block wpr-grid-item-align-left wpr-grid-sep-style-2\"><div class=\"inner-block\"><span><\/span><\/div><\/div><h2 class=\"wpr-grid-item-title elementor-repeater-item-564d754 wpr-grid-item-display-block wpr-grid-item-align-center wpr-pointer-none wpr-pointer-line-fx wpr-pointer-fx-fade\"><div class=\"inner-block\"><a target=\"_self\"  href=\"https:\/\/reterr.it\/?p=3863\">Ghana- Operazione &#8220;Maame Adjeibah&#8221;<\/a><\/div><\/h2><div class=\"wpr-grid-item-separator elementor-repeater-item-22070f9 wpr-grid-item-display-block wpr-grid-item-align-left wpr-grid-sep-style-1\"><div class=\"inner-block\"><span><\/span><\/div><\/div><div class=\"wpr-grid-item-excerpt elementor-repeater-item-3891672 wpr-grid-item-display-block wpr-grid-item-align-center\"><div class=\"inner-block\"><p>RRR Verona\u00a0\u00a0<\/p><\/div><\/div><div class=\"wpr-grid-item-date elementor-repeater-item-9bc7f57 wpr-grid-item-display-block wpr-grid-item-align-center\"><div class=\"inner-block\"><span>Novembre 2025<\/span><\/div><\/div><\/div><\/div><\/article><article class=\"wpr-grid-item elementor-clearfix post-3665 post type-post status-publish format-standard has-post-thumbnail hentry category-operazioni category-rete-treviso category-veneto\"><div class=\"wpr-grid-item-inner\"><div class=\"wpr-grid-media-wrap wpr-effect-size-medium \" data-overlay-link=\"yes\"><div class=\"wpr-grid-image-wrap\" data-src=\"https:\/\/reterr.it\/wp-content\/uploads\/2025\/11\/4-1-e1762850808147-300x192.jpg\" data-img-on-hover=\"\"  data-src-secondary=\"\"><img decoding=\"async\" data-no-lazy=\"1\" src=\"https:\/\/reterr.it\/wp-content\/uploads\/2025\/11\/4-1-e1762850808147-300x192.jpg\" alt=\"Ecuador- SOSTEGNO EDUCATIVO E ALIMENTARE A BAMBINI E ADOLESCENTI VULNERABILI\" class=\"wpr-anim-timing-ease-default\"><\/div><div class=\"wpr-grid-media-hover wpr-animation-wrap\"><div class=\"wpr-grid-media-hover-bg  wpr-overlay-fade-in wpr-anim-size-large wpr-anim-timing-ease-default wpr-anim-transparency\" data-url=\"https:\/\/reterr.it\/?p=3665\"><\/div><\/div><\/div><div class=\"wpr-grid-item-below-content elementor-clearfix\"><div class=\"wpr-grid-item-separator elementor-repeater-item-ba10332 wpr-grid-item-display-block wpr-grid-item-align-left wpr-grid-sep-style-2\"><div class=\"inner-block\"><span><\/span><\/div><\/div><h2 class=\"wpr-grid-item-title elementor-repeater-item-564d754 wpr-grid-item-display-block wpr-grid-item-align-center wpr-pointer-none wpr-pointer-line-fx wpr-pointer-fx-fade\"><div class=\"inner-block\"><a target=\"_self\"  href=\"https:\/\/reterr.it\/?p=3665\">Ecuador- SOSTEGNO EDUCATIVO E ALIMENTARE A BAMBINI E ADOLESCENTI VULNERABILI<\/a><\/div><\/h2><div class=\"wpr-grid-item-separator elementor-repeater-item-22070f9 wpr-grid-item-display-block wpr-grid-item-align-left wpr-grid-sep-style-1\"><div class=\"inner-block\"><span><\/span><\/div><\/div><div class=\"wpr-grid-item-excerpt elementor-repeater-item-3891672 wpr-grid-item-display-block wpr-grid-item-align-center\"><div class=\"inner-block\"><p>RRR Treviso\u00a0\u00a0<\/p><\/div><\/div><div class=\"wpr-grid-item-date elementor-repeater-item-9bc7f57 wpr-grid-item-display-block wpr-grid-item-align-center\"><div class=\"inner-block\"><span>Novembre 2025<\/span><\/div><\/div><\/div><\/div><\/article><article class=\"wpr-grid-item elementor-clearfix post-3654 post type-post status-publish format-standard has-post-thumbnail hentry category-operazioni category-piemonte category-rete-casale\"><div class=\"wpr-grid-item-inner\"><div class=\"wpr-grid-media-wrap wpr-effect-size-medium \" data-overlay-link=\"yes\"><div class=\"wpr-grid-image-wrap\" data-src=\"https:\/\/reterr.it\/wp-content\/uploads\/2025\/11\/foto-operazione-Wan-Oparo1-e1762850117116-300x205.jpg\" data-img-on-hover=\"\"  data-src-secondary=\"\"><img decoding=\"async\" data-no-lazy=\"1\" src=\"https:\/\/reterr.it\/wp-content\/uploads\/2025\/11\/foto-operazione-Wan-Oparo1-e1762850117116-300x205.jpg\" alt=\"Uganda &#8211; Operazione &#8220;WAN OPARO&#8221;\" class=\"wpr-anim-timing-ease-default\"><\/div><div class=\"wpr-grid-media-hover wpr-animation-wrap\"><div class=\"wpr-grid-media-hover-bg  wpr-overlay-fade-in wpr-anim-size-large wpr-anim-timing-ease-default wpr-anim-transparency\" data-url=\"https:\/\/reterr.it\/?p=3654\"><\/div><\/div><\/div><div class=\"wpr-grid-item-below-content elementor-clearfix\"><div class=\"wpr-grid-item-separator elementor-repeater-item-ba10332 wpr-grid-item-display-block wpr-grid-item-align-left wpr-grid-sep-style-2\"><div class=\"inner-block\"><span><\/span><\/div><\/div><h2 class=\"wpr-grid-item-title elementor-repeater-item-564d754 wpr-grid-item-display-block wpr-grid-item-align-center wpr-pointer-none wpr-pointer-line-fx wpr-pointer-fx-fade\"><div class=\"inner-block\"><a target=\"_self\"  href=\"https:\/\/reterr.it\/?p=3654\">Uganda &#8211; Operazione &#8220;WAN OPARO&#8221;<\/a><\/div><\/h2><div class=\"wpr-grid-item-separator elementor-repeater-item-22070f9 wpr-grid-item-display-block wpr-grid-item-align-left wpr-grid-sep-style-1\"><div class=\"inner-block\"><span><\/span><\/div><\/div><div class=\"wpr-grid-item-excerpt elementor-repeater-item-3891672 wpr-grid-item-display-block wpr-grid-item-align-center\"><div class=\"inner-block\"><p>RRR Casale<\/p><\/div><\/div><div class=\"wpr-grid-item-date elementor-repeater-item-9bc7f57 wpr-grid-item-display-block wpr-grid-item-align-center\"><div class=\"inner-block\"><span>Novembre 2025<\/span><\/div><\/div><\/div><\/div><\/article><\/section>\t\t\t\t<\/div>\n\t\t\t\t<\/div>\n\t\t\t\t<\/div>\n\t\t\t\t<\/div>\n\t\t\t\t\t<\/div>\n\t\t\t\t<\/div>\n\t\t\t\t<\/div>\n\t\t","protected":false},"excerpt":{"rendered":"<p>RRR Noto-Pozzallo-Avola\u00a0\u00a0 Operazione \u201cCondividendo la vita con il popolo Mapuche e Campesino a partire dallo spirito che ci unisce\u201d \u00a0Luogo: Argentina- Provincia di Neuqu\u00e9n, dipartimento di Loncopu\u00e9 e Norquin\u00a0Data inizio: Giugno 2023 (durata triennale: 2023-2025)\u00a0Referenti locali: Viviana Vaca e P. Jos\u00e9 Maria D\u2019Orfeo\u00a0Rete di riferimento: Rete di Noto, Pozzallo, Avola, Modica\u00a0 Contesto: l\u2019operazione costituisce una nuova tappa del decennale cammino di accompagnamento delle comunit\u00e0 indigene e campesine che vivono in questa parte della Patagonia argentina. Si tratta prevalentemente di piccoli allevatori di capre, che praticano la transumanza estiva e vivono un\u2019economia di sussistenza. Le comunit\u00e0 indigene lottano per il\u00a0 mantenimento dei diritti all\u2019autogestione sanciti dalla costituzione, le comunit\u00e0 campesine criolle per avere riconosciuto il diritto a permanere in terre demaniali dove vivono da generazioni. Entrambe le comunit\u00e0 sono e minacciate dall\u2019ingerenza di imprese che vogliono sfruttare il sottosuolo ricco di minerali ed idrocarburi a spese della vivibilit\u00e0 ambientale. Nell\u2019ultimo triennio si \u00e8 dato spazio specialmente all\u2019incontro ed all\u2019 interculturalit\u00e0 tra i due popoli.\u00a0 Obiettivi:\u00a0 L\u2019obiettivo del triennio \u00e8 il consolidamento dei processi di accompagnamento interculturale ed il rafforzamento dell\u2019identit\u00e0 culturale del Popolo originario Mapuche e del popolo Criollo Campesino, attraverso un atteggiamento rispettoso, di ascolto e dialogo, difendendo la Vita, l\u2019identit\u00e0 culturale, il territorio e la Casa Comune, conseguendo il \u201cbuen vivir-kume mogen\u201d. Breve Descrizione dell&#8217;Operazione:\u00a0 Le attivit\u00e0 comprendono: Spiritualit\u00e0 interculturale: approfondimento della spiritualit\u00e0\/religiosit\u00e0 popolare della cultura campesina e Mapuche, come elemento fondamentale di resistenza, incontri di spiritualit\u00e0 e dialogo interculturale, animazione di spazi celebrativi che fortificano la propria identit\u00e0 di ciascun popolo. Rafforzamento dell\u2019identit\u00e0 culturale: attraverso la valorizzazione di celebrazioni ancestrali, incontri di spiritualit\u00e0 tra anziani e giovani, corso linguistico di Mapudungun ai giovani delle comunit\u00e0, incontri di donne, laboratori per giovani e bambini, lavorazione dell\u2019argento, della corda, del legno, tessitura al telaio e costruzione di strumenti musicali tradizionali. Cura della Casa Comune: partecipazione in assemblee in difesa dell\u2019Ambiente, giornate di educazione ambientale con la gente e nelle scuole, collegamento con altri organismi che lottano in difesa dell\u2019ambiente e partecipazione alla rete latinoamericana e caribena \u201cChiesa e Mineria\u201d. Formazione: formazione per leaders di comunit\u00e0, formazione integrale nei temi guridici, ambientali, amministrativi e sociali. \u00a0Sostegno economico annuo della Rete:\u00a05000,00 Euro\u00a0 All Posts Operazioni Ghana- Operazione &#8220;Maame Adjeibah&#8221; RRR Verona\u00a0\u00a0 Novembre 2025 Ecuador- SOSTEGNO EDUCATIVO E ALIMENTARE A BAMBINI E ADOLESCENTI VULNERABILI RRR Treviso\u00a0\u00a0 Novembre 2025 Uganda &#8211; Operazione &#8220;WAN OPARO&#8221; RRR Casale Novembre 2025<\/p>\n","protected":false},"author":1,"featured_media":3623,"comment_status":"closed","ping_status":"closed","sticky":false,"template":"","format":"standard","meta":{"footnotes":""},"categories":[4,50,49],"tags":[],"class_list":["post-3621","post","type-post","status-publish","format-standard","has-post-thumbnail","hentry","category-operazioni","category-rete-noto-pozzallo-avola","category-sicilia"],"_links":{"self":[{"href":"https:\/\/reterr.it\/index.php?rest_route=\/wp\/v2\/posts\/3621","targetHints":{"allow":["GET"]}}],"collection":[{"href":"https:\/\/reterr.it\/index.php?rest_route=\/wp\/v2\/posts"}],"about":[{"href":"https:\/\/reterr.it\/index.php?rest_route=\/wp\/v2\/types\/post"}],"author":[{"embeddable":true,"href":"https:\/\/reterr.it\/index.php?rest_route=\/wp\/v2\/users\/1"}],"replies":[{"embeddable":true,"href":"https:\/\/reterr.it\/index.php?rest_route=%2Fwp%2Fv2%2Fcomments&post=3621"}],"version-history":[{"count":7,"href":"https:\/\/reterr.it\/index.php?rest_route=\/wp\/v2\/posts\/3621\/revisions"}],"predecessor-version":[{"id":3888,"href":"https:\/\/reterr.it\/index.php?rest_route=\/wp\/v2\/posts\/3621\/revisions\/3888"}],"wp:featuredmedia":[{"embeddable":true,"href":"https:\/\/reterr.it\/index.php?rest_route=\/wp\/v2\/media\/3623"}],"wp:attachment":[{"href":"https:\/\/reterr.it\/index.php?rest_route=%2Fwp%2Fv2%2Fmedia&parent=3621"}],"wp:term":[{"taxonomy":"category","embeddable":true,"href":"https:\/\/reterr.it\/index.php?rest_route=%2Fwp%2Fv2%2Fcategories&post=3621"},{"taxonomy":"post_tag","embeddable":true,"href":"https:\/\/reterr.it\/index.php?rest_route=%2Fwp%2Fv2%2Ftags&post=3621"}],"curies":[{"name":"wp","href":"https:\/\/api.w.org\/{rel}","templated":true}]}}