{"id":3665,"date":"2025-11-11T08:46:54","date_gmt":"2025-11-11T08:46:54","guid":{"rendered":"https:\/\/reterr.it\/?p=3665"},"modified":"2025-11-11T08:54:32","modified_gmt":"2025-11-11T08:54:32","slug":"ecuador-sostegno-educativo-e-alimentare-a-bambini-e-adolescenti-vulnerabili","status":"publish","type":"post","link":"https:\/\/reterr.it\/?p=3665","title":{"rendered":"Ecuador- SOSTEGNO EDUCATIVO E ALIMENTARE A BAMBINI E ADOLESCENTI VULNERABILI"},"content":{"rendered":"\t\t<div data-elementor-type=\"wp-post\" data-elementor-id=\"3665\" class=\"elementor elementor-3665\">\n\t\t\t\t<div class=\"elementor-element elementor-element-20cd3a0 e-flex e-con-boxed elementor-repeater-item-default_padding elementor-repeater-item-none elementor-repeater-item-none_hover e-con e-parent\" data-id=\"20cd3a0\" data-element_type=\"container\" data-settings=\"{&quot;ang_container_spacing_size&quot;:&quot;default_padding&quot;}\">\n\t\t\t\t\t<div class=\"e-con-inner\">\n\t\t\t\t\t<\/div>\n\t\t\t\t<\/div>\n\t\t<div class=\"elementor-element elementor-element-223908c e-flex e-con-boxed elementor-repeater-item-default_padding elementor-repeater-item-none elementor-repeater-item-none_hover e-con e-parent\" data-id=\"223908c\" data-element_type=\"container\" data-settings=\"{&quot;ang_container_spacing_size&quot;:&quot;default_padding&quot;}\">\n\t\t\t\t\t<div class=\"e-con-inner\">\n\t\t<div class=\"elementor-element elementor-element-b3f5f65 e-con-full e-flex elementor-repeater-item-default_padding elementor-repeater-item-none elementor-repeater-item-none_hover e-con e-child\" data-id=\"b3f5f65\" data-element_type=\"container\" data-settings=\"{&quot;ang_container_spacing_size&quot;:&quot;default_padding&quot;}\">\n\t\t\t\t<div class=\"elementor-element elementor-element-a17b72a external_elementor-repeater-item-none_external elementor-repeater-item-none elementor-repeater-item-none_hover elementor-widget elementor-widget-image\" data-id=\"a17b72a\" data-element_type=\"widget\" data-widget_type=\"image.default\">\n\t\t\t\t<div class=\"elementor-widget-container\">\n\t\t\t\t\t\t\t\t\t\t\t\t\t\t\t<img fetchpriority=\"high\" decoding=\"async\" width=\"660\" height=\"1024\" src=\"https:\/\/reterr.it\/wp-content\/uploads\/2025\/11\/1-1-e1762850895125-660x1024.jpg\" class=\"attachment-large size-large wp-image-3669\" alt=\"\" srcset=\"https:\/\/reterr.it\/wp-content\/uploads\/2025\/11\/1-1-e1762850895125-660x1024.jpg 660w, https:\/\/reterr.it\/wp-content\/uploads\/2025\/11\/1-1-e1762850895125-193x300.jpg 193w, https:\/\/reterr.it\/wp-content\/uploads\/2025\/11\/1-1-e1762850895125.jpg 720w\" sizes=\"(max-width: 660px) 100vw, 660px\" \/>\t\t\t\t\t\t\t\t\t\t\t\t\t\t\t<\/div>\n\t\t\t\t<\/div>\n\t\t\t\t<div class=\"elementor-element elementor-element-44f57a9 elementor-repeater-item-none elementor-repeater-item-none_hover elementor-widget elementor-widget-text-editor\" data-id=\"44f57a9\" data-element_type=\"widget\" data-widget_type=\"text-editor.default\">\n\t\t\t\t<div class=\"elementor-widget-container\">\n\t\t\t\t\t\t\t\t\t<div class=\"elementor-widget-container\">RRR Treviso<\/div><div>\u00a0<\/div><div>\u00a0<\/div><h3 class=\"elementor-widget-container\" style=\"text-align: center;\">Operazione di Sostegno Educativo ed Alimentare a Bambini ed Adolescenti Vulnerabili<\/h3><div>\u00a0<\/div><div class=\"elementor-widget-container\"><strong>Luogo: <\/strong>Ayora-Cayambe, Ecuador<\/div><div>\u00a0<\/div><div class=\"elementor-widget-container\"><strong>Data inizio: <\/strong>2023, per triennio<\/div><div>\u00a0<\/div><div class=\"elementor-widget-container\"><strong>Referenti locali: <\/strong>Daniela Andrisano e Dalmiro Marquez (Fundacion Arcangel)<\/div><div>\u00a0<\/div><div class=\"elementor-widget-container\"><strong>Rete di riferimento: <\/strong>Rete di Treviso<\/div><div>\u00a0<\/div><div class=\"elementor-widget-container\"><p><strong>Contesto:<\/strong><\/p><\/div><div><p>La Fundaci\u00f3n Arc\u00e1ngel, nella citt\u00e0 di Cayambe, provincia di Pichincha, \u00e8 un&#8217;organizzazione senza scopo di lucro che attualmente lavora con 56 bambini, adolescenti, persone con disabilit\u00e0 intellettive e problemi di apprendimento, e supporta con terapie psicologiche le vittime di violenza. Quasi tutti i beneficiari sono figli di madri single e tutti provengono da famiglie vulnerabili; i beneficiari ricevono una merenda e un pranzo nutrienti, che ne coprono i fabbisogni alimentari dal luned\u00ec al venerd\u00ec; fruiscono di una supervisione scolastica e in generale di un sostegno integrale nei processi pedagogici. La Fundaci\u00f3n Arc\u00e1ngel \u00e8 legalmente costituita sotto la tutela del MIES (Ministero dell&#8217;Inclusione Economica e Sociale).<\/p><p>Lo scopo principale \u00e8 quello di proporre e mettere in atto programmi e servizi finalizzati all&#8217;inclusione economica e sociale, con particolare attenzione ai gruppi in situazioni di povert\u00e0, vulnerabilit\u00e0 e violenza domestica, promuovendo lo sviluppo e l&#8217;assistenza integrale. La Fondazione \u00e8 facilitatrice di un progetto di panificazione per un piccolo gruppo di madri single.<\/p><\/div><div><p><strong>Obiettivi:\u00a0<\/strong><\/p><ul><li>Garantire il fabbisogno alimentare ai bambini e agli adolescenti vulnerabili.<\/li><li>Follow-up psicoterapeutico in alcuni casi di violenza domestica, di genere e sessuale.<\/li><li>Aiutare i bambini con difficolt\u00e0 di apprendimento con un supporto permanente, in modo che possano superare i propri problemi ed evitare l\u2019abbandono scolastico.<\/li><\/ul><p>\u00a0<\/p><\/div><div><strong>Breve Descrizione dell&#8217;Operazione:\u00a0<\/strong><\/div><p>Con i fondi inviati \u00e8 stato possibile realizzare un grande lavoro:<\/p><ul><li>Acquisto di alimenti non deperibili.<\/li><li>Acquisto di prodotti a base di carne che ha avuto un impatto significativo sul miglioramento del rendimento scolastico del 90% dei beneficiari.<\/li><li>Acquisto di verdura e frutta.<\/li><li>Acquisto di materiale scolastico che ha aiutato i beneficiari nel corretto svolgimento dei propri compiti scolastici.<\/li><li>Acquisto di materiale per ufficio e manutenzione della fotocopiatrice.<\/li><li>Aiuto per le spese di trasporto per alcuni bambini che vivono lontano dalla Fondazione.<\/li><\/ul><p>\u00a0<\/p><div>\u00a0<\/div><div><strong>Sostegno economico annuo della Rete:\u00a0<\/strong>5000 Euro.<\/div><div>\u00a0<\/div>\t\t\t\t\t\t\t\t<\/div>\n\t\t\t\t<\/div>\n\t\t\t\t<div class=\"elementor-element elementor-element-a8b8f92 external_elementor-repeater-item-none_external elementor-repeater-item-none elementor-repeater-item-none_hover elementor-widget elementor-widget-image\" data-id=\"a8b8f92\" data-element_type=\"widget\" data-widget_type=\"image.default\">\n\t\t\t\t<div class=\"elementor-widget-container\">\n\t\t\t\t\t\t\t\t\t\t\t\t\t\t\t<img decoding=\"async\" width=\"800\" height=\"512\" src=\"https:\/\/reterr.it\/wp-content\/uploads\/2025\/11\/4-1-e1762850808147-1024x655.jpg\" class=\"attachment-large size-large wp-image-3666\" alt=\"\" srcset=\"https:\/\/reterr.it\/wp-content\/uploads\/2025\/11\/4-1-e1762850808147-1024x655.jpg 1024w, https:\/\/reterr.it\/wp-content\/uploads\/2025\/11\/4-1-e1762850808147-300x192.jpg 300w, https:\/\/reterr.it\/wp-content\/uploads\/2025\/11\/4-1-e1762850808147-768x491.jpg 768w, https:\/\/reterr.it\/wp-content\/uploads\/2025\/11\/4-1-e1762850808147.jpg 1470w\" sizes=\"(max-width: 800px) 100vw, 800px\" \/>\t\t\t\t\t\t\t\t\t\t\t\t\t\t\t<\/div>\n\t\t\t\t<\/div>\n\t\t\t\t<div class=\"elementor-element elementor-element-6d9122e external_elementor-repeater-item-none_external elementor-repeater-item-none elementor-repeater-item-none_hover elementor-widget elementor-widget-image\" data-id=\"6d9122e\" data-element_type=\"widget\" data-widget_type=\"image.default\">\n\t\t\t\t<div class=\"elementor-widget-container\">\n\t\t\t\t\t\t\t\t\t\t\t\t\t\t\t<img decoding=\"async\" width=\"349\" height=\"466\" src=\"https:\/\/reterr.it\/wp-content\/uploads\/2025\/11\/2-1.jpg\" class=\"attachment-large size-large wp-image-3668\" alt=\"\" srcset=\"https:\/\/reterr.it\/wp-content\/uploads\/2025\/11\/2-1.jpg 349w, https:\/\/reterr.it\/wp-content\/uploads\/2025\/11\/2-1-225x300.jpg 225w\" sizes=\"(max-width: 349px) 100vw, 349px\" \/>\t\t\t\t\t\t\t\t\t\t\t\t\t\t\t<\/div>\n\t\t\t\t<\/div>\n\t\t\t\t<\/div>\n\t\t<div class=\"elementor-element elementor-element-bbfe093 e-con-full e-flex elementor-repeater-item-default_padding elementor-repeater-item-none elementor-repeater-item-none_hover e-con e-child\" data-id=\"bbfe093\" data-element_type=\"container\" data-settings=\"{&quot;ang_container_spacing_size&quot;:&quot;default_padding&quot;}\">\n\t\t<div class=\"elementor-element elementor-element-e257114 e-con-full e-flex elementor-repeater-item-default_padding elementor-repeater-item-none elementor-repeater-item-none_hover e-con e-child\" data-id=\"e257114\" data-element_type=\"container\" data-settings=\"{&quot;ang_container_spacing_size&quot;:&quot;default_padding&quot;}\">\n\t\t\t\t<div class=\"elementor-element elementor-element-aff0cae wpr-grid-columns-1 wpr-item-styles-wrapper wpr-grid-columns--tablet2 wpr-grid-columns--mobile1 elementor-repeater-item-none elementor-repeater-item-none_hover elementor-widget elementor-widget-wpr-grid\" data-id=\"aff0cae\" data-element_type=\"widget\" data-widget_type=\"wpr-grid.default\">\n\t\t\t\t<div class=\"elementor-widget-container\">\n\t\t\t\t\t<ul class=\"wpr-grid-filters elementor-clearfix wpr-grid-filters-sep-right\"><li class=\" wpr-pointer-none wpr-pointer-line-fx wpr-pointer-fx-none\"><span  data-filter=\"*\" class=\"wpr-grid-filters-item wpr-active-filter \">All Posts<\/span><em class=\"wpr-grid-filters-sep\"><\/em><\/li><li class=\" wpr-pointer-none wpr-pointer-line-fx wpr-pointer-fx-none\"><span   data-ajax-filter=[\"category\",\"operazioni\"]  data-filter=\".category-operazioni\">Operazioni<\/span><em class=\"wpr-grid-filters-sep\"><\/em><\/li><\/ul><section class=\"wpr-grid elementor-clearfix\" data-settings=\"{&quot;layout&quot;:&quot;fitRows&quot;,&quot;stick_last_element_to_bottom&quot;:&quot;&quot;,&quot;columns_desktop&quot;:&quot;1&quot;,&quot;gutter_hr&quot;:15,&quot;gutter_hr_mobile&quot;:15,&quot;gutter_hr_mobile_extra&quot;:15,&quot;gutter_hr_tablet&quot;:15,&quot;gutter_hr_tablet_extra&quot;:15,&quot;gutter_hr_laptop&quot;:15,&quot;gutter_hr_widescreen&quot;:15,&quot;gutter_vr&quot;:15,&quot;gutter_vr_mobile&quot;:15,&quot;gutter_vr_mobile_extra&quot;:15,&quot;gutter_vr_tablet&quot;:15,&quot;gutter_vr_tablet_extra&quot;:15,&quot;gutter_vr_laptop&quot;:15,&quot;gutter_vr_widescreen&quot;:15,&quot;animation&quot;:&quot;default&quot;,&quot;animation_duration&quot;:0.3,&quot;animation_delay&quot;:0.1,&quot;deeplinking&quot;:&quot;&quot;,&quot;filters_linkable&quot;:&quot;no&quot;,&quot;filters_default_filter&quot;:&quot;&quot;,&quot;filters_count&quot;:&quot;&quot;,&quot;filters_hide_empty&quot;:&quot;no&quot;,&quot;filters_animation&quot;:&quot;default&quot;,&quot;filters_animation_duration&quot;:0.3,&quot;filters_animation_delay&quot;:0.1,&quot;pagination_type&quot;:&quot;load-more&quot;,&quot;pagination_max_pages&quot;:7,&quot;lightbox&quot;:{&quot;selector&quot;:&quot;.wpr-grid-image-wrap&quot;,&quot;iframeMaxWidth&quot;:&quot;60%&quot;,&quot;hash&quot;:false,&quot;autoplay&quot;:&quot;true&quot;,&quot;pause&quot;:5000,&quot;progressBar&quot;:&quot;true&quot;,&quot;counter&quot;:&quot;true&quot;,&quot;controls&quot;:&quot;true&quot;,&quot;getCaptionFromTitleOrAlt&quot;:&quot;true&quot;,&quot;thumbnail&quot;:&quot;&quot;,&quot;showThumbByDefault&quot;:&quot;&quot;,&quot;share&quot;:&quot;&quot;,&quot;zoom&quot;:&quot;true&quot;,&quot;fullScreen&quot;:&quot;true&quot;,&quot;download&quot;:&quot;true&quot;}}\"><article class=\"wpr-grid-item elementor-clearfix post-3863 post type-post status-publish format-standard has-post-thumbnail hentry category-operazioni category-rete-verona category-veneto\"><div class=\"wpr-grid-item-inner\"><div class=\"wpr-grid-media-wrap wpr-effect-size-medium \" data-overlay-link=\"yes\"><div class=\"wpr-grid-image-wrap\" data-src=\"https:\/\/reterr.it\/wp-content\/uploads\/2025\/11\/253L1050646-300x225.webp\" data-img-on-hover=\"\"  data-src-secondary=\"\"><img decoding=\"async\" data-no-lazy=\"1\" src=\"https:\/\/reterr.it\/wp-content\/uploads\/2025\/11\/253L1050646-300x225.webp\" alt=\"Ghana- Operazione &#8220;Maame Adjeibah&#8221;\" class=\"wpr-anim-timing-ease-default\"><\/div><div class=\"wpr-grid-media-hover wpr-animation-wrap\"><div class=\"wpr-grid-media-hover-bg  wpr-overlay-fade-in wpr-anim-size-large wpr-anim-timing-ease-default wpr-anim-transparency\" data-url=\"https:\/\/reterr.it\/?p=3863\"><\/div><\/div><\/div><div class=\"wpr-grid-item-below-content elementor-clearfix\"><div class=\"wpr-grid-item-separator elementor-repeater-item-ba10332 wpr-grid-item-display-block wpr-grid-item-align-left wpr-grid-sep-style-2\"><div class=\"inner-block\"><span><\/span><\/div><\/div><h2 class=\"wpr-grid-item-title elementor-repeater-item-564d754 wpr-grid-item-display-block wpr-grid-item-align-center wpr-pointer-none wpr-pointer-line-fx wpr-pointer-fx-fade\"><div class=\"inner-block\"><a target=\"_self\"  href=\"https:\/\/reterr.it\/?p=3863\">Ghana- Operazione &#8220;Maame Adjeibah&#8221;<\/a><\/div><\/h2><div class=\"wpr-grid-item-separator elementor-repeater-item-22070f9 wpr-grid-item-display-block wpr-grid-item-align-left wpr-grid-sep-style-1\"><div class=\"inner-block\"><span><\/span><\/div><\/div><div class=\"wpr-grid-item-excerpt elementor-repeater-item-3891672 wpr-grid-item-display-block wpr-grid-item-align-center\"><div class=\"inner-block\"><p>RRR Verona\u00a0\u00a0<\/p><\/div><\/div><div class=\"wpr-grid-item-date elementor-repeater-item-9bc7f57 wpr-grid-item-display-block wpr-grid-item-align-center\"><div class=\"inner-block\"><span>Novembre 2025<\/span><\/div><\/div><\/div><\/div><\/article><article class=\"wpr-grid-item elementor-clearfix post-3654 post type-post status-publish format-standard has-post-thumbnail hentry category-operazioni category-piemonte category-rete-casale\"><div class=\"wpr-grid-item-inner\"><div class=\"wpr-grid-media-wrap wpr-effect-size-medium \" data-overlay-link=\"yes\"><div class=\"wpr-grid-image-wrap\" data-src=\"https:\/\/reterr.it\/wp-content\/uploads\/2025\/11\/foto-operazione-Wan-Oparo1-e1762850117116-300x205.jpg\" data-img-on-hover=\"\"  data-src-secondary=\"\"><img decoding=\"async\" data-no-lazy=\"1\" src=\"https:\/\/reterr.it\/wp-content\/uploads\/2025\/11\/foto-operazione-Wan-Oparo1-e1762850117116-300x205.jpg\" alt=\"Uganda &#8211; Operazione &#8220;WAN OPARO&#8221;\" class=\"wpr-anim-timing-ease-default\"><\/div><div class=\"wpr-grid-media-hover wpr-animation-wrap\"><div class=\"wpr-grid-media-hover-bg  wpr-overlay-fade-in wpr-anim-size-large wpr-anim-timing-ease-default wpr-anim-transparency\" data-url=\"https:\/\/reterr.it\/?p=3654\"><\/div><\/div><\/div><div class=\"wpr-grid-item-below-content elementor-clearfix\"><div class=\"wpr-grid-item-separator elementor-repeater-item-ba10332 wpr-grid-item-display-block wpr-grid-item-align-left wpr-grid-sep-style-2\"><div class=\"inner-block\"><span><\/span><\/div><\/div><h2 class=\"wpr-grid-item-title elementor-repeater-item-564d754 wpr-grid-item-display-block wpr-grid-item-align-center wpr-pointer-none wpr-pointer-line-fx wpr-pointer-fx-fade\"><div class=\"inner-block\"><a target=\"_self\"  href=\"https:\/\/reterr.it\/?p=3654\">Uganda &#8211; Operazione &#8220;WAN OPARO&#8221;<\/a><\/div><\/h2><div class=\"wpr-grid-item-separator elementor-repeater-item-22070f9 wpr-grid-item-display-block wpr-grid-item-align-left wpr-grid-sep-style-1\"><div class=\"inner-block\"><span><\/span><\/div><\/div><div class=\"wpr-grid-item-excerpt elementor-repeater-item-3891672 wpr-grid-item-display-block wpr-grid-item-align-center\"><div class=\"inner-block\"><p>RRR Casale<\/p><\/div><\/div><div class=\"wpr-grid-item-date elementor-repeater-item-9bc7f57 wpr-grid-item-display-block wpr-grid-item-align-center\"><div class=\"inner-block\"><span>Novembre 2025<\/span><\/div><\/div><\/div><\/div><\/article><article class=\"wpr-grid-item elementor-clearfix post-3642 post type-post status-publish format-standard has-post-thumbnail hentry category-operazioni category-piemonte category-rete-casale\"><div class=\"wpr-grid-item-inner\"><div class=\"wpr-grid-media-wrap wpr-effect-size-medium \" data-overlay-link=\"yes\"><div class=\"wpr-grid-image-wrap\" data-src=\"https:\/\/reterr.it\/wp-content\/uploads\/2025\/11\/foto-Operazione-Veredas-Femininas3-e1762849539855-300x209.jpg\" data-img-on-hover=\"\"  data-src-secondary=\"\"><img decoding=\"async\" data-no-lazy=\"1\" src=\"https:\/\/reterr.it\/wp-content\/uploads\/2025\/11\/foto-Operazione-Veredas-Femininas3-e1762849539855-300x209.jpg\" alt=\"Brasile &#8211; Operazione &#8220;Veredas Femininas&#8221;\" class=\"wpr-anim-timing-ease-default\"><\/div><div class=\"wpr-grid-media-hover wpr-animation-wrap\"><div class=\"wpr-grid-media-hover-bg  wpr-overlay-fade-in wpr-anim-size-large wpr-anim-timing-ease-default wpr-anim-transparency\" data-url=\"https:\/\/reterr.it\/?p=3642\"><\/div><\/div><\/div><div class=\"wpr-grid-item-below-content elementor-clearfix\"><div class=\"wpr-grid-item-separator elementor-repeater-item-ba10332 wpr-grid-item-display-block wpr-grid-item-align-left wpr-grid-sep-style-2\"><div class=\"inner-block\"><span><\/span><\/div><\/div><h2 class=\"wpr-grid-item-title elementor-repeater-item-564d754 wpr-grid-item-display-block wpr-grid-item-align-center wpr-pointer-none wpr-pointer-line-fx wpr-pointer-fx-fade\"><div class=\"inner-block\"><a target=\"_self\"  href=\"https:\/\/reterr.it\/?p=3642\">Brasile &#8211; Operazione &#8220;Veredas Femininas&#8221;<\/a><\/div><\/h2><div class=\"wpr-grid-item-separator elementor-repeater-item-22070f9 wpr-grid-item-display-block wpr-grid-item-align-left wpr-grid-sep-style-1\"><div class=\"inner-block\"><span><\/span><\/div><\/div><div class=\"wpr-grid-item-excerpt elementor-repeater-item-3891672 wpr-grid-item-display-block wpr-grid-item-align-center\"><div class=\"inner-block\"><p>RRR Casale<\/p><\/div><\/div><div class=\"wpr-grid-item-date elementor-repeater-item-9bc7f57 wpr-grid-item-display-block wpr-grid-item-align-center\"><div class=\"inner-block\"><span>Novembre 2025<\/span><\/div><\/div><\/div><\/div><\/article><\/section>\t\t\t\t<\/div>\n\t\t\t\t<\/div>\n\t\t\t\t<\/div>\n\t\t\t\t<\/div>\n\t\t\t\t\t<\/div>\n\t\t\t\t<\/div>\n\t\t\t\t<\/div>\n\t\t","protected":false},"excerpt":{"rendered":"<p>RRR Treviso\u00a0\u00a0 Operazione di Sostegno Educativo ed Alimentare a Bambini ed Adolescenti Vulnerabili \u00a0Luogo: Ayora-Cayambe, Ecuador\u00a0Data inizio: 2023, per triennio\u00a0Referenti locali: Daniela Andrisano e Dalmiro Marquez (Fundacion Arcangel)\u00a0Rete di riferimento: Rete di Treviso\u00a0 Contesto: La Fundaci\u00f3n Arc\u00e1ngel, nella citt\u00e0 di Cayambe, provincia di Pichincha, \u00e8 un&#8217;organizzazione senza scopo di lucro che attualmente lavora con 56 bambini, adolescenti, persone con disabilit\u00e0 intellettive e problemi di apprendimento, e supporta con terapie psicologiche le vittime di violenza. Quasi tutti i beneficiari sono figli di madri single e tutti provengono da famiglie vulnerabili; i beneficiari ricevono una merenda e un pranzo nutrienti, che ne coprono i fabbisogni alimentari dal luned\u00ec al venerd\u00ec; fruiscono di una supervisione scolastica e in generale di un sostegno integrale nei processi pedagogici. La Fundaci\u00f3n Arc\u00e1ngel \u00e8 legalmente costituita sotto la tutela del MIES (Ministero dell&#8217;Inclusione Economica e Sociale). Lo scopo principale \u00e8 quello di proporre e mettere in atto programmi e servizi finalizzati all&#8217;inclusione economica e sociale, con particolare attenzione ai gruppi in situazioni di povert\u00e0, vulnerabilit\u00e0 e violenza domestica, promuovendo lo sviluppo e l&#8217;assistenza integrale. La Fondazione \u00e8 facilitatrice di un progetto di panificazione per un piccolo gruppo di madri single. Obiettivi:\u00a0 Garantire il fabbisogno alimentare ai bambini e agli adolescenti vulnerabili. Follow-up psicoterapeutico in alcuni casi di violenza domestica, di genere e sessuale. Aiutare i bambini con difficolt\u00e0 di apprendimento con un supporto permanente, in modo che possano superare i propri problemi ed evitare l\u2019abbandono scolastico. \u00a0 Breve Descrizione dell&#8217;Operazione:\u00a0 Con i fondi inviati \u00e8 stato possibile realizzare un grande lavoro: Acquisto di alimenti non deperibili. Acquisto di prodotti a base di carne che ha avuto un impatto significativo sul miglioramento del rendimento scolastico del 90% dei beneficiari. Acquisto di verdura e frutta. Acquisto di materiale scolastico che ha aiutato i beneficiari nel corretto svolgimento dei propri compiti scolastici. Acquisto di materiale per ufficio e manutenzione della fotocopiatrice. Aiuto per le spese di trasporto per alcuni bambini che vivono lontano dalla Fondazione. \u00a0 \u00a0Sostegno economico annuo della Rete:\u00a05000 Euro.\u00a0 All Posts Operazioni Uganda &#8211; Operazione &#8220;WAN OPARO&#8221; RRR Casale Novembre 2025 Brasile &#8211; Operazione &#8220;Veredas Femininas&#8221; RRR Casale Novembre 2025 Cile &#8211; PROGETTO PRIGIONIERI POLITICI MAPUCHE RRR Brescia\u00a0\u00a0 Novembre 2025<\/p>\n","protected":false},"author":1,"featured_media":3666,"comment_status":"closed","ping_status":"closed","sticky":false,"template":"","format":"standard","meta":{"footnotes":""},"categories":[4,39,38],"tags":[],"class_list":["post-3665","post","type-post","status-publish","format-standard","has-post-thumbnail","hentry","category-operazioni","category-rete-treviso","category-veneto"],"_links":{"self":[{"href":"https:\/\/reterr.it\/index.php?rest_route=\/wp\/v2\/posts\/3665","targetHints":{"allow":["GET"]}}],"collection":[{"href":"https:\/\/reterr.it\/index.php?rest_route=\/wp\/v2\/posts"}],"about":[{"href":"https:\/\/reterr.it\/index.php?rest_route=\/wp\/v2\/types\/post"}],"author":[{"embeddable":true,"href":"https:\/\/reterr.it\/index.php?rest_route=\/wp\/v2\/users\/1"}],"replies":[{"embeddable":true,"href":"https:\/\/reterr.it\/index.php?rest_route=%2Fwp%2Fv2%2Fcomments&post=3665"}],"version-history":[{"count":4,"href":"https:\/\/reterr.it\/index.php?rest_route=\/wp\/v2\/posts\/3665\/revisions"}],"predecessor-version":[{"id":3673,"href":"https:\/\/reterr.it\/index.php?rest_route=\/wp\/v2\/posts\/3665\/revisions\/3673"}],"wp:featuredmedia":[{"embeddable":true,"href":"https:\/\/reterr.it\/index.php?rest_route=\/wp\/v2\/media\/3666"}],"wp:attachment":[{"href":"https:\/\/reterr.it\/index.php?rest_route=%2Fwp%2Fv2%2Fmedia&parent=3665"}],"wp:term":[{"taxonomy":"category","embeddable":true,"href":"https:\/\/reterr.it\/index.php?rest_route=%2Fwp%2Fv2%2Fcategories&post=3665"},{"taxonomy":"post_tag","embeddable":true,"href":"https:\/\/reterr.it\/index.php?rest_route=%2Fwp%2Fv2%2Ftags&post=3665"}],"curies":[{"name":"wp","href":"https:\/\/api.w.org\/{rel}","templated":true}]}}