{"id":3766,"date":"2025-11-11T11:16:37","date_gmt":"2025-11-11T11:16:37","guid":{"rendered":"https:\/\/reterr.it\/?p=3766"},"modified":"2025-11-11T11:19:24","modified_gmt":"2025-11-11T11:19:24","slug":"annullato-il-convegno-la-scuola-non-si-arruola-2-novembre-2025","status":"publish","type":"post","link":"https:\/\/reterr.it\/?p=3766","title":{"rendered":"Annullato il convegno \u201cLa scuola non si arruola\u201d &#8211; 2 Novembre 2025"},"content":{"rendered":"<p><a href=\"https:\/\/reterr.it\/wp-content\/uploads\/2026\/02\/Screenshot-2026-02-26-alle-13.33.31.png\"><img decoding=\"async\" src=\"https:\/\/reterr.it\/wp-content\/uploads\/2026\/02\/Screenshot-2026-02-26-alle-13.33.31-150x150.png\" width=\"150\" height=\"150\" alt=\"Screenshot-2026-02-26-alle-13.33.31.png\" style=\"display:inline-block\"><\/a> <\/p>\t\t<div data-elementor-type=\"wp-post\" data-elementor-id=\"3766\" class=\"elementor elementor-3766\">\n\t\t\t\t<div class=\"elementor-element elementor-element-20cd3a0 e-flex e-con-boxed elementor-repeater-item-default_padding elementor-repeater-item-none elementor-repeater-item-none_hover e-con e-parent\" data-id=\"20cd3a0\" data-element_type=\"container\" data-settings=\"{&quot;ang_container_spacing_size&quot;:&quot;default_padding&quot;}\">\n\t\t\t\t\t<div class=\"e-con-inner\">\n\t\t\t\t\t<\/div>\n\t\t\t\t<\/div>\n\t\t<div class=\"elementor-element elementor-element-223908c e-flex e-con-boxed elementor-repeater-item-default_padding elementor-repeater-item-none elementor-repeater-item-none_hover e-con e-parent\" data-id=\"223908c\" data-element_type=\"container\" data-settings=\"{&quot;ang_container_spacing_size&quot;:&quot;default_padding&quot;}\">\n\t\t\t\t\t<div class=\"e-con-inner\">\n\t\t<div class=\"elementor-element elementor-element-b3f5f65 e-con-full e-flex elementor-repeater-item-default_padding elementor-repeater-item-none elementor-repeater-item-none_hover e-con e-child\" data-id=\"b3f5f65\" data-element_type=\"container\" data-settings=\"{&quot;ang_container_spacing_size&quot;:&quot;default_padding&quot;}\">\n\t\t\t\t<div class=\"elementor-element elementor-element-0ba4666 hfe-post-info-layout-traditional elementor-repeater-item-none elementor-repeater-item-none_hover elementor-widget elementor-widget-post-info-widget\" data-id=\"0ba4666\" data-element_type=\"widget\" data-widget_type=\"post-info-widget.default\">\n\t\t\t\t<div class=\"elementor-widget-container\">\n\t\t\t\t\t\t\t<ul class=\"hfe-post-info-items hfe-post-info\">\n\t\t\t\t\t<li class=\"hfe-post-info-item elementor-repeater-item-828792f\" itemprop=\"datePublished\"> \n\t\t\t\n\t\t\t\t\t<span class=\"hfe-post-info-text hfe-post-info__item hfe-post-info__item--type-date\">\n\t\t\t\n\t\t\t\t\t\t\tNovembre 2025\t\t\t\t\t<\/span>\n\t\t\n\t\t\t\t\t<\/li>\n\t\t\t\t<\/ul>\n\t\t\t\t\t\t<\/div>\n\t\t\t\t<\/div>\n\t\t\t\t<div class=\"elementor-element elementor-element-a17b72a external_elementor-repeater-item-none_external elementor-repeater-item-none elementor-repeater-item-none_hover elementor-widget elementor-widget-image\" data-id=\"a17b72a\" data-element_type=\"widget\" data-widget_type=\"image.default\">\n\t\t\t\t<div class=\"elementor-widget-container\">\n\t\t\t\t\t\t\t\t\t\t\t\t\t\t\t<img fetchpriority=\"high\" decoding=\"async\" width=\"635\" height=\"423\" src=\"https:\/\/reterr.it\/wp-content\/uploads\/2025\/11\/per-perugiassisi-marcia-piu-partecipata-forse-di-sempre.webp\" class=\"attachment-large size-large wp-image-3768\" alt=\"\" srcset=\"https:\/\/reterr.it\/wp-content\/uploads\/2025\/11\/per-perugiassisi-marcia-piu-partecipata-forse-di-sempre.webp 635w, https:\/\/reterr.it\/wp-content\/uploads\/2025\/11\/per-perugiassisi-marcia-piu-partecipata-forse-di-sempre-300x200.webp 300w\" sizes=\"(max-width: 635px) 100vw, 635px\" \/>\t\t\t\t\t\t\t\t\t\t\t\t\t\t\t<\/div>\n\t\t\t\t<\/div>\n\t\t\t\t<div class=\"elementor-element elementor-element-44f57a9 elementor-repeater-item-shadow_2 elementor-repeater-item-none_hover elementor-widget elementor-widget-text-editor\" data-id=\"44f57a9\" data-element_type=\"widget\" data-widget_type=\"text-editor.default\">\n\t\t\t\t<div class=\"elementor-widget-container\">\n\t\t\t\t\t\t\t\t\t<h1 class=\"article-title\">Per il ministero l\u2019educazione alla pace non \u00e8 pedagogia<\/h1><p><strong>Il Centro Studi Trasformazioni Economico-Sociali\u00a0e l\u2019Osservatorio contro la militarizzazione delle scuole e delle universit\u00e0 avevano organizzato il corso di formazione online per sensibilizzare i docenti sull\u2019avanzata del militarismo nel Paese. Ma, nonostante l\u2019alto numero di iscritti, il ministero ha deciso di revocare l\u2019accreditamento<\/strong><\/p><div id=\"m6862-6861-6863\" class=\"content \"><p class=\"chapter-paragraph\">Il convegno, a cui fino a poco fa i docenti potevano iscriversi regolarmente dalla piattaforma ministeriale Sofia, pensata per la loro formazione, organizzato nel giorno in cui, dall\u2019anno scorso, in Italia si celebra la Giornata dell\u2019unit\u00e0 nazionale e delle forze armate, aveva l\u2019obiettivo di allargare anche alla scuola il dibattito sulla guerra, per evidenziare come oggi chi si fa portavoce di una cultura improntata sulla risoluzione pacifica dei conflitti si senta marginalizzato.<\/p><div class=\"bck-adv\"><div class=\"adv__content\">\u00a0<\/div><\/div><\/div><div id=\"m6867-6866-6868\" class=\"content \"><p class=\"chapter-paragraph\">\u00abIl Mim sta sostanzialmente dicendo che un corso che ha come oggetto un tema estremamente attuale come la guerra e se l\u2019educazione debba essere educazione alla pace e al rifiuto delle armi come soluzione dei conflitti, non \u00e8 oggetto di dibattito pedagogico, nonostante l\u2019articolo 11 della Costituzione, per cui l\u2019Italia ripudia la guerra\u00bb, spiega, infatti, il Cestes in un comunicato diffuso subito dopo che l\u2019accreditamento del convegno \u00e8 stato ritirato.<\/p><\/div><div id=\"m6872-6871-6873\" class=\"content \"><h2>Cosa comporta il ritiro dell\u2019accreditamento<\/h2><p>Nel testo gli organizzatori avvisano gli insegnanti che i loro legali sono al lavoro per restituire il diritto alla formazione libera e consapevole a\u00a0ogni docente. Ma invitano anche chi di loro ha fatto richiesta del permesso per la formazione, che la legge prevede, a ritirarlo. Al fine di non incorrere in sanzione disciplinari. Visto che l\u2019annullamento dell\u2019accreditamento da parte del Mim, nella pratica, significa togliere ai docenti la possibilit\u00e0 di usufruire delle ore di permesso a cui avrebbero diritto.<\/p><\/div><div id=\"m6877-6876-6878\" class=\"content \"><p>Un convegno che, come si legge sul sito dell\u2019Osservatorio contro la militarizzazione delle scuole e delle universit\u00e0, aveva gi\u00e0 raggiunto pi\u00f9 di mille partecipanti costringendo gli organizzatori a chiudere le iscrizioni in anticipo. Tanto che c\u2019\u00e8 anche chi sospetta che sia proprio l\u2019alto numero di iscritti ad aver attirato l\u2019attenzione del ministero sul corso\u00a0organizzato invece da settimane\u00a0per sensibilizzare gli insegnanti sulla militarizzazione del Paese.<\/p><p>\u00abRiteniamo urgente questa prima comunicazione ma forniremo maggiori informazioni e approfondimenti successivamente in altre sedi\u00bb, si legge ancora nel comunicato del Cestes, ente accreditato per la formazione presso il Ministero ma a cui sembra sia stata sospesa anche la possibilit\u00e0 di erogare altri corsi dopo questo annullamento. Anche a Alleanza Verdi e Sinistra fa sapere che intende presentare un\u2019interrogazione parlamentare al ministro Giuseppe Valditara per fare luce sulle ragioni che avrebbero motivato l\u2019annullamento del corso di formazione online \u201cLa scuola non si arruola\u201d.<\/p><\/div>\t\t\t\t\t\t\t\t<\/div>\n\t\t\t\t<\/div>\n\t\t\t\t<\/div>\n\t\t<div class=\"elementor-element elementor-element-bbfe093 e-con-full e-flex elementor-repeater-item-default_padding elementor-repeater-item-none elementor-repeater-item-none_hover e-con e-child\" data-id=\"bbfe093\" data-element_type=\"container\" data-settings=\"{&quot;ang_container_spacing_size&quot;:&quot;default_padding&quot;}\">\n\t\t<div class=\"elementor-element elementor-element-e257114 e-con-full e-flex elementor-repeater-item-default_padding elementor-repeater-item-none elementor-repeater-item-none_hover e-con e-child\" data-id=\"e257114\" data-element_type=\"container\" data-settings=\"{&quot;ang_container_spacing_size&quot;:&quot;default_padding&quot;}\">\n\t\t\t\t<div class=\"elementor-element elementor-element-aff0cae wpr-grid-columns-1 wpr-item-styles-wrapper wpr-grid-columns--tablet2 wpr-grid-columns--mobile1 elementor-repeater-item-none elementor-repeater-item-none_hover elementor-widget elementor-widget-wpr-grid\" data-id=\"aff0cae\" data-element_type=\"widget\" data-widget_type=\"wpr-grid.default\">\n\t\t\t\t<div class=\"elementor-widget-container\">\n\t\t\t\t\t<ul class=\"wpr-grid-filters elementor-clearfix wpr-grid-filters-sep-right\"><li class=\" wpr-pointer-none wpr-pointer-line-fx wpr-pointer-fx-none\"><span  data-filter=\"*\" class=\"wpr-grid-filters-item wpr-active-filter \">All Posts<\/span><em class=\"wpr-grid-filters-sep\"><\/em><\/li><li data-role=\"parent\" class=\" wpr-pointer-none wpr-pointer-line-fx wpr-pointer-fx-none\"><span   data-ajax-filter=[\"category\",\"controinformazione\"]  data-filter=\".category-controinformazione\">Controinformazione<\/span><em class=\"wpr-grid-filters-sep\"><\/em><\/li><ul data-parent=\".category-controinformazione\" class=\"wpr-sub-filters\"><li data-role=\"back\" class=\" wpr-pointer-none wpr-pointer-line-fx wpr-pointer-fx-none\"><span class=\"wpr-back-filter\"  data-ajax-filter=[\"category\",\"controinformazione\"]  data-filter=\".category-controinformazione\"><i class=\"fas fa-long-arrow-alt-left\"><\/i>&nbsp;&nbsp;Back<\/span><\/li><li data-role=\"sub\" class=\" wpr-pointer-none wpr-pointer-line-fx wpr-pointer-fx-none\"><span   data-ajax-filter=[\"category\",\"segnalazioni\"]  data-filter=\".category-segnalazioni\">Segnalazioni<\/span><em class=\"wpr-grid-filters-sep\"><\/em><\/li><\/ul><\/ul><section class=\"wpr-grid elementor-clearfix\" data-settings=\"{&quot;layout&quot;:&quot;fitRows&quot;,&quot;stick_last_element_to_bottom&quot;:&quot;&quot;,&quot;columns_desktop&quot;:&quot;1&quot;,&quot;gutter_hr&quot;:15,&quot;gutter_hr_mobile&quot;:15,&quot;gutter_hr_mobile_extra&quot;:15,&quot;gutter_hr_tablet&quot;:15,&quot;gutter_hr_tablet_extra&quot;:15,&quot;gutter_hr_laptop&quot;:15,&quot;gutter_hr_widescreen&quot;:15,&quot;gutter_vr&quot;:15,&quot;gutter_vr_mobile&quot;:15,&quot;gutter_vr_mobile_extra&quot;:15,&quot;gutter_vr_tablet&quot;:15,&quot;gutter_vr_tablet_extra&quot;:15,&quot;gutter_vr_laptop&quot;:15,&quot;gutter_vr_widescreen&quot;:15,&quot;animation&quot;:&quot;default&quot;,&quot;animation_duration&quot;:0.3,&quot;animation_delay&quot;:0.1,&quot;deeplinking&quot;:&quot;&quot;,&quot;filters_linkable&quot;:&quot;no&quot;,&quot;filters_default_filter&quot;:&quot;&quot;,&quot;filters_count&quot;:&quot;&quot;,&quot;filters_hide_empty&quot;:&quot;no&quot;,&quot;filters_animation&quot;:&quot;default&quot;,&quot;filters_animation_duration&quot;:0.3,&quot;filters_animation_delay&quot;:0.1,&quot;pagination_type&quot;:&quot;load-more&quot;,&quot;pagination_max_pages&quot;:10,&quot;lightbox&quot;:{&quot;selector&quot;:&quot;.wpr-grid-image-wrap&quot;,&quot;iframeMaxWidth&quot;:&quot;60%&quot;,&quot;hash&quot;:false,&quot;autoplay&quot;:&quot;true&quot;,&quot;pause&quot;:5000,&quot;progressBar&quot;:&quot;true&quot;,&quot;counter&quot;:&quot;true&quot;,&quot;controls&quot;:&quot;true&quot;,&quot;getCaptionFromTitleOrAlt&quot;:&quot;true&quot;,&quot;thumbnail&quot;:&quot;&quot;,&quot;showThumbByDefault&quot;:&quot;&quot;,&quot;share&quot;:&quot;&quot;,&quot;zoom&quot;:&quot;true&quot;,&quot;fullScreen&quot;:&quot;true&quot;,&quot;download&quot;:&quot;true&quot;}}\"><article class=\"wpr-grid-item elementor-clearfix post-4544 post type-post status-publish format-standard has-post-thumbnail hentry category-controinformazione\"><div class=\"wpr-grid-item-inner\"><div class=\"wpr-grid-media-wrap wpr-effect-size-medium \" data-overlay-link=\"yes\"><div class=\"wpr-grid-image-wrap\" data-src=\"https:\/\/reterr.it\/wp-content\/uploads\/2026\/04\/PeritoMoreno004-300x198.jpg\" data-img-on-hover=\"\"  data-src-secondary=\"\"><img decoding=\"async\" data-no-lazy=\"1\" src=\"https:\/\/reterr.it\/wp-content\/uploads\/2026\/04\/PeritoMoreno004-300x198.jpg\" alt=\"Le reazione della scienza alla legge argentina che apre allo sfruttamento dei ghiacciai, gi\u00e0 agonizzanti a causa del clima che cambia\" class=\"wpr-anim-timing-ease-default\"><\/div><div class=\"wpr-grid-media-hover wpr-animation-wrap\"><div class=\"wpr-grid-media-hover-bg  wpr-overlay-fade-in wpr-anim-size-large wpr-anim-timing-ease-default wpr-anim-transparency\" data-url=\"https:\/\/reterr.it\/?p=4544\"><\/div><\/div><\/div><div class=\"wpr-grid-item-below-content elementor-clearfix\"><div class=\"wpr-grid-item-separator elementor-repeater-item-ba10332 wpr-grid-item-display-block wpr-grid-item-align-left wpr-grid-sep-style-2\"><div class=\"inner-block\"><span><\/span><\/div><\/div><h2 class=\"wpr-grid-item-title elementor-repeater-item-564d754 wpr-grid-item-display-block wpr-grid-item-align-center wpr-pointer-none wpr-pointer-line-fx wpr-pointer-fx-fade\"><div class=\"inner-block\"><a target=\"_self\"  href=\"https:\/\/reterr.it\/?p=4544\">Le reazione della scienza alla legge argentina che apre allo sfruttamento dei ghiacciai, gi\u00e0 agonizzanti a causa del clima che&hellip;<\/a><\/div><\/h2><div class=\"wpr-grid-item-separator elementor-repeater-item-22070f9 wpr-grid-item-display-block wpr-grid-item-align-left wpr-grid-sep-style-1\"><div class=\"inner-block\"><span><\/span><\/div><\/div><div class=\"wpr-grid-item-date elementor-repeater-item-9bc7f57 wpr-grid-item-display-block wpr-grid-item-align-center\"><div class=\"inner-block\"><span>Aprile 2026<\/span><\/div><\/div><\/div><\/div><\/article><article class=\"wpr-grid-item elementor-clearfix post-4409 post type-post status-publish format-standard has-post-thumbnail hentry category-controinformazione category-eventi\"><div class=\"wpr-grid-item-inner\"><div class=\"wpr-grid-media-wrap wpr-effect-size-medium \" data-overlay-link=\"yes\"><div class=\"wpr-grid-image-wrap\" data-src=\"https:\/\/reterr.it\/wp-content\/uploads\/2026\/03\/Donne-palestinesi-rIdwq0KXbxij-300x191.png\" data-img-on-hover=\"\"  data-src-secondary=\"\"><img decoding=\"async\" data-no-lazy=\"1\" src=\"https:\/\/reterr.it\/wp-content\/uploads\/2026\/03\/Donne-palestinesi-rIdwq0KXbxij-300x191.png\" alt=\"Giornata Internazionale della Donna: la resistenza ispiratrice delle donne palestinesi\" class=\"wpr-anim-timing-ease-default\"><\/div><div class=\"wpr-grid-media-hover wpr-animation-wrap\"><div class=\"wpr-grid-media-hover-bg  wpr-overlay-fade-in wpr-anim-size-large wpr-anim-timing-ease-default wpr-anim-transparency\" data-url=\"https:\/\/reterr.it\/?p=4409\"><\/div><\/div><\/div><div class=\"wpr-grid-item-below-content elementor-clearfix\"><div class=\"wpr-grid-item-separator elementor-repeater-item-ba10332 wpr-grid-item-display-block wpr-grid-item-align-left wpr-grid-sep-style-2\"><div class=\"inner-block\"><span><\/span><\/div><\/div><h2 class=\"wpr-grid-item-title elementor-repeater-item-564d754 wpr-grid-item-display-block wpr-grid-item-align-center wpr-pointer-none wpr-pointer-line-fx wpr-pointer-fx-fade\"><div class=\"inner-block\"><a target=\"_self\"  href=\"https:\/\/reterr.it\/?p=4409\">Giornata Internazionale della Donna: la resistenza ispiratrice delle donne palestinesi<\/a><\/div><\/h2><div class=\"wpr-grid-item-separator elementor-repeater-item-22070f9 wpr-grid-item-display-block wpr-grid-item-align-left wpr-grid-sep-style-1\"><div class=\"inner-block\"><span><\/span><\/div><\/div><div class=\"wpr-grid-item-date elementor-repeater-item-9bc7f57 wpr-grid-item-display-block wpr-grid-item-align-center\"><div class=\"inner-block\"><span>Marzo 2026<\/span><\/div><\/div><\/div><\/div><\/article><article class=\"wpr-grid-item elementor-clearfix post-4344 post type-post status-publish format-standard has-post-thumbnail hentry category-controinformazione\"><div class=\"wpr-grid-item-inner\"><div class=\"wpr-grid-media-wrap wpr-effect-size-medium \" data-overlay-link=\"yes\"><div class=\"wpr-grid-image-wrap\" data-src=\"https:\/\/reterr.it\/wp-content\/uploads\/2026\/02\/Screenshot-2026-02-26-alle-13.33.31-300x170.png\" data-img-on-hover=\"\"  data-src-secondary=\"\"><img decoding=\"async\" data-no-lazy=\"1\" src=\"https:\/\/reterr.it\/wp-content\/uploads\/2026\/02\/Screenshot-2026-02-26-alle-13.33.31-300x170.png\" alt=\"Argentina: le comunit\u00e0 Mapuche si rivolgono all&#8217;ONU per denunciare persecuzione, criminalizzazione e impatto estrattivista\" class=\"wpr-anim-timing-ease-default\"><\/div><div class=\"wpr-grid-media-hover wpr-animation-wrap\"><div class=\"wpr-grid-media-hover-bg  wpr-overlay-fade-in wpr-anim-size-large wpr-anim-timing-ease-default wpr-anim-transparency\" data-url=\"https:\/\/reterr.it\/?p=4344\"><\/div><\/div><\/div><div class=\"wpr-grid-item-below-content elementor-clearfix\"><div class=\"wpr-grid-item-separator elementor-repeater-item-ba10332 wpr-grid-item-display-block wpr-grid-item-align-left wpr-grid-sep-style-2\"><div class=\"inner-block\"><span><\/span><\/div><\/div><h2 class=\"wpr-grid-item-title elementor-repeater-item-564d754 wpr-grid-item-display-block wpr-grid-item-align-center wpr-pointer-none wpr-pointer-line-fx wpr-pointer-fx-fade\"><div class=\"inner-block\"><a target=\"_self\"  href=\"https:\/\/reterr.it\/?p=4344\">Argentina: le comunit\u00e0 Mapuche si rivolgono all&#8217;ONU per denunciare persecuzione, criminalizzazione e impatto estrattivista<\/a><\/div><\/h2><div class=\"wpr-grid-item-separator elementor-repeater-item-22070f9 wpr-grid-item-display-block wpr-grid-item-align-left wpr-grid-sep-style-1\"><div class=\"inner-block\"><span><\/span><\/div><\/div><div class=\"wpr-grid-item-date elementor-repeater-item-9bc7f57 wpr-grid-item-display-block wpr-grid-item-align-center\"><div class=\"inner-block\"><span>Febbraio 2026<\/span><\/div><\/div><\/div><\/div><\/article><\/section>\t\t\t\t<\/div>\n\t\t\t\t<\/div>\n\t\t\t\t<\/div>\n\t\t\t\t<\/div>\n\t\t\t\t\t<\/div>\n\t\t\t\t<\/div>\n\t\t\t\t<\/div>\n\t\t","protected":false},"excerpt":{"rendered":"<p>Novembre 2025 Per il ministero l\u2019educazione alla pace non \u00e8 pedagogia Il Centro Studi Trasformazioni Economico-Sociali\u00a0e l\u2019Osservatorio contro la militarizzazione delle scuole e delle universit\u00e0 avevano organizzato il corso di formazione online per sensibilizzare i docenti sull\u2019avanzata del militarismo nel Paese. Ma, nonostante l\u2019alto numero di iscritti, il ministero ha deciso di revocare l\u2019accreditamento Il convegno, a cui fino a poco fa i docenti potevano iscriversi regolarmente dalla piattaforma ministeriale Sofia, pensata per la loro formazione, organizzato nel giorno in cui, dall\u2019anno scorso, in Italia si celebra la Giornata dell\u2019unit\u00e0 nazionale e delle forze armate, aveva l\u2019obiettivo di allargare anche alla scuola il dibattito sulla guerra, per evidenziare come oggi chi si fa portavoce di una cultura improntata sulla risoluzione pacifica dei conflitti si senta marginalizzato. \u00a0 \u00abIl Mim sta sostanzialmente dicendo che un corso che ha come oggetto un tema estremamente attuale come la guerra e se l\u2019educazione debba essere educazione alla pace e al rifiuto delle armi come soluzione dei conflitti, non \u00e8 oggetto di dibattito pedagogico, nonostante l\u2019articolo 11 della Costituzione, per cui l\u2019Italia ripudia la guerra\u00bb, spiega, infatti, il Cestes in un comunicato diffuso subito dopo che l\u2019accreditamento del convegno \u00e8 stato ritirato. Cosa comporta il ritiro dell\u2019accreditamento Nel testo gli organizzatori avvisano gli insegnanti che i loro legali sono al lavoro per restituire il diritto alla formazione libera e consapevole a\u00a0ogni docente. Ma invitano anche chi di loro ha fatto richiesta del permesso per la formazione, che la legge prevede, a ritirarlo. Al fine di non incorrere in sanzione disciplinari. Visto che l\u2019annullamento dell\u2019accreditamento da parte del Mim, nella pratica, significa togliere ai docenti la possibilit\u00e0 di usufruire delle ore di permesso a cui avrebbero diritto. Un convegno che, come si legge sul sito dell\u2019Osservatorio contro la militarizzazione delle scuole e delle universit\u00e0, aveva gi\u00e0 raggiunto pi\u00f9 di mille partecipanti costringendo gli organizzatori a chiudere le iscrizioni in anticipo. Tanto che c\u2019\u00e8 anche chi sospetta che sia proprio l\u2019alto numero di iscritti ad aver attirato l\u2019attenzione del ministero sul corso\u00a0organizzato invece da settimane\u00a0per sensibilizzare gli insegnanti sulla militarizzazione del Paese. \u00abRiteniamo urgente questa prima comunicazione ma forniremo maggiori informazioni e approfondimenti successivamente in altre sedi\u00bb, si legge ancora nel comunicato del Cestes, ente accreditato per la formazione presso il Ministero ma a cui sembra sia stata sospesa anche la possibilit\u00e0 di erogare altri corsi dopo questo annullamento. Anche a Alleanza Verdi e Sinistra fa sapere che intende presentare un\u2019interrogazione parlamentare al ministro Giuseppe Valditara per fare luce sulle ragioni che avrebbero motivato l\u2019annullamento del corso di formazione online \u201cLa scuola non si arruola\u201d. All Posts Controinformazione &nbsp;&nbsp;Back Segnalazioni Le terre rubate, le denunce: come Leone XIV ha difeso le vittime di Sodalicio Giugno 2025 La Coop ritira i prodotti israeliani dai supermercati. E arriva la Gaza Cola Giugno 2025 Rep. Democratica Congo: \u201cNoi donne siamo morte, pur respirando\u201d. Giugno 2025<\/p>\n","protected":false},"author":1,"featured_media":2861,"comment_status":"closed","ping_status":"closed","sticky":false,"template":"","format":"standard","meta":{"footnotes":""},"categories":[6,108],"tags":[],"class_list":["post-3766","post","type-post","status-publish","format-standard","has-post-thumbnail","hentry","category-controinformazione","category-segnalazioni"],"_links":{"self":[{"href":"https:\/\/reterr.it\/index.php?rest_route=\/wp\/v2\/posts\/3766","targetHints":{"allow":["GET"]}}],"collection":[{"href":"https:\/\/reterr.it\/index.php?rest_route=\/wp\/v2\/posts"}],"about":[{"href":"https:\/\/reterr.it\/index.php?rest_route=\/wp\/v2\/types\/post"}],"author":[{"embeddable":true,"href":"https:\/\/reterr.it\/index.php?rest_route=\/wp\/v2\/users\/1"}],"replies":[{"embeddable":true,"href":"https:\/\/reterr.it\/index.php?rest_route=%2Fwp%2Fv2%2Fcomments&post=3766"}],"version-history":[{"count":4,"href":"https:\/\/reterr.it\/index.php?rest_route=\/wp\/v2\/posts\/3766\/revisions"}],"predecessor-version":[{"id":3771,"href":"https:\/\/reterr.it\/index.php?rest_route=\/wp\/v2\/posts\/3766\/revisions\/3771"}],"wp:featuredmedia":[{"embeddable":true,"href":"https:\/\/reterr.it\/index.php?rest_route=\/wp\/v2\/media\/2861"}],"wp:attachment":[{"href":"https:\/\/reterr.it\/index.php?rest_route=%2Fwp%2Fv2%2Fmedia&parent=3766"}],"wp:term":[{"taxonomy":"category","embeddable":true,"href":"https:\/\/reterr.it\/index.php?rest_route=%2Fwp%2Fv2%2Fcategories&post=3766"},{"taxonomy":"post_tag","embeddable":true,"href":"https:\/\/reterr.it\/index.php?rest_route=%2Fwp%2Fv2%2Ftags&post=3766"}],"curies":[{"name":"wp","href":"https:\/\/api.w.org\/{rel}","templated":true}]}}