{"id":406,"date":"2025-05-05T13:38:55","date_gmt":"2025-05-05T13:38:55","guid":{"rendered":"https:\/\/reterr.it\/?p=406"},"modified":"2025-11-14T07:53:42","modified_gmt":"2025-11-14T07:53:42","slug":"rete-di-udine","status":"publish","type":"post","link":"https:\/\/reterr.it\/?p=406","title":{"rendered":"Rete di Udine"},"content":{"rendered":"\t\t<div data-elementor-type=\"wp-post\" data-elementor-id=\"406\" class=\"elementor elementor-406\">\n\t\t\t\t<div class=\"elementor-element elementor-element-577b421 e-flex e-con-boxed elementor-repeater-item-default_padding elementor-repeater-item-none elementor-repeater-item-none_hover e-con e-parent\" data-id=\"577b421\" data-element_type=\"container\" data-settings=\"{&quot;ang_container_spacing_size&quot;:&quot;default_padding&quot;}\">\n\t\t\t\t\t<div class=\"e-con-inner\">\n\t\t\t\t<div class=\"elementor-element elementor-element-19e74f1 elementor-repeater-item-shadow_2 elementor-repeater-item-none_hover elementor-widget elementor-widget-text-editor\" data-id=\"19e74f1\" data-element_type=\"widget\" data-widget_type=\"text-editor.default\">\n\t\t\t\t<div class=\"elementor-widget-container\">\n\t\t\t\t\t\t\t\t\t<p>Esattamente 30 anni dopo la sua nascita la fecondit\u00e0 della Rete Radi\u00e9 Resch ha partorito anche il nostro gruppo di Udine. Antonio Vermigli, che divent\u00f2 poi un amico fraterno, cur\u00f2 instancabilmente il nostro piccolo gruppo facendoci incontrare con numerosi testimoni della miseria, della resistenza e dei presidi di fraternit\u00e0 dell\u2019\u201caltro mondo\u201d.<\/p><p>Era l\u2019autunno del 1994, e mentre noi ci apprestavamo con entusiasmo a costruire il nostro gruppo, a livello nazionale la RRR stava affrontando con qualche apprensione il processo di \u201cdemasinizzazione\u201d.\u00a0<\/p><p>Curioso!<\/p><p>Noi nascevamo e contemporaneamente Ettore Masina, un mito che avevamo conosciuto solo attraverso la sua circolare, se ne andava. Al convegno di quell\u2019anno, il primo a cui la rete di Udine partecipava, abbiamo assistito sgomenti all\u2019uscita di Ettore, naturalmente del tutto ignari della storia passata e recente della RRR.<\/p><p>Negli anni seguenti abbiamo recuperato rapidamente il nostro rapporto con la RRR attraverso la partecipazione costante ai coordinamenti, ai convegni, ai seminari e ai viaggi organizzati dalla RRR. Non solo ma abbiamo studiato i testi sulla storia della RRR invitando i \u201cveterani\u201d a raccontarcela, da testimoni diretti. Anche il servizio di segreteria di Toni Peratoner assieme a Fabiano Ramin e Gabriele Zanini \u00e8 stata una grande ricchezza per tutto il gruppo, consentendoci di affinare il nostro rapporto con tante persone a volte lontane e prima non conosciute, ma di grande spessore.<\/p><p>\u00c8 stato molto appassionante, perch\u00e9 con molte di loro abbiamo tuttora forti legami di amicizia, con qualcuna percorsi di vera fraternit\u00e0. Abbiamo anche approfondito valori inediti in cui la RRR si riconosce, che per noi sono di una grande ricchezza: la \u201crestituzione\u201d, la centralit\u00e0 della relazione, la laicit\u00e0, la consapevolezza del nostro ruolo nel cambiamento, anche se, come siamo usi a dire, non siamo che una \u201clacrima\u201d in un mare. Il 2024 per il nostro gruppo \u00e8 l\u2019anno dei suoi 30 anni di vita.<\/p><p>\u00c8 un piccolo gruppo, circa 15 persone, molto coeso e molto partecipativo negli incontri mensili, ma a differenza di altri gruppi non ha una base ampia di sostenitori, cosa che non gli consente di aumentare il livello delle \u201crestituzioni\u201d. Probabilmente non ci ha aiutato la scelta di aver evitato occasioni di promozione, se non attraverso i contatti personali, fedeli al motto di Ettore che \u201calla RRR si aderisce per un atto di amore\u201d.<\/p><p>Nel tempo il gruppo, composto in parte da non credenti, ha avuto una evoluzione verso un approccio maggiormente \u201cpolitico\u201d, impegnandosi localmente assieme ad altre associazioni su questioni riguardanti l\u2019immigrazione, i diritti, la pace, l\u2019ambiente, pur mantenendo, attraverso l\u2019operazione \u201cRemigio Colombo\u201d in Brasile, una stretta relazione prima con Giovanni Baroni, uno dei \u201ccompagnon\u201d di Paul Gautier, e, dopo la sua morte, con sua moglie Macione: un\u2019operazione che incarna perfettamente lo spirito della RRR e che abbiamo potuto apprezzare personalmente sia attraverso diversi viaggi sul luogo sia mediante le frequenti comunicazioni.<\/p><p>\u00a0<\/p>\t\t\t\t\t\t\t\t<\/div>\n\t\t\t\t<\/div>\n\t\t\t\t<div class=\"elementor-element elementor-element-dcd1844 elementor-repeater-item-shadow_2 elementor-repeater-item-none_hover elementor-widget elementor-widget-text-editor\" data-id=\"dcd1844\" data-element_type=\"widget\" data-widget_type=\"text-editor.default\">\n\t\t\t\t<div class=\"elementor-widget-container\">\n\t\t\t\t\t\t\t\t\t<h3>Referenti Locali<\/h3><ul><li>Toni Peratoner<br \/>toniperatoner@gmail.com<\/li><\/ul>\t\t\t\t\t\t\t\t<\/div>\n\t\t\t\t<\/div>\n\t\t\t\t\t<\/div>\n\t\t\t\t<\/div>\n\t\t<div class=\"elementor-element elementor-element-cce6600 e-flex e-con-boxed elementor-repeater-item-default_padding elementor-repeater-item-none elementor-repeater-item-none_hover e-con e-parent\" data-id=\"cce6600\" data-element_type=\"container\" data-settings=\"{&quot;ang_container_spacing_size&quot;:&quot;default_padding&quot;}\">\n\t\t\t\t\t<div class=\"e-con-inner\">\n\t\t\t\t<div class=\"elementor-element elementor-element-a2016e4 wpr-grid-columns-3 wpr-grid-columns--tablet2 wpr-grid-columns--mobile1 wpr-grid-pagination-center wpr-item-styles-inner elementor-repeater-item-none elementor-repeater-item-none_hover elementor-widget elementor-widget-wpr-grid\" data-id=\"a2016e4\" data-element_type=\"widget\" data-widget_type=\"wpr-grid.default\">\n\t\t\t\t<div class=\"elementor-widget-container\">\n\t\t\t\t\t<h2><\/h2>\t\t\t\t<\/div>\n\t\t\t\t<\/div>\n\t\t\t\t\t<\/div>\n\t\t\t\t<\/div>\n\t\t\t\t<\/div>\n\t\t","protected":false},"excerpt":{"rendered":"<p>Esattamente 30 anni dopo la sua nascita la fecondit\u00e0 della Rete Radi\u00e9 Resch ha partorito anche il nostro gruppo di Udine. Antonio Vermigli, che divent\u00f2 poi un amico fraterno, cur\u00f2 instancabilmente il nostro piccolo gruppo facendoci incontrare con numerosi testimoni della miseria, della resistenza e dei presidi di fraternit\u00e0 dell\u2019\u201caltro mondo\u201d. Era l\u2019autunno del 1994, e mentre noi ci apprestavamo con entusiasmo a costruire il nostro gruppo, a livello nazionale la RRR stava affrontando con qualche apprensione il processo di \u201cdemasinizzazione\u201d.\u00a0 Curioso! Noi nascevamo e contemporaneamente Ettore Masina, un mito che avevamo conosciuto solo attraverso la sua circolare, se ne andava. Al convegno di quell\u2019anno, il primo a cui la rete di Udine partecipava, abbiamo assistito sgomenti all\u2019uscita di Ettore, naturalmente del tutto ignari della storia passata e recente della RRR. Negli anni seguenti abbiamo recuperato rapidamente il nostro rapporto con la RRR attraverso la partecipazione costante ai coordinamenti, ai convegni, ai seminari e ai viaggi organizzati dalla RRR. Non solo ma abbiamo studiato i testi sulla storia della RRR invitando i \u201cveterani\u201d a raccontarcela, da testimoni diretti. Anche il servizio di segreteria di Toni Peratoner assieme a Fabiano Ramin e Gabriele Zanini \u00e8 stata una grande ricchezza per tutto il gruppo, consentendoci di affinare il nostro rapporto con tante persone a volte lontane e prima non conosciute, ma di grande spessore. \u00c8 stato molto appassionante, perch\u00e9 con molte di loro abbiamo tuttora forti legami di amicizia, con qualcuna percorsi di vera fraternit\u00e0. Abbiamo anche approfondito valori inediti in cui la RRR si riconosce, che per noi sono di una grande ricchezza: la \u201crestituzione\u201d, la centralit\u00e0 della relazione, la laicit\u00e0, la consapevolezza del nostro ruolo nel cambiamento, anche se, come siamo usi a dire, non siamo che una \u201clacrima\u201d in un mare. Il 2024 per il nostro gruppo \u00e8 l\u2019anno dei suoi 30 anni di vita. \u00c8 un piccolo gruppo, circa 15 persone, molto coeso e molto partecipativo negli incontri mensili, ma a differenza di altri gruppi non ha una base ampia di sostenitori, cosa che non gli consente di aumentare il livello delle \u201crestituzioni\u201d. Probabilmente non ci ha aiutato la scelta di aver evitato occasioni di promozione, se non attraverso i contatti personali, fedeli al motto di Ettore che \u201calla RRR si aderisce per un atto di amore\u201d. Nel tempo il gruppo, composto in parte da non credenti, ha avuto una evoluzione verso un approccio maggiormente \u201cpolitico\u201d, impegnandosi localmente assieme ad altre associazioni su questioni riguardanti l\u2019immigrazione, i diritti, la pace, l\u2019ambiente, pur mantenendo, attraverso l\u2019operazione \u201cRemigio Colombo\u201d in Brasile, una stretta relazione prima con Giovanni Baroni, uno dei \u201ccompagnon\u201d di Paul Gautier, e, dopo la sua morte, con sua moglie Macione: un\u2019operazione che incarna perfettamente lo spirito della RRR e che abbiamo potuto apprezzare personalmente sia attraverso diversi viaggi sul luogo sia mediante le frequenti comunicazioni. \u00a0 Referenti Locali Toni Peratonertoniperatoner@gmail.com<\/p>\n","protected":false},"author":1,"featured_media":0,"comment_status":"closed","ping_status":"closed","sticky":false,"template":"","format":"standard","meta":{"footnotes":""},"categories":[25,21],"tags":[],"class_list":["post-406","post","type-post","status-publish","format-standard","hentry","category-friuli-venezia-giulia","category-rete-di-udine"],"_links":{"self":[{"href":"https:\/\/reterr.it\/index.php?rest_route=\/wp\/v2\/posts\/406","targetHints":{"allow":["GET"]}}],"collection":[{"href":"https:\/\/reterr.it\/index.php?rest_route=\/wp\/v2\/posts"}],"about":[{"href":"https:\/\/reterr.it\/index.php?rest_route=\/wp\/v2\/types\/post"}],"author":[{"embeddable":true,"href":"https:\/\/reterr.it\/index.php?rest_route=\/wp\/v2\/users\/1"}],"replies":[{"embeddable":true,"href":"https:\/\/reterr.it\/index.php?rest_route=%2Fwp%2Fv2%2Fcomments&post=406"}],"version-history":[{"count":61,"href":"https:\/\/reterr.it\/index.php?rest_route=\/wp\/v2\/posts\/406\/revisions"}],"predecessor-version":[{"id":3799,"href":"https:\/\/reterr.it\/index.php?rest_route=\/wp\/v2\/posts\/406\/revisions\/3799"}],"wp:attachment":[{"href":"https:\/\/reterr.it\/index.php?rest_route=%2Fwp%2Fv2%2Fmedia&parent=406"}],"wp:term":[{"taxonomy":"category","embeddable":true,"href":"https:\/\/reterr.it\/index.php?rest_route=%2Fwp%2Fv2%2Fcategories&post=406"},{"taxonomy":"post_tag","embeddable":true,"href":"https:\/\/reterr.it\/index.php?rest_route=%2Fwp%2Fv2%2Ftags&post=406"}],"curies":[{"name":"wp","href":"https:\/\/api.w.org\/{rel}","templated":true}]}}