{"id":4181,"date":"2025-12-31T13:26:51","date_gmt":"2025-12-31T13:26:51","guid":{"rendered":"https:\/\/reterr.it\/?p=4181"},"modified":"2025-12-31T13:42:35","modified_gmt":"2025-12-31T13:42:35","slug":"algeria-una-conferenza-denuncia-i-crimini-coloniali-e-chiede-verita-giustizia-e-risarcimenti","status":"publish","type":"post","link":"https:\/\/reterr.it\/?p=4181","title":{"rendered":"ALGERIA. Una conferenza denuncia i crimini coloniali e chiede verit\u00e0, giustizia e risarcimenti"},"content":{"rendered":"<p><a href=\"https:\/\/reterr.it\/wp-content\/uploads\/2026\/02\/Screenshot-2026-02-26-alle-13.33.31.png\"><img decoding=\"async\" src=\"https:\/\/reterr.it\/wp-content\/uploads\/2026\/02\/Screenshot-2026-02-26-alle-13.33.31-150x150.png\" width=\"150\" height=\"150\" alt=\"Screenshot-2026-02-26-alle-13.33.31.png\" style=\"display:inline-block\"><\/a> <\/p>\t\t<div data-elementor-type=\"wp-post\" data-elementor-id=\"4181\" class=\"elementor elementor-4181\">\n\t\t\t\t<div class=\"elementor-element elementor-element-20cd3a0 e-flex e-con-boxed elementor-repeater-item-default_padding elementor-repeater-item-none elementor-repeater-item-none_hover e-con e-parent\" data-id=\"20cd3a0\" data-element_type=\"container\" data-settings=\"{&quot;ang_container_spacing_size&quot;:&quot;default_padding&quot;}\">\n\t\t\t\t\t<div class=\"e-con-inner\">\n\t\t\t\t<div class=\"elementor-element elementor-element-a5e5945 elementor-repeater-item-none elementor-repeater-item-none_hover elementor-widget elementor-widget-text-editor\" data-id=\"a5e5945\" data-element_type=\"widget\" data-widget_type=\"text-editor.default\">\n\t\t\t\t<div class=\"elementor-widget-container\">\n\t\t\t\t\t\t\t\t\t<p>di\u00a0<a class=\"url fn\" title=\"Articoli scritti di Marco Santopadre\" href=\"https:\/\/pagineesteri.it\/author\/marco-santopadre\/\" rel=\"author\">Marco Santopadre<\/a>\u00a0<\/p><p>Tratto da <a href=\"https:\/\/pagineesteri.it\/2025\/12\/03\/africa\/algeria-una-conferenza-denuncia-i-crimini-coloniali-e-chiede-verita-giustizia-e-risarcimenti\/\">Pagineesteri.it<\/a><\/p>\t\t\t\t\t\t\t\t<\/div>\n\t\t\t\t<\/div>\n\t\t\t\t\t<\/div>\n\t\t\t\t<\/div>\n\t\t<div class=\"elementor-element elementor-element-223908c e-flex e-con-boxed elementor-repeater-item-default_padding elementor-repeater-item-none elementor-repeater-item-none_hover e-con e-parent\" data-id=\"223908c\" data-element_type=\"container\" data-settings=\"{&quot;ang_container_spacing_size&quot;:&quot;default_padding&quot;}\">\n\t\t\t\t\t<div class=\"e-con-inner\">\n\t\t<div class=\"elementor-element elementor-element-b3f5f65 e-con-full e-flex elementor-repeater-item-default_padding elementor-repeater-item-none elementor-repeater-item-none_hover e-con e-child\" data-id=\"b3f5f65\" data-element_type=\"container\" data-settings=\"{&quot;ang_container_spacing_size&quot;:&quot;default_padding&quot;}\">\n\t\t\t\t<div class=\"elementor-element elementor-element-0ba4666 hfe-post-info-layout-traditional elementor-repeater-item-none elementor-repeater-item-none_hover elementor-widget elementor-widget-post-info-widget\" data-id=\"0ba4666\" data-element_type=\"widget\" data-widget_type=\"post-info-widget.default\">\n\t\t\t\t<div class=\"elementor-widget-container\">\n\t\t\t\t\t\t\t<ul class=\"hfe-post-info-items hfe-post-info\">\n\t\t\t\t\t<li class=\"hfe-post-info-item elementor-repeater-item-828792f\" itemprop=\"datePublished\"> \n\t\t\t\n\t\t\t\t\t<span class=\"hfe-post-info-text hfe-post-info__item hfe-post-info__item--type-date\">\n\t\t\t\n\t\t\t\t\t\t\tDicembre 2025\t\t\t\t\t<\/span>\n\t\t\n\t\t\t\t\t<\/li>\n\t\t\t\t<\/ul>\n\t\t\t\t\t\t<\/div>\n\t\t\t\t<\/div>\n\t\t\t\t<div class=\"elementor-element elementor-element-a17b72a external_elementor-repeater-item-none_external elementor-repeater-item-none elementor-repeater-item-none_hover elementor-widget elementor-widget-image\" data-id=\"a17b72a\" data-element_type=\"widget\" data-widget_type=\"image.default\">\n\t\t\t\t<div class=\"elementor-widget-container\">\n\t\t\t\t\t\t\t\t\t\t\t\t\t\t\t<img fetchpriority=\"high\" decoding=\"async\" width=\"800\" height=\"534\" src=\"https:\/\/reterr.it\/wp-content\/uploads\/2025\/12\/ConferenzaAlgeri-1024x683.jpg\" class=\"attachment-large size-large wp-image-4183\" alt=\"\" srcset=\"https:\/\/reterr.it\/wp-content\/uploads\/2025\/12\/ConferenzaAlgeri-1024x683.jpg 1024w, https:\/\/reterr.it\/wp-content\/uploads\/2025\/12\/ConferenzaAlgeri-300x200.jpg 300w, https:\/\/reterr.it\/wp-content\/uploads\/2025\/12\/ConferenzaAlgeri-768x512.jpg 768w, https:\/\/reterr.it\/wp-content\/uploads\/2025\/12\/ConferenzaAlgeri.jpg 1080w\" sizes=\"(max-width: 800px) 100vw, 800px\" \/>\t\t\t\t\t\t\t\t\t\t\t\t\t\t\t<\/div>\n\t\t\t\t<\/div>\n\t\t\t\t<div class=\"elementor-element elementor-element-44f57a9 elementor-repeater-item-shadow_2 elementor-repeater-item-none_hover elementor-widget elementor-widget-text-editor\" data-id=\"44f57a9\" data-element_type=\"widget\" data-widget_type=\"text-editor.default\">\n\t\t\t\t<div class=\"elementor-widget-container\">\n\t\t\t\t\t\t\t\t\t<h1 class=\"entry-title-post\">Domenica e luned\u00ec decine di delegazioni hanno partecipato nella capitale algerina ai lavori della \u201cConferenza internazionale sui crimini del colonialismo in Africa\u201d.<\/h1><div id=\"m6872-6871-6873\" class=\"content \"><p>La conferenza si \u00e8 tenuta sulla base di una risoluzione, adottata a febbraio dall\u2019Unione Africana, che chiede giustizia e\u00a0<a href=\"https:\/\/www.theguardian.com\/world\/2025\/nov\/30\/african-leaders-push-for-recognition-of-colonial-crimes-and-reparations\"><strong>meccanismi riparatori<\/strong><\/a>\u00a0che consentano ai paesi coinvolti di poter affrontare le durature conseguenze politiche, economiche e sociali del dominio coloniale europeo. Uno degli obiettivi espliciti dell\u2019iniziativa \u00e8 stato quello di elaborare una posizione africana unitaria sulla questione dei risarcimenti e di inserire il colonialismo nella lista dei \u201ccrimini contro l\u2019umanit\u00e0\u201d riconosciuti dal diritto internazionale.<\/p><p>Infatti mentre la schiavit\u00f9, la tortura e l\u2019apartheid sono esplicitamente menzionati dalle convenzioni internazionali, neanche la Carta delle Nazioni Unite, che pure condannando l\u2019occupazione di territori altrui, fa alcun riferimento specifico al colonialismo.<\/p><p lang=\"zxx\">Molti paesi africani sostengono che questa lacuna giuridica abbia contribuito a proteggere le ex potenze coloniali anche secoli di furto di di risorse, lavoro forzato, espropriazione territoriale e sottomissione politica continuano a condizionare fortemente la condizione economico e sociale del continente africano. Secondo alcuni economisti, il costo complessivo dello sfruttamento coloniale dell\u2019Africa ammonterebbe a varie migliaia di miliardi di dollari.<\/p><p lang=\"zxx\">Inoltre le\u00a0<a href=\"https:\/\/english.almayadeen.net\/news\/politics\/algiers-hosts-conference-for-african-drive-to-criminalize-co\"><strong>richieste di risarcimento<\/strong><\/a>\u00a0includono anche la restituzione di beni archeologici, culturali e storici confiscati durante l\u2019epoca coloniale e ancora conservati nei musei europei.<\/p><p>Il messaggio centrale diffuso dalla Conferenza di Algeri \u00e8 che l\u2019Africa non intende chiudere il capitolo della dominazione coloniale senza attivare un percorso internazionale fondato su una memoria condivisa, sul riconoscimento dei crimini commessi dalle potenze coloniali e sulla riparazione.<\/p><p>\u00a0<\/p><h4 lang=\"zxx\"><strong>La Dichiarazione di Algeri<\/strong><\/h4><p lang=\"zxx\">Questi intenti sono stati riassunti nella \u201c<a href=\"https:\/\/al24news.dz\/en\/africa-confronts-colonial-past-algiers-declaration-advocates-justice-and-memory\/\"><strong>Dichiarazione di Algeri<\/strong><\/a>\u201d adottata dalla Conferenza al termine dei lavori e che sar\u00e0 sottoposta all\u2019esame e all\u2019approvazione dell\u2019Assemblea dei Capi di Stato e di Governo dell\u2019Unione Africana convocata nel febbraio 2026.<\/p><p>La Dichiarazione ha chiesto la proclamazione del 30 novembre come \u201cGiornata africana di omaggio ai martiri e alle vittime della tratta transatlantica degli schiavi, della colonizzazione e dell\u2019apartheid\u201d, sulla base di una proposta avanzata dal presidente algerino Abdelmadjid Tebboune.<\/p><p lang=\"zxx\">Il testo invita esplicitamente le ex potenze coloniali ad \u00abassumersi pienamente le proprie responsabilit\u00e0 storiche attraverso il riconoscimento pubblico ed esplicito delle ingiustizie commesse\u00bb, raccomandando \u00abla creazione di archivi digitali panafricani, la revisione dei programmi educativi e la creazione di memoriali, musei e giornate commemorative\u00bb.<\/p><p>I partecipanti hanno raccomandato l\u2019istituzione, da parte degli stati membri dell\u2019Unione Africana, di \u201cCommissioni nazionali per la verit\u00e0 e le riparazioni\u201d, oltre a sostenere \u00abl\u2019istituzione e il rafforzamento di meccanismi legali a livello nazionale, regionale, continentale e internazionale volti a istituzionalizzare la criminalizzazione del colonialismo nel diritto internazionale attraverso la documentazione, l\u2019accesso e la restituzione completa degli archivi, e a garantire sia la responsabilit\u00e0 legale per i crimini coloniali sia le loro conseguenze durature\u00bb.<\/p><p>La Dichiarazione sostiene inoltre \u00abla creazione di un Comitato panafricano sulla memoria e la verit\u00e0 storica, che avr\u00e0 il compito di armonizzare gli approcci storici, supervisionare la raccolta degli archivi, coordinare i centri di ricerca africani e produrre analisi e raccomandazioni per il continente\u00bb.<\/p><p lang=\"zxx\">I firmatari sottolineato da questo punto di vista \u00abl\u2019urgente necessit\u00e0 di riformare i sistemi educativi africani per integrare pienamente la storia precoloniale, coloniale e postcoloniale e per dotare le giovani generazioni di una coscienza storica informata\u00bb.<\/p><p lang=\"zxx\">\u00a0<\/p><\/div><h4 lang=\"zxx\"><strong>Risarcimento ambientale<\/strong><\/h4><p lang=\"zxx\">Gli estensori del documento hanno anche affermato \u00abla necessit\u00e0 di stabilire una valutazione continentale dell\u2019impatto ecologico e climatico del colonialismo e delle esigenze di riabilitazione dei territori colpiti da test nucleari, chimici e industriali\u00bb, sostenendo \u00abl\u2019istituzione di una Piattaforma africana per la giustizia ambientale, incaricata di identificare le aree colpite, valutare i danni, supportare gli Stati interessati e formulare raccomandazioni continentali per la riabilitazione e il risarcimento\u00bb.<\/p><p lang=\"zxx\">\u00abEsortiamo gli stati storicamente responsabili dei danni ambientali che hanno causato il cambiamento climatico, in particolare le ex potenze coloniali, ad assumersi la propria responsabilit\u00e0 morale e politica, invitandoli a fornire supporto finanziario, tecnologico e istituzionale agli sforzi di adattamento e mitigazione del continente\u00bb recita un passaggio della Dichiarazione.<\/p><h4 lang=\"zxx\"><strong>L\u2019Africa nel mondo multipolare<\/strong><\/h4><p lang=\"zxx\">Per quanto riguarda le ricadute economiche, la Dichiarazione di Algeri sottolinea \u00abl\u2019importanza di intraprendere un audit continentale degli impatti economici del colonialismo al fine di sviluppare una strategia di riparazione basata sulla giustizia che comprenda, tra le altre cose, il risarcimento per la ricchezza saccheggiata, la cancellazione del debito e un equo finanziamento dello sviluppo\u00bb.<\/p><p>Il documento sottolinea inoltre la necessit\u00e0 di riformare la governance economica globale per smantellare l\u2019eredit\u00e0 coloniale radicata nelle istituzioni finanziarie internazionali e nei regimi commerciali.<\/p><p lang=\"zxx\">A tale scopo, i partecipanti hanno chiesto \u00abla revisione dell\u2019architettura finanziaria internazionale, compreso un effettivo riequilibrio del potere decisionale all\u2019interno del FMI, della Banca Mondiale, delle banche regionali di sviluppo e degli organismi di regolamentazione economica globale, consentendo ai paesi africani di definire liberamente le proprie politiche di sviluppo, accedere ai finanziamenti a costi equi e partecipare pienamente alle decisioni che plasmano l\u2019economia globale\u00bb.<\/p><p lang=\"zxx\">La Conferenza e la richiesta di congrui risarcimenti da parte delle ex potenze coloniali europee \u2013 Portogallo, Spagna, Francia, Gran Bretagna, Belgio, Italia, Germania \u2013 si inseriscono in un contesto geopolitico nel quale i paesi africani tentano di sfruttare le nuove sponde economiche e diplomatiche offerte dalle potenze emergenti attive nel continente \u2013 Cina, Russia, Turchia ed Emirati Arabi \u2013 per poter rafforzare la propria posizione nelle trattative in corso con l\u2019Unione Europea.<\/p><p>All\u2019interno di uno scenario gi\u00e0 multipolare segnato da una feroce competizione tra le diverse potenze, la memoria storica e la richiesta di un risarcimento per i saccheggi e le violenze inflitte ai popoli del continente costituiscono un potenziale strumento per riequilibrare rapporti asimmetrici con i paesi europei.<\/p><h4><strong>Il protagonismo dell\u2019Algeria<\/strong><\/h4><p lang=\"zxx\">A fare gli onori di casa \u00e8 stato il Ministro degli Esteri algerino, Ahmed Attaf, che nel corso del suo intervento nella sessione inaugurale ha spiegato che le sofferenze inflitte dalla Francia al suo paese durante l\u2019occupazione coloniale, mai del tutto riconosciute da Parigi, hanno spinto Algeri ad ospitare la conferenza.<\/p><p>Dal 1954 al 1962 l\u2019Algeria affront\u00f2 infatti una delle pi\u00f9 sanguinose guerre anticoloniali di tutto il continente prima di poter ottenere l\u2019indipendenza; il conflitto caus\u00f2 centinaia di migliaia di vittime e le forze di occupazione francesi, sostenute da milizie formate da coloni, si resero responsabili di eccidi, rapimenti e torture.<\/p><p>Secondo Attaf, il risarcimento dovuto dai paesi colonizzatori dovrebbe essere considerato un obbligo legale e non un gesto di magnanimit\u00e0. L\u2019Africa \u00abha il diritto di esigere il riconoscimento ufficiale ed esplicito dei crimini commessi contro i suoi popoli durante il periodo coloniale\u00bb che continuano ad imporre \u00abun prezzo pesante in termini di esclusione, emarginazione ed arretratezza\u00bb.<br \/>\u00abIl colonialismo non \u00e8 una macchina pensante, n\u00e9 un corpo dotato di ragione; \u00e8 violenza allo stato naturale\u00bb ha detto il dirigente algerino citando Frantz Fanon\u00bb.<\/p><p>Attaf non ha mancato di ricordare che il periodo coloniale ha lasciato dietro di s\u00e9 enormi strascichi e conflitti, citando il caso del Sahara Occidentale, ex colonia spagnola parzialmente occupata dal Marocco negli anni \u201970, come un dossier di decolonizzazione irrisolto.<\/p><p lang=\"zxx\">Sono sempre pi\u00f9 numerosi i paesi occidentali ma anche africani che stanno riconoscendo l\u2019annessione del Sahara occidentale al Marocco, riconosciuta della mozione approvata recentemente dal\u00a0<a href=\"https:\/\/pagineesteri.it\/2025\/11\/04\/africa\/trump-minaccia-nigeria-regala-sahara-occidentale-al-marocco\/\"><strong>Consiglio di Sicurezza delle Nazioni Unite<\/strong><\/a>\u00a0che cita l\u2019autonomia della regione all\u2019interno del territorio di Rabat come base di partenza per ogni soluzione negoziale, di fatto cancellando la priorit\u00e0 da sempre accordata ad un referendum che permetta alla popolazione dei territori occupati di decidere il proprio destino.<\/p><p>Ma il Ministro degli Esteri algerino ha ribadito il sostegno del proprio paese al popolo saharawi, elogiandone la lotta \u00abper affermare il proprio legittimo e legale diritto all\u2019autodeterminazione\u00bb.<\/p><p>\u00c8 indubbio che il governo algerino abbia utilizzato la conferenza per segnare qualche punto contro il Marocco, suo eterno rivale, cercando di recuperare agibilit\u00e0 dopo la risoluzione del Consiglio di Sicurezza dell\u2019ONU sul Sahara occidentale promossa dall\u2019amministrazione Trump.<\/p><p>\u2013 Pagine Esteri<\/p>\t\t\t\t\t\t\t\t<\/div>\n\t\t\t\t<\/div>\n\t\t\t\t<\/div>\n\t\t<div class=\"elementor-element elementor-element-bbfe093 e-con-full e-flex elementor-repeater-item-default_padding elementor-repeater-item-none elementor-repeater-item-none_hover e-con e-child\" data-id=\"bbfe093\" data-element_type=\"container\" data-settings=\"{&quot;ang_container_spacing_size&quot;:&quot;default_padding&quot;}\">\n\t\t<div class=\"elementor-element elementor-element-e257114 e-con-full e-flex elementor-repeater-item-default_padding elementor-repeater-item-none elementor-repeater-item-none_hover e-con e-child\" data-id=\"e257114\" data-element_type=\"container\" data-settings=\"{&quot;ang_container_spacing_size&quot;:&quot;default_padding&quot;}\">\n\t\t\t\t<div class=\"elementor-element elementor-element-aff0cae wpr-grid-columns-1 wpr-item-styles-wrapper wpr-grid-columns--tablet2 wpr-grid-columns--mobile1 elementor-repeater-item-none elementor-repeater-item-none_hover elementor-widget elementor-widget-wpr-grid\" data-id=\"aff0cae\" data-element_type=\"widget\" data-widget_type=\"wpr-grid.default\">\n\t\t\t\t<div class=\"elementor-widget-container\">\n\t\t\t\t\t<ul class=\"wpr-grid-filters elementor-clearfix wpr-grid-filters-sep-right\"><li class=\" wpr-pointer-none wpr-pointer-line-fx wpr-pointer-fx-none\"><span  data-filter=\"*\" class=\"wpr-grid-filters-item wpr-active-filter \">All Posts<\/span><em class=\"wpr-grid-filters-sep\"><\/em><\/li><li data-role=\"parent\" class=\" wpr-pointer-none wpr-pointer-line-fx wpr-pointer-fx-none\"><span   data-ajax-filter=[\"category\",\"controinformazione\"]  data-filter=\".category-controinformazione\">Controinformazione<\/span><em class=\"wpr-grid-filters-sep\"><\/em><\/li><ul data-parent=\".category-controinformazione\" class=\"wpr-sub-filters\"><li data-role=\"back\" class=\" wpr-pointer-none wpr-pointer-line-fx wpr-pointer-fx-none\"><span class=\"wpr-back-filter\"  data-ajax-filter=[\"category\",\"controinformazione\"]  data-filter=\".category-controinformazione\"><i class=\"fas fa-long-arrow-alt-left\"><\/i>&nbsp;&nbsp;Back<\/span><\/li><li data-role=\"sub\" class=\" wpr-pointer-none wpr-pointer-line-fx wpr-pointer-fx-none\"><span   data-ajax-filter=[\"category\",\"segnalazioni\"]  data-filter=\".category-segnalazioni\">Segnalazioni<\/span><em class=\"wpr-grid-filters-sep\"><\/em><\/li><\/ul><\/ul><section class=\"wpr-grid elementor-clearfix\" data-settings=\"{&quot;layout&quot;:&quot;fitRows&quot;,&quot;stick_last_element_to_bottom&quot;:&quot;&quot;,&quot;columns_desktop&quot;:&quot;1&quot;,&quot;gutter_hr&quot;:15,&quot;gutter_hr_mobile&quot;:15,&quot;gutter_hr_mobile_extra&quot;:15,&quot;gutter_hr_tablet&quot;:15,&quot;gutter_hr_tablet_extra&quot;:15,&quot;gutter_hr_laptop&quot;:15,&quot;gutter_hr_widescreen&quot;:15,&quot;gutter_vr&quot;:15,&quot;gutter_vr_mobile&quot;:15,&quot;gutter_vr_mobile_extra&quot;:15,&quot;gutter_vr_tablet&quot;:15,&quot;gutter_vr_tablet_extra&quot;:15,&quot;gutter_vr_laptop&quot;:15,&quot;gutter_vr_widescreen&quot;:15,&quot;animation&quot;:&quot;default&quot;,&quot;animation_duration&quot;:0.3,&quot;animation_delay&quot;:0.1,&quot;deeplinking&quot;:&quot;&quot;,&quot;filters_linkable&quot;:&quot;no&quot;,&quot;filters_default_filter&quot;:&quot;&quot;,&quot;filters_count&quot;:&quot;&quot;,&quot;filters_hide_empty&quot;:&quot;no&quot;,&quot;filters_animation&quot;:&quot;default&quot;,&quot;filters_animation_duration&quot;:0.3,&quot;filters_animation_delay&quot;:0.1,&quot;pagination_type&quot;:&quot;load-more&quot;,&quot;pagination_max_pages&quot;:10,&quot;lightbox&quot;:{&quot;selector&quot;:&quot;.wpr-grid-image-wrap&quot;,&quot;iframeMaxWidth&quot;:&quot;60%&quot;,&quot;hash&quot;:false,&quot;autoplay&quot;:&quot;true&quot;,&quot;pause&quot;:5000,&quot;progressBar&quot;:&quot;true&quot;,&quot;counter&quot;:&quot;true&quot;,&quot;controls&quot;:&quot;true&quot;,&quot;getCaptionFromTitleOrAlt&quot;:&quot;true&quot;,&quot;thumbnail&quot;:&quot;&quot;,&quot;showThumbByDefault&quot;:&quot;&quot;,&quot;share&quot;:&quot;&quot;,&quot;zoom&quot;:&quot;true&quot;,&quot;fullScreen&quot;:&quot;true&quot;,&quot;download&quot;:&quot;true&quot;}}\"><article class=\"wpr-grid-item elementor-clearfix post-4544 post type-post status-publish format-standard has-post-thumbnail hentry category-controinformazione\"><div class=\"wpr-grid-item-inner\"><div class=\"wpr-grid-media-wrap wpr-effect-size-medium \" data-overlay-link=\"yes\"><div class=\"wpr-grid-image-wrap\" data-src=\"https:\/\/reterr.it\/wp-content\/uploads\/2026\/04\/PeritoMoreno004-300x198.jpg\" data-img-on-hover=\"\"  data-src-secondary=\"\"><img decoding=\"async\" data-no-lazy=\"1\" src=\"https:\/\/reterr.it\/wp-content\/uploads\/2026\/04\/PeritoMoreno004-300x198.jpg\" alt=\"Le reazione della scienza alla legge argentina che apre allo sfruttamento dei ghiacciai, gi\u00e0 agonizzanti a causa del clima che cambia\" class=\"wpr-anim-timing-ease-default\"><\/div><div class=\"wpr-grid-media-hover wpr-animation-wrap\"><div class=\"wpr-grid-media-hover-bg  wpr-overlay-fade-in wpr-anim-size-large wpr-anim-timing-ease-default wpr-anim-transparency\" data-url=\"https:\/\/reterr.it\/?p=4544\"><\/div><\/div><\/div><div class=\"wpr-grid-item-below-content elementor-clearfix\"><div class=\"wpr-grid-item-separator elementor-repeater-item-ba10332 wpr-grid-item-display-block wpr-grid-item-align-left wpr-grid-sep-style-2\"><div class=\"inner-block\"><span><\/span><\/div><\/div><h2 class=\"wpr-grid-item-title elementor-repeater-item-564d754 wpr-grid-item-display-block wpr-grid-item-align-center wpr-pointer-none wpr-pointer-line-fx wpr-pointer-fx-fade\"><div class=\"inner-block\"><a target=\"_self\"  href=\"https:\/\/reterr.it\/?p=4544\">Le reazione della scienza alla legge argentina che apre allo sfruttamento dei ghiacciai, gi\u00e0 agonizzanti a causa del clima che&hellip;<\/a><\/div><\/h2><div class=\"wpr-grid-item-separator elementor-repeater-item-22070f9 wpr-grid-item-display-block wpr-grid-item-align-left wpr-grid-sep-style-1\"><div class=\"inner-block\"><span><\/span><\/div><\/div><div class=\"wpr-grid-item-date elementor-repeater-item-9bc7f57 wpr-grid-item-display-block wpr-grid-item-align-center\"><div class=\"inner-block\"><span>Aprile 2026<\/span><\/div><\/div><\/div><\/div><\/article><article class=\"wpr-grid-item elementor-clearfix post-4409 post type-post status-publish format-standard has-post-thumbnail hentry category-controinformazione category-eventi\"><div class=\"wpr-grid-item-inner\"><div class=\"wpr-grid-media-wrap wpr-effect-size-medium \" data-overlay-link=\"yes\"><div class=\"wpr-grid-image-wrap\" data-src=\"https:\/\/reterr.it\/wp-content\/uploads\/2026\/03\/Donne-palestinesi-rIdwq0KXbxij-300x191.png\" data-img-on-hover=\"\"  data-src-secondary=\"\"><img decoding=\"async\" data-no-lazy=\"1\" src=\"https:\/\/reterr.it\/wp-content\/uploads\/2026\/03\/Donne-palestinesi-rIdwq0KXbxij-300x191.png\" alt=\"Giornata Internazionale della Donna: la resistenza ispiratrice delle donne palestinesi\" class=\"wpr-anim-timing-ease-default\"><\/div><div class=\"wpr-grid-media-hover wpr-animation-wrap\"><div class=\"wpr-grid-media-hover-bg  wpr-overlay-fade-in wpr-anim-size-large wpr-anim-timing-ease-default wpr-anim-transparency\" data-url=\"https:\/\/reterr.it\/?p=4409\"><\/div><\/div><\/div><div class=\"wpr-grid-item-below-content elementor-clearfix\"><div class=\"wpr-grid-item-separator elementor-repeater-item-ba10332 wpr-grid-item-display-block wpr-grid-item-align-left wpr-grid-sep-style-2\"><div class=\"inner-block\"><span><\/span><\/div><\/div><h2 class=\"wpr-grid-item-title elementor-repeater-item-564d754 wpr-grid-item-display-block wpr-grid-item-align-center wpr-pointer-none wpr-pointer-line-fx wpr-pointer-fx-fade\"><div class=\"inner-block\"><a target=\"_self\"  href=\"https:\/\/reterr.it\/?p=4409\">Giornata Internazionale della Donna: la resistenza ispiratrice delle donne palestinesi<\/a><\/div><\/h2><div class=\"wpr-grid-item-separator elementor-repeater-item-22070f9 wpr-grid-item-display-block wpr-grid-item-align-left wpr-grid-sep-style-1\"><div class=\"inner-block\"><span><\/span><\/div><\/div><div class=\"wpr-grid-item-date elementor-repeater-item-9bc7f57 wpr-grid-item-display-block wpr-grid-item-align-center\"><div class=\"inner-block\"><span>Marzo 2026<\/span><\/div><\/div><\/div><\/div><\/article><article class=\"wpr-grid-item elementor-clearfix post-4344 post type-post status-publish format-standard has-post-thumbnail hentry category-controinformazione\"><div class=\"wpr-grid-item-inner\"><div class=\"wpr-grid-media-wrap wpr-effect-size-medium \" data-overlay-link=\"yes\"><div class=\"wpr-grid-image-wrap\" data-src=\"https:\/\/reterr.it\/wp-content\/uploads\/2026\/02\/Screenshot-2026-02-26-alle-13.33.31-300x170.png\" data-img-on-hover=\"\"  data-src-secondary=\"\"><img decoding=\"async\" data-no-lazy=\"1\" src=\"https:\/\/reterr.it\/wp-content\/uploads\/2026\/02\/Screenshot-2026-02-26-alle-13.33.31-300x170.png\" alt=\"Argentina: le comunit\u00e0 Mapuche si rivolgono all&#8217;ONU per denunciare persecuzione, criminalizzazione e impatto estrattivista\" class=\"wpr-anim-timing-ease-default\"><\/div><div class=\"wpr-grid-media-hover wpr-animation-wrap\"><div class=\"wpr-grid-media-hover-bg  wpr-overlay-fade-in wpr-anim-size-large wpr-anim-timing-ease-default wpr-anim-transparency\" data-url=\"https:\/\/reterr.it\/?p=4344\"><\/div><\/div><\/div><div class=\"wpr-grid-item-below-content elementor-clearfix\"><div class=\"wpr-grid-item-separator elementor-repeater-item-ba10332 wpr-grid-item-display-block wpr-grid-item-align-left wpr-grid-sep-style-2\"><div class=\"inner-block\"><span><\/span><\/div><\/div><h2 class=\"wpr-grid-item-title elementor-repeater-item-564d754 wpr-grid-item-display-block wpr-grid-item-align-center wpr-pointer-none wpr-pointer-line-fx wpr-pointer-fx-fade\"><div class=\"inner-block\"><a target=\"_self\"  href=\"https:\/\/reterr.it\/?p=4344\">Argentina: le comunit\u00e0 Mapuche si rivolgono all&#8217;ONU per denunciare persecuzione, criminalizzazione e impatto estrattivista<\/a><\/div><\/h2><div class=\"wpr-grid-item-separator elementor-repeater-item-22070f9 wpr-grid-item-display-block wpr-grid-item-align-left wpr-grid-sep-style-1\"><div class=\"inner-block\"><span><\/span><\/div><\/div><div class=\"wpr-grid-item-date elementor-repeater-item-9bc7f57 wpr-grid-item-display-block wpr-grid-item-align-center\"><div class=\"inner-block\"><span>Febbraio 2026<\/span><\/div><\/div><\/div><\/div><\/article><\/section>\t\t\t\t<\/div>\n\t\t\t\t<\/div>\n\t\t\t\t<\/div>\n\t\t\t\t<\/div>\n\t\t\t\t\t<\/div>\n\t\t\t\t<\/div>\n\t\t<div class=\"elementor-element elementor-element-51413df e-flex e-con-boxed elementor-repeater-item-default_padding elementor-repeater-item-none elementor-repeater-item-none_hover e-con e-parent\" data-id=\"51413df\" data-element_type=\"container\" data-settings=\"{&quot;ang_container_spacing_size&quot;:&quot;default_padding&quot;}\">\n\t\t\t\t\t<div class=\"e-con-inner\">\n\t\t\t\t\t<\/div>\n\t\t\t\t<\/div>\n\t\t\t\t<\/div>\n\t\t","protected":false},"excerpt":{"rendered":"<p>di\u00a0Marco Santopadre\u00a0 Tratto da Pagineesteri.it Dicembre 2025 Domenica e luned\u00ec decine di delegazioni hanno partecipato nella capitale algerina ai lavori della \u201cConferenza internazionale sui crimini del colonialismo in Africa\u201d. La conferenza si \u00e8 tenuta sulla base di una risoluzione, adottata a febbraio dall\u2019Unione Africana, che chiede giustizia e\u00a0meccanismi riparatori\u00a0che consentano ai paesi coinvolti di poter affrontare le durature conseguenze politiche, economiche e sociali del dominio coloniale europeo. Uno degli obiettivi espliciti dell\u2019iniziativa \u00e8 stato quello di elaborare una posizione africana unitaria sulla questione dei risarcimenti e di inserire il colonialismo nella lista dei \u201ccrimini contro l\u2019umanit\u00e0\u201d riconosciuti dal diritto internazionale. Infatti mentre la schiavit\u00f9, la tortura e l\u2019apartheid sono esplicitamente menzionati dalle convenzioni internazionali, neanche la Carta delle Nazioni Unite, che pure condannando l\u2019occupazione di territori altrui, fa alcun riferimento specifico al colonialismo. Molti paesi africani sostengono che questa lacuna giuridica abbia contribuito a proteggere le ex potenze coloniali anche secoli di furto di di risorse, lavoro forzato, espropriazione territoriale e sottomissione politica continuano a condizionare fortemente la condizione economico e sociale del continente africano. Secondo alcuni economisti, il costo complessivo dello sfruttamento coloniale dell\u2019Africa ammonterebbe a varie migliaia di miliardi di dollari. Inoltre le\u00a0richieste di risarcimento\u00a0includono anche la restituzione di beni archeologici, culturali e storici confiscati durante l\u2019epoca coloniale e ancora conservati nei musei europei. Il messaggio centrale diffuso dalla Conferenza di Algeri \u00e8 che l\u2019Africa non intende chiudere il capitolo della dominazione coloniale senza attivare un percorso internazionale fondato su una memoria condivisa, sul riconoscimento dei crimini commessi dalle potenze coloniali e sulla riparazione. La Dichiarazione di Algeri Questi intenti sono stati riassunti nella \u201cDichiarazione di Algeri\u201d adottata dalla Conferenza al termine dei lavori e che sar\u00e0 sottoposta all\u2019esame e all\u2019approvazione dell\u2019Assemblea dei Capi di Stato e di Governo dell\u2019Unione Africana convocata nel febbraio 2026. La Dichiarazione ha chiesto la proclamazione del 30 novembre come \u201cGiornata africana di omaggio ai martiri e alle vittime della tratta transatlantica degli schiavi, della colonizzazione e dell\u2019apartheid\u201d, sulla base di una proposta avanzata dal presidente algerino Abdelmadjid Tebboune. Il testo invita esplicitamente le ex potenze coloniali ad \u00abassumersi pienamente le proprie responsabilit\u00e0 storiche attraverso il riconoscimento pubblico ed esplicito delle ingiustizie commesse\u00bb, raccomandando \u00abla creazione di archivi digitali panafricani, la revisione dei programmi educativi e la creazione di memoriali, musei e giornate commemorative\u00bb. I partecipanti hanno raccomandato l\u2019istituzione, da parte degli stati membri dell\u2019Unione Africana, di \u201cCommissioni nazionali per la verit\u00e0 e le riparazioni\u201d, oltre a sostenere \u00abl\u2019istituzione e il rafforzamento di meccanismi legali a livello nazionale, regionale, continentale e internazionale volti a istituzionalizzare la criminalizzazione del colonialismo nel diritto internazionale attraverso la documentazione, l\u2019accesso e la restituzione completa degli archivi, e a garantire sia la responsabilit\u00e0 legale per i crimini coloniali sia le loro conseguenze durature\u00bb. La Dichiarazione sostiene inoltre \u00abla creazione di un Comitato panafricano sulla memoria e la verit\u00e0 storica, che avr\u00e0 il compito di armonizzare gli approcci storici, supervisionare la raccolta degli archivi, coordinare i centri di ricerca africani e produrre analisi e raccomandazioni per il continente\u00bb. I firmatari sottolineato da questo punto di vista \u00abl\u2019urgente necessit\u00e0 di riformare i sistemi educativi africani per integrare pienamente la storia precoloniale, coloniale e postcoloniale e per dotare le giovani generazioni di una coscienza storica informata\u00bb. Risarcimento ambientale Gli estensori del documento hanno anche affermato \u00abla necessit\u00e0 di stabilire una valutazione continentale dell\u2019impatto ecologico e climatico del colonialismo e delle esigenze di riabilitazione dei territori colpiti da test nucleari, chimici e industriali\u00bb, sostenendo \u00abl\u2019istituzione di una Piattaforma africana per la giustizia ambientale, incaricata di identificare le aree colpite, valutare i danni, supportare gli Stati interessati e formulare raccomandazioni continentali per la riabilitazione e il risarcimento\u00bb. \u00abEsortiamo gli stati storicamente responsabili dei danni ambientali che hanno causato il cambiamento climatico, in particolare le ex potenze coloniali, ad assumersi la propria responsabilit\u00e0 morale e politica, invitandoli a fornire supporto finanziario, tecnologico e istituzionale agli sforzi di adattamento e mitigazione del continente\u00bb recita un passaggio della Dichiarazione. L\u2019Africa nel mondo multipolare Per quanto riguarda le ricadute economiche, la Dichiarazione di Algeri sottolinea \u00abl\u2019importanza di intraprendere un audit continentale degli impatti economici del colonialismo al fine di sviluppare una strategia di riparazione basata sulla giustizia che comprenda, tra le altre cose, il risarcimento per la ricchezza saccheggiata, la cancellazione del debito e un equo finanziamento dello sviluppo\u00bb. Il documento sottolinea inoltre la necessit\u00e0 di riformare la governance economica globale per smantellare l\u2019eredit\u00e0 coloniale radicata nelle istituzioni finanziarie internazionali e nei regimi commerciali. A tale scopo, i partecipanti hanno chiesto \u00abla revisione dell\u2019architettura finanziaria internazionale, compreso un effettivo riequilibrio del potere decisionale all\u2019interno del FMI, della Banca Mondiale, delle banche regionali di sviluppo e degli organismi di regolamentazione economica globale, consentendo ai paesi africani di definire liberamente le proprie politiche di sviluppo, accedere ai finanziamenti a costi equi e partecipare pienamente alle decisioni che plasmano l\u2019economia globale\u00bb. La Conferenza e la richiesta di congrui risarcimenti da parte delle ex potenze coloniali europee \u2013 Portogallo, Spagna, Francia, Gran Bretagna, Belgio, Italia, Germania \u2013 si inseriscono in un contesto geopolitico nel quale i paesi africani tentano di sfruttare le nuove sponde economiche e diplomatiche offerte dalle potenze emergenti attive nel continente \u2013 Cina, Russia, Turchia ed Emirati Arabi \u2013 per poter rafforzare la propria posizione nelle trattative in corso con l\u2019Unione Europea. All\u2019interno di uno scenario gi\u00e0 multipolare segnato da una feroce competizione tra le diverse potenze, la memoria storica e la richiesta di un risarcimento per i saccheggi e le violenze inflitte ai popoli del continente costituiscono un potenziale strumento per riequilibrare rapporti asimmetrici con i paesi europei. Il protagonismo dell\u2019Algeria A fare gli onori di casa \u00e8 stato il Ministro degli Esteri algerino, Ahmed Attaf, che nel corso del suo intervento nella sessione inaugurale ha spiegato che le sofferenze inflitte dalla Francia al suo paese durante l\u2019occupazione coloniale, mai del tutto riconosciute da Parigi, hanno spinto Algeri ad ospitare la conferenza. Dal 1954 al 1962 l\u2019Algeria affront\u00f2 infatti una delle pi\u00f9 sanguinose guerre anticoloniali di tutto il continente prima di poter ottenere l\u2019indipendenza; il conflitto<\/p>\n","protected":false},"author":1,"featured_media":2861,"comment_status":"closed","ping_status":"closed","sticky":false,"template":"","format":"standard","meta":{"footnotes":""},"categories":[6,108],"tags":[],"class_list":["post-4181","post","type-post","status-publish","format-standard","has-post-thumbnail","hentry","category-controinformazione","category-segnalazioni"],"_links":{"self":[{"href":"https:\/\/reterr.it\/index.php?rest_route=\/wp\/v2\/posts\/4181","targetHints":{"allow":["GET"]}}],"collection":[{"href":"https:\/\/reterr.it\/index.php?rest_route=\/wp\/v2\/posts"}],"about":[{"href":"https:\/\/reterr.it\/index.php?rest_route=\/wp\/v2\/types\/post"}],"author":[{"embeddable":true,"href":"https:\/\/reterr.it\/index.php?rest_route=\/wp\/v2\/users\/1"}],"replies":[{"embeddable":true,"href":"https:\/\/reterr.it\/index.php?rest_route=%2Fwp%2Fv2%2Fcomments&post=4181"}],"version-history":[{"count":11,"href":"https:\/\/reterr.it\/index.php?rest_route=\/wp\/v2\/posts\/4181\/revisions"}],"predecessor-version":[{"id":4194,"href":"https:\/\/reterr.it\/index.php?rest_route=\/wp\/v2\/posts\/4181\/revisions\/4194"}],"wp:featuredmedia":[{"embeddable":true,"href":"https:\/\/reterr.it\/index.php?rest_route=\/wp\/v2\/media\/2861"}],"wp:attachment":[{"href":"https:\/\/reterr.it\/index.php?rest_route=%2Fwp%2Fv2%2Fmedia&parent=4181"}],"wp:term":[{"taxonomy":"category","embeddable":true,"href":"https:\/\/reterr.it\/index.php?rest_route=%2Fwp%2Fv2%2Fcategories&post=4181"},{"taxonomy":"post_tag","embeddable":true,"href":"https:\/\/reterr.it\/index.php?rest_route=%2Fwp%2Fv2%2Ftags&post=4181"}],"curies":[{"name":"wp","href":"https:\/\/api.w.org\/{rel}","templated":true}]}}