{"id":560,"date":"2025-05-05T15:29:11","date_gmt":"2025-05-05T15:29:11","guid":{"rendered":"https:\/\/reterr.it\/?p=560"},"modified":"2025-11-14T07:57:03","modified_gmt":"2025-11-14T07:57:03","slug":"rete-di-celle-ligure-sv","status":"publish","type":"post","link":"https:\/\/reterr.it\/?p=560","title":{"rendered":"Rete di Celle-Varazze (SV)"},"content":{"rendered":"\t\t<div data-elementor-type=\"wp-post\" data-elementor-id=\"560\" class=\"elementor elementor-560\">\n\t\t\t\t<div class=\"elementor-element elementor-element-577b421 e-flex e-con-boxed elementor-repeater-item-default_padding elementor-repeater-item-none elementor-repeater-item-none_hover e-con e-parent\" data-id=\"577b421\" data-element_type=\"container\" data-settings=\"{&quot;ang_container_spacing_size&quot;:&quot;default_padding&quot;}\">\n\t\t\t\t\t<div class=\"e-con-inner\">\n\t\t\t\t<div class=\"elementor-element elementor-element-19e74f1 elementor-repeater-item-shadow_2 elementor-repeater-item-none_hover elementor-widget elementor-widget-text-editor\" data-id=\"19e74f1\" data-element_type=\"widget\" data-widget_type=\"text-editor.default\">\n\t\t\t\t<div class=\"elementor-widget-container\">\n\t\t\t\t\t\t\t\t\t<p><strong>CRONISTORIA.<\/strong> La Rete locale di Celle \u2013 Varazze \u00e8 nata da una gemmazione della Rete di Savona costituitasi nel Maggio del 2000 su sollecitazione di Antonio Vermigli e con l\u2019organizzazione di un incontro pubblico con Rigoberta Mench\u00f9 Tum, premio Nobel per la pace nel 1992. <br \/>La Rete savonese ha mosso i suoi primi passi nel vortice delle attivit\u00e0 preparatorie del G8 genovese (all\u2019interno della Rete di Lilliput) ed ha poi svolto una intensa attivit\u00e0 come referente di una operazione nella Repubblica Centrafricana.<br \/>Nel 2015, dopo il viaggio della Rete in Patagonia, si \u00e8 creato il nucleo originario del nodo locale Celle \u2013 Varazze rappresentato da un gruppo di amici che hanno tra di loro frequentazioni extra Rete stessa. Ruotano intorno a noi altri simpatizzanti, che pur non aderendo ufficialmente all\u2019associazione, sono sempre disponibili a partecipare e supportarci nelle nostre iniziative. \u00a0<\/p><p><strong>GLI INCONTRI. <\/strong>Non c\u2019\u00e8 una cadenza fissa per le nostre riunioni. Ci ritroviamo ogni volta ci siano esigenze di confronto od organizzative e comunque almeno bimestralmente. La convivialit\u00e0 ed il piacere di stare insieme sono da sempre un aspetto caratterizzante dei nostri incontri.<\/p><p><strong>LE TEMATICHE<\/strong>. Partendo dall\u2019analisi che il modello neo \u2013 liberista resti la causa primaria dello sfruttamento di uomini e donne oltrech\u00e9 della Terra e generi iniquit\u00e0 oltrech\u00e9 disastri ambientali, le tematiche su cui ci muoviamo sono quelle della giustizia sociale strettamente legata a quella ambientale (\u201c<em>non pu\u00f2 esistere equit\u00e0 in ambienti degradati<\/em>\u201d ). Perch\u00e9 davvero \u201c<em>tutto \u00e8 connesso<\/em>\u201d.<\/p><p><strong>IL CAMBIAMENTO<\/strong>.\u00a0 Deve partire dalla consapevolezza che i nostri stili di vita occidentali sono possibili solo grazie allo sfruttamento di altri uomini\/donne e alla rapace ed indiscriminata predazione delle risorse della Terra. Crediamo che il cambio di paradigma debba partire dalle nostre scelte di vita personali (\u201c<em>Sii il cambiamento che vuoi vedere nel mondo<\/em>\u201d \u2013 Mahatma Gandhi) e che, testimoniato, possa poi assumere un seguito pi\u00f9 ampio, assumendo un significato politico.<\/p><p><strong>IL NOSTRO IMPEGNO. <\/strong>Si articola:<\/p><ul><li><u>A livello internazionale<\/u>: come referenti, insieme alla Rete locale di Brescia, dell\u2019operazione che sostiene l\u2019Associazione Regionale Mapuche Folilko di cui sono portavoce Jos\u00e9 Nain P\u00e9rez e Margot Collipal Curaqueo. Nell\u2019ultimo nostro viaggio in Cile del Marzo 2024 sono state coinvolte 2 ragazze che hanno avuto la possibilit\u00e0 di vivere all\u2019interno delle comunit\u00e0 mapuche che ci hanno ospitato.<\/li><li><u>A livello nazionale<\/u>: con la partecipazione alla vita organizzativa della Rete, mettendoci a disposizione, sulla base dei nostri rispettivi carismi, per gli incarichi di tesoreria e segreteria e per la preparazione e realizzazione dei convegni e dei seminari nazionali.<\/li><li><u>A livello locale<\/u>: \u201c<em>tessendo reti<\/em>\u201d con le realt\u00e0 del territorio che lavorano su tematiche comuni per svolgere opera di sensibilizzazione e nel tentativo di creare una \u201c<em>massa critica<\/em>\u201d capace di incidere \u201c<em>dal basso<\/em>\u201d sugli indirizzi e le scelte politiche di istituzioni ed amministrazioni locali. Molti di noi sono anche attivi in associazioni che operano nei luoghi dove viviamo.<\/li><\/ul><p>\u00a0<\/p><p><strong>LA RELAZIONE. <\/strong><\/p><p>Condivisione e solidariet\u00e0 non possono prescindere dalla relazione diretta tra persone.<\/p><p>Abbiamo imparato che i viaggi e le permanenze nei reciproci quotidiani ci consegnano una dimensione di donne e uomini pi\u00f9 veri, pi\u00f9 umani. Il vivere con l\u2019Altro obbliga ad uscire da Te stesso, dalle <em>comfort zone, <\/em>facendoti crescere e diventare una persona migliore. <br \/>Siamo accesi sostenitori di tali esperienze e pensiamo che questo patrimonio, peculiariet\u00e0 della Rete, andrebbe il pi\u00f9 possibile reso fruibile alle nuove generazioni.<br \/>Una solidariet\u00e0 vissuta sulla pelle, con una forza emotiva travolgente con cui sar\u00e0 necessario confrontarsi al rientro nel quotidiano ordinario di tutti i giorni.<\/p><p>La semina di un chicco di speranza, forse capace di dare i frutti di quell\u2019auspicato cambiamento.<\/p><p>\u00a0<\/p>\t\t\t\t\t\t\t\t<\/div>\n\t\t\t\t<\/div>\n\t\t\t\t<div class=\"elementor-element elementor-element-aeb819d elementor-repeater-item-shadow_2 elementor-repeater-item-none_hover elementor-widget elementor-widget-text-editor\" data-id=\"aeb819d\" data-element_type=\"widget\" data-widget_type=\"text-editor.default\">\n\t\t\t\t<div class=\"elementor-widget-container\">\n\t\t\t\t\t\t\t\t\t<h3>Referenti Locali<\/h3><ul><li>Pierpaolo Pertino<br \/>pierpertino@gmail.com<\/li><\/ul>\t\t\t\t\t\t\t\t<\/div>\n\t\t\t\t<\/div>\n\t\t\t\t\t<\/div>\n\t\t\t\t<\/div>\n\t\t<div class=\"elementor-element elementor-element-cce6600 e-flex e-con-boxed elementor-repeater-item-default_padding elementor-repeater-item-none elementor-repeater-item-none_hover e-con e-parent\" data-id=\"cce6600\" data-element_type=\"container\" data-settings=\"{&quot;ang_container_spacing_size&quot;:&quot;default_padding&quot;}\">\n\t\t\t\t\t<div class=\"e-con-inner\">\n\t\t\t\t<div class=\"elementor-element elementor-element-a2016e4 wpr-grid-columns-3 wpr-grid-columns--tablet2 wpr-grid-columns--mobile1 wpr-grid-pagination-center wpr-item-styles-inner elementor-repeater-item-none elementor-repeater-item-none_hover elementor-widget elementor-widget-wpr-grid\" data-id=\"a2016e4\" data-element_type=\"widget\" data-widget_type=\"wpr-grid.default\">\n\t\t\t\t<div class=\"elementor-widget-container\">\n\t\t\t\t\t<h2><\/h2>\t\t\t\t<\/div>\n\t\t\t\t<\/div>\n\t\t\t\t\t<\/div>\n\t\t\t\t<\/div>\n\t\t\t\t<\/div>\n\t\t","protected":false},"excerpt":{"rendered":"<p>CRONISTORIA. La Rete locale di Celle \u2013 Varazze \u00e8 nata da una gemmazione della Rete di Savona costituitasi nel Maggio del 2000 su sollecitazione di Antonio Vermigli e con l\u2019organizzazione di un incontro pubblico con Rigoberta Mench\u00f9 Tum, premio Nobel per la pace nel 1992. La Rete savonese ha mosso i suoi primi passi nel vortice delle attivit\u00e0 preparatorie del G8 genovese (all\u2019interno della Rete di Lilliput) ed ha poi svolto una intensa attivit\u00e0 come referente di una operazione nella Repubblica Centrafricana.Nel 2015, dopo il viaggio della Rete in Patagonia, si \u00e8 creato il nucleo originario del nodo locale Celle \u2013 Varazze rappresentato da un gruppo di amici che hanno tra di loro frequentazioni extra Rete stessa. Ruotano intorno a noi altri simpatizzanti, che pur non aderendo ufficialmente all\u2019associazione, sono sempre disponibili a partecipare e supportarci nelle nostre iniziative. \u00a0 GLI INCONTRI. Non c\u2019\u00e8 una cadenza fissa per le nostre riunioni. Ci ritroviamo ogni volta ci siano esigenze di confronto od organizzative e comunque almeno bimestralmente. La convivialit\u00e0 ed il piacere di stare insieme sono da sempre un aspetto caratterizzante dei nostri incontri. LE TEMATICHE. Partendo dall\u2019analisi che il modello neo \u2013 liberista resti la causa primaria dello sfruttamento di uomini e donne oltrech\u00e9 della Terra e generi iniquit\u00e0 oltrech\u00e9 disastri ambientali, le tematiche su cui ci muoviamo sono quelle della giustizia sociale strettamente legata a quella ambientale (\u201cnon pu\u00f2 esistere equit\u00e0 in ambienti degradati\u201d ). Perch\u00e9 davvero \u201ctutto \u00e8 connesso\u201d. IL CAMBIAMENTO.\u00a0 Deve partire dalla consapevolezza che i nostri stili di vita occidentali sono possibili solo grazie allo sfruttamento di altri uomini\/donne e alla rapace ed indiscriminata predazione delle risorse della Terra. Crediamo che il cambio di paradigma debba partire dalle nostre scelte di vita personali (\u201cSii il cambiamento che vuoi vedere nel mondo\u201d \u2013 Mahatma Gandhi) e che, testimoniato, possa poi assumere un seguito pi\u00f9 ampio, assumendo un significato politico. IL NOSTRO IMPEGNO. Si articola: A livello internazionale: come referenti, insieme alla Rete locale di Brescia, dell\u2019operazione che sostiene l\u2019Associazione Regionale Mapuche Folilko di cui sono portavoce Jos\u00e9 Nain P\u00e9rez e Margot Collipal Curaqueo. Nell\u2019ultimo nostro viaggio in Cile del Marzo 2024 sono state coinvolte 2 ragazze che hanno avuto la possibilit\u00e0 di vivere all\u2019interno delle comunit\u00e0 mapuche che ci hanno ospitato. A livello nazionale: con la partecipazione alla vita organizzativa della Rete, mettendoci a disposizione, sulla base dei nostri rispettivi carismi, per gli incarichi di tesoreria e segreteria e per la preparazione e realizzazione dei convegni e dei seminari nazionali. A livello locale: \u201ctessendo reti\u201d con le realt\u00e0 del territorio che lavorano su tematiche comuni per svolgere opera di sensibilizzazione e nel tentativo di creare una \u201cmassa critica\u201d capace di incidere \u201cdal basso\u201d sugli indirizzi e le scelte politiche di istituzioni ed amministrazioni locali. Molti di noi sono anche attivi in associazioni che operano nei luoghi dove viviamo. \u00a0 LA RELAZIONE. Condivisione e solidariet\u00e0 non possono prescindere dalla relazione diretta tra persone. Abbiamo imparato che i viaggi e le permanenze nei reciproci quotidiani ci consegnano una dimensione di donne e uomini pi\u00f9 veri, pi\u00f9 umani. Il vivere con l\u2019Altro obbliga ad uscire da Te stesso, dalle comfort zone, facendoti crescere e diventare una persona migliore. Siamo accesi sostenitori di tali esperienze e pensiamo che questo patrimonio, peculiariet\u00e0 della Rete, andrebbe il pi\u00f9 possibile reso fruibile alle nuove generazioni.Una solidariet\u00e0 vissuta sulla pelle, con una forza emotiva travolgente con cui sar\u00e0 necessario confrontarsi al rientro nel quotidiano ordinario di tutti i giorni. La semina di un chicco di speranza, forse capace di dare i frutti di quell\u2019auspicato cambiamento. \u00a0 Referenti Locali Pierpaolo Pertinopierpertino@gmail.com<\/p>\n","protected":false},"author":1,"featured_media":0,"comment_status":"closed","ping_status":"closed","sticky":false,"template":"","format":"standard","meta":{"footnotes":""},"categories":[23,12],"tags":[],"class_list":["post-560","post","type-post","status-publish","format-standard","hentry","category-liguria","category-celle-ligure"],"_links":{"self":[{"href":"https:\/\/reterr.it\/index.php?rest_route=\/wp\/v2\/posts\/560","targetHints":{"allow":["GET"]}}],"collection":[{"href":"https:\/\/reterr.it\/index.php?rest_route=\/wp\/v2\/posts"}],"about":[{"href":"https:\/\/reterr.it\/index.php?rest_route=\/wp\/v2\/types\/post"}],"author":[{"embeddable":true,"href":"https:\/\/reterr.it\/index.php?rest_route=\/wp\/v2\/users\/1"}],"replies":[{"embeddable":true,"href":"https:\/\/reterr.it\/index.php?rest_route=%2Fwp%2Fv2%2Fcomments&post=560"}],"version-history":[{"count":38,"href":"https:\/\/reterr.it\/index.php?rest_route=\/wp\/v2\/posts\/560\/revisions"}],"predecessor-version":[{"id":3805,"href":"https:\/\/reterr.it\/index.php?rest_route=\/wp\/v2\/posts\/560\/revisions\/3805"}],"wp:attachment":[{"href":"https:\/\/reterr.it\/index.php?rest_route=%2Fwp%2Fv2%2Fmedia&parent=560"}],"wp:term":[{"taxonomy":"category","embeddable":true,"href":"https:\/\/reterr.it\/index.php?rest_route=%2Fwp%2Fv2%2Fcategories&post=560"},{"taxonomy":"post_tag","embeddable":true,"href":"https:\/\/reterr.it\/index.php?rest_route=%2Fwp%2Fv2%2Ftags&post=560"}],"curies":[{"name":"wp","href":"https:\/\/api.w.org\/{rel}","templated":true}]}}