{"id":587,"date":"2025-05-05T15:43:12","date_gmt":"2025-05-05T15:43:12","guid":{"rendered":"https:\/\/reterr.it\/?p=587"},"modified":"2025-11-28T15:23:55","modified_gmt":"2025-11-28T15:23:55","slug":"rete-di-varese","status":"publish","type":"post","link":"https:\/\/reterr.it\/?p=587","title":{"rendered":"Rete di Varese"},"content":{"rendered":"\t\t<div data-elementor-type=\"wp-post\" data-elementor-id=\"587\" class=\"elementor elementor-587\">\n\t\t\t\t<div class=\"elementor-element elementor-element-577b421 e-flex e-con-boxed elementor-repeater-item-default_padding elementor-repeater-item-none elementor-repeater-item-none_hover e-con e-parent\" data-id=\"577b421\" data-element_type=\"container\" data-settings=\"{&quot;ang_container_spacing_size&quot;:&quot;default_padding&quot;}\">\n\t\t\t\t\t<div class=\"e-con-inner\">\n\t\t\t\t<div class=\"elementor-element elementor-element-19e74f1 elementor-repeater-item-shadow_2 elementor-repeater-item-none_hover elementor-widget elementor-widget-text-editor\" data-id=\"19e74f1\" data-element_type=\"widget\" data-widget_type=\"text-editor.default\">\n\t\t\t\t<div class=\"elementor-widget-container\">\n\t\t\t\t\t\t\t\t\t<p>Varese \u00e8 stata sede di una delle prime realt\u00e0 locali della Rete Radi\u00e9 Resch. Lo stesso fondatore, Ettore Masina, vi ha vissuto durante la propria adolescenza.<\/p><p>Quando, nel 1964, su proposta di Paul Gauthier, teologo e prete operaio a Nazareth, Masina decise di creare una rete di sostegno alle sue iniziative, una delle prime persone coinvolte fu Remigio Colombo, gi\u00e0 suo professore di filosofia presso il locale Liceo Classico.<\/p><p>La Rete Locale di Varese fu dunque molto attiva fino alla morte di Colombo. Prosegu\u00ec la propria attivit\u00e0 anche successivamente, principalmente per iniziativa di Renata Spinella, mistica e poetessa varesina. Si spense progressivamente all\u2019inizio degli anni \u201990.<\/p><p>Venne poi rifondata nel 2007, su iniziativa di Simona Bettiati e Marco Lacchin, che ne sono tuttora referenti.<\/p><p>La \u201cnuova\u201d Rete Locale di Varese, bench\u00e9 molto piccola, \u00e8 attiva a livello nazionale, sia con la partecipazione al Coordinamento della Rete Radi\u00e9 Resch, sia con la presenza nella redazione della Rivista \u201cIn Dialogo\u201d, notiziario dell\u2019associazione, sia per il contributo fornito nella commissione che tiene i rapporti con il Movimento Sem Terra Brasiliano.<\/p><p>A livello locale, collabora con varie realt\u00e0 del territorio, tra cui il Comitato Varesino Palestina e l\u2019Associazione Madiba, che gestisce un progetto di sostegno scolastico in Etiopia.<\/p><p>Dal 2009, \u00e8 referente di un progetto di assistenza socio-sanitaria a Cochabamba (Bolivia).<\/p>\t\t\t\t\t\t\t\t<\/div>\n\t\t\t\t<\/div>\n\t\t\t\t<div class=\"elementor-element elementor-element-969e17d elementor-repeater-item-shadow_2 elementor-repeater-item-none_hover elementor-widget elementor-widget-text-editor\" data-id=\"969e17d\" data-element_type=\"widget\" data-widget_type=\"text-editor.default\">\n\t\t\t\t<div class=\"elementor-widget-container\">\n\t\t\t\t\t\t\t\t\t<h3>Referenti Locali<\/h3><ul><li>Marco Lacchin<br \/>avv_lacchin.marco@libero.it<\/li><\/ul>\t\t\t\t\t\t\t\t<\/div>\n\t\t\t\t<\/div>\n\t\t\t\t\t<\/div>\n\t\t\t\t<\/div>\n\t\t<div class=\"elementor-element elementor-element-cce6600 e-flex e-con-boxed elementor-repeater-item-default_padding elementor-repeater-item-none elementor-repeater-item-none_hover e-con e-parent\" data-id=\"cce6600\" data-element_type=\"container\" data-settings=\"{&quot;ang_container_spacing_size&quot;:&quot;default_padding&quot;}\">\n\t\t\t\t\t<div class=\"e-con-inner\">\n\t\t\t\t<div class=\"elementor-element elementor-element-a2016e4 wpr-grid-columns-3 wpr-grid-columns--tablet2 wpr-grid-columns--mobile1 wpr-grid-pagination-center wpr-item-styles-inner elementor-repeater-item-none elementor-repeater-item-none_hover elementor-widget elementor-widget-wpr-grid\" data-id=\"a2016e4\" data-element_type=\"widget\" data-widget_type=\"wpr-grid.default\">\n\t\t\t\t<div class=\"elementor-widget-container\">\n\t\t\t\t\t<h2><\/h2>\t\t\t\t<\/div>\n\t\t\t\t<\/div>\n\t\t\t\t\t<\/div>\n\t\t\t\t<\/div>\n\t\t\t\t<\/div>\n\t\t","protected":false},"excerpt":{"rendered":"<p>Varese \u00e8 stata sede di una delle prime realt\u00e0 locali della Rete Radi\u00e9 Resch. Lo stesso fondatore, Ettore Masina, vi ha vissuto durante la propria adolescenza. Quando, nel 1964, su proposta di Paul Gauthier, teologo e prete operaio a Nazareth, Masina decise di creare una rete di sostegno alle sue iniziative, una delle prime persone coinvolte fu Remigio Colombo, gi\u00e0 suo professore di filosofia presso il locale Liceo Classico. La Rete Locale di Varese fu dunque molto attiva fino alla morte di Colombo. Prosegu\u00ec la propria attivit\u00e0 anche successivamente, principalmente per iniziativa di Renata Spinella, mistica e poetessa varesina. Si spense progressivamente all\u2019inizio degli anni \u201990. Venne poi rifondata nel 2007, su iniziativa di Simona Bettiati e Marco Lacchin, che ne sono tuttora referenti. La \u201cnuova\u201d Rete Locale di Varese, bench\u00e9 molto piccola, \u00e8 attiva a livello nazionale, sia con la partecipazione al Coordinamento della Rete Radi\u00e9 Resch, sia con la presenza nella redazione della Rivista \u201cIn Dialogo\u201d, notiziario dell\u2019associazione, sia per il contributo fornito nella commissione che tiene i rapporti con il Movimento Sem Terra Brasiliano. A livello locale, collabora con varie realt\u00e0 del territorio, tra cui il Comitato Varesino Palestina e l\u2019Associazione Madiba, che gestisce un progetto di sostegno scolastico in Etiopia. Dal 2009, \u00e8 referente di un progetto di assistenza socio-sanitaria a Cochabamba (Bolivia). Referenti Locali Marco Lacchinavv_lacchin.marco@libero.it<\/p>\n","protected":false},"author":1,"featured_media":0,"comment_status":"closed","ping_status":"closed","sticky":false,"template":"","format":"standard","meta":{"footnotes":""},"categories":[22,17],"tags":[],"class_list":["post-587","post","type-post","status-publish","format-standard","hentry","category-lombardia","category-rete-varese"],"_links":{"self":[{"href":"https:\/\/reterr.it\/index.php?rest_route=\/wp\/v2\/posts\/587","targetHints":{"allow":["GET"]}}],"collection":[{"href":"https:\/\/reterr.it\/index.php?rest_route=\/wp\/v2\/posts"}],"about":[{"href":"https:\/\/reterr.it\/index.php?rest_route=\/wp\/v2\/types\/post"}],"author":[{"embeddable":true,"href":"https:\/\/reterr.it\/index.php?rest_route=\/wp\/v2\/users\/1"}],"replies":[{"embeddable":true,"href":"https:\/\/reterr.it\/index.php?rest_route=%2Fwp%2Fv2%2Fcomments&post=587"}],"version-history":[{"count":25,"href":"https:\/\/reterr.it\/index.php?rest_route=\/wp\/v2\/posts\/587\/revisions"}],"predecessor-version":[{"id":4108,"href":"https:\/\/reterr.it\/index.php?rest_route=\/wp\/v2\/posts\/587\/revisions\/4108"}],"wp:attachment":[{"href":"https:\/\/reterr.it\/index.php?rest_route=%2Fwp%2Fv2%2Fmedia&parent=587"}],"wp:term":[{"taxonomy":"category","embeddable":true,"href":"https:\/\/reterr.it\/index.php?rest_route=%2Fwp%2Fv2%2Fcategories&post=587"},{"taxonomy":"post_tag","embeddable":true,"href":"https:\/\/reterr.it\/index.php?rest_route=%2Fwp%2Fv2%2Ftags&post=587"}],"curies":[{"name":"wp","href":"https:\/\/api.w.org\/{rel}","templated":true}]}}