{"id":602,"date":"2025-05-05T15:50:59","date_gmt":"2025-05-05T15:50:59","guid":{"rendered":"https:\/\/reterr.it\/?p=602"},"modified":"2025-11-28T15:25:00","modified_gmt":"2025-11-28T15:25:00","slug":"rete-di-brescia","status":"publish","type":"post","link":"https:\/\/reterr.it\/?p=602","title":{"rendered":"Rete di Brescia"},"content":{"rendered":"\t\t<div data-elementor-type=\"wp-post\" data-elementor-id=\"602\" class=\"elementor elementor-602\">\n\t\t\t\t<div class=\"elementor-element elementor-element-577b421 e-flex e-con-boxed elementor-repeater-item-default_padding elementor-repeater-item-none elementor-repeater-item-none_hover e-con e-parent\" data-id=\"577b421\" data-element_type=\"container\" data-settings=\"{&quot;ang_container_spacing_size&quot;:&quot;default_padding&quot;}\">\n\t\t\t\t\t<div class=\"e-con-inner\">\n\t\t\t\t<div class=\"elementor-element elementor-element-19e74f1 elementor-repeater-item-shadow_2 elementor-repeater-item-none_hover elementor-widget elementor-widget-text-editor\" data-id=\"19e74f1\" data-element_type=\"widget\" data-widget_type=\"text-editor.default\">\n\t\t\t\t<div class=\"elementor-widget-container\">\n\t\t\t\t\t\t\t\t\t<p>La rete di Brescia nasce nel 1966, quando gli articoli di Ettore Masina, che parlava della sua esperienza al seguito di PaoloVI in Palestina, del suo incontro con Paul Gauthier e della nascente Rete, suscitano il vivo interesse di tre persone: Remo Bernacchia, Angelo Onger e Guido Stella. Sono il nucleo fondante di quella che sar\u00e0 la rete di Brescia. La Palestina resta per molti anni l\u2019oggetto privilegiato dell\u2019attenzione \u2013 anche concreta con l\u2019avvio della raccolta mensile \u2013 della rete bresciana, rete che non \u00e8 ancora gruppo, ma un insieme di contatti tra persone che restano legate dalle circolari e da qualche raro incontro.<\/p><p>La nascita di un gruppo che si ritrovi con regolarit\u00e0 \u00e8 della fine degli anni settanta. Ci\u00f2 consente di partecipare a diverse iniziative che cominciano ad orientare lo sguardo verso l\u2019America Latina, con diverse forme di solidariet\u00e0, incontrando esuli politici e sostenendo attivit\u00e0 sindacali. Citiamo, tra i molti eventi, il Convegno sul Guatemala (1983) con la partecipazione di alcuni membri del Comitato Giustizia e Pace del Guatemala. E nel 1987, il Convegno \u201cNicaragua, Nuova Costituzione\u201d, i cui atti sono poi stati presentati da Ettore Masina. \u00c8 un periodo ricco di attivit\u00e0, che la rete deve ridimensionare all\u2019inizio degli anni novanta, in concomitanza con le diminuite risorse di partecipazione.<\/p><p>Nel 1992 inizia una nuova fase per un impegno pi\u00f9 \u201cpolitico\u201d della rete locale. \u00c8 l\u2019anno in cui Ettore annuncia la \u201cdemasinizzazione\u201d della Rete. \u00c8 l\u2019anno del primo incontro con le vicende del popolo mapuche del Cile, con il quale si creeranno legami che durano tutt\u2019ora. Nel 1998 un loro rappresentante, Jos\u00e9 Nain, partecip\u00f2 al nostro XVII Convegno nazionale. Dall\u2019anno successivo si susseguiranno ininterrottamente fino ai nostri giorni sempre nuove Operazioni: dal sostegno alla pubblicazione di un giornale in lingua nativa (Aukin) fino all\u2019Operazione \u201cPrigionieri Politici\u201d conclusa nel dicembre 2024 come collaborazione ma non nei fatti. Agli inizi del 2025 ne \u00e8 in gestazione (rapida) un\u2019altra Operazione ad alto tasso di politicit\u00e0.<\/p><p>La soglia del duemila fotografa un gruppo sempre pi\u00f9 ansimante: cala sensibilmente l\u2019ammontare dell\u2019autotassazione, rallentano le circolari locali fino a sparire (nel 2006), ormai \u00e8 difficile parlare di \u2018gruppo\u2019, anche la partecipazione ai coordinamenti nazionali cessa, viene per\u00f2 sempre mantenuto, talvolta con notevoli difficolt\u00e0, il rapporto con i Mapuche.<\/p><p>Sar\u00e0, in s\u00e8guito, il viaggio in Palestina (dicembre-gennaio 2010) che riuscir\u00e0 a tonificare un po\u2019 tutto: il legame con i Mapuche e una presenza nella realt\u00e0 locale in cerca di un ricambio generazionale che, per il momento, non si intravede. Sembra l\u2019inizio di una nuova fase di vivacit\u00e0.<\/p><p>Il ricambio generazionale \u00e8 stata un\u2019utopia senza avveramento. Ma la ripresa dei <em>v\u00e8ci <\/em>tiene ancora, anche per la stretta collaborazione con la ReteRR di Celle-Varazze formata da coloro che siamo abituati a chiamare \u2018giovani\u2019.<\/p><p>Nel 2019 si organizz\u00f2 un gruppo di soci (detto Rete Radi\u00e9 Resch Gruppo di Brescia) che a sua volta richiese un conto corrente bancario presso la Banca etica. Da allora risulta pi\u00f9 semplice, non maggiore, la raccolta dei fondi.<\/p><p>Oggi la ReteRR di Brescia \u00e8 di minor consistenza rispetto al recente passato, ma c\u2019\u00e8: partecipa ai coordinamenti, informa periodicamente le persone che, pur non essendone parte attiva, sono interessate alle sue tematiche, cerca di essere presente nella vita della citt\u00e0\u2026 E guarda avanti anche se mette in campo il rischio non immediato della dissoluzione.<\/p><p><strong>\u00a0<\/strong><\/p><p><strong><u>Operazioni, locali e nazionali, promosse da Rete Brescia nel secolo scorso:<\/u><\/strong><\/p><p>&#8211;\u00a0 &#8220;<strong>REMIGIO COLOMBO<\/strong>&#8220;: affidata alla Rete di Brescia dalla Rete nazionale (finanziamento di un comitato di quartiere di Recife e di attivit\u00e0 sindacali nella stessa citt\u00e0), referenti in Brasile Giovanni e Vera Baroni.<\/p><p>&#8211; \u201c<strong>MARIUCCIA DABRAZZI<\/strong>\u201d: a favore del prigioniero politico uruguayano Juan Baladan (1984)<\/p><p>&#8211; \u201c<strong>ASTORRE VENTURA<\/strong>\u201d: sostegno ad attivit\u00e0 sindacali di base della CUT rurale dell\u2019Amazzonia, referente don Umberto Guidotti (1986).<\/p><p>&#8211; \u201c<strong>ARINDA<\/strong>\u201d: sostegno ad Arinda Ojeda, attivista politica cilena del M.I.R., residente a Brescia negli anni \u201970 e poi arrestata al suo rientro in patria nel 1981 (operazione del 1988).<\/p><p>&#8211; \u201c<strong>TALLER DE EDUCACI\u00d3N POPULAR<\/strong>\u201d: per la formazione di educatori in Valparaiso (Cile, 1991), referente Eliana.<\/p>\t\t\t\t\t\t\t\t<\/div>\n\t\t\t\t<\/div>\n\t\t\t\t<div class=\"elementor-element elementor-element-af07694 elementor-repeater-item-shadow_2 elementor-repeater-item-none_hover elementor-widget elementor-widget-text-editor\" data-id=\"af07694\" data-element_type=\"widget\" data-widget_type=\"text-editor.default\">\n\t\t\t\t<div class=\"elementor-widget-container\">\n\t\t\t\t\t\t\t\t\t<h3>Referenti Locali<\/h3><ul><li>Gabriella Giometti<br \/>gatod551@gmail.com<\/li><li>Piergiorgio Todeschini<br \/>pgtode@gmail.com<\/li><\/ul>\t\t\t\t\t\t\t\t<\/div>\n\t\t\t\t<\/div>\n\t\t\t\t\t<\/div>\n\t\t\t\t<\/div>\n\t\t<div class=\"elementor-element elementor-element-cce6600 e-flex e-con-boxed elementor-repeater-item-default_padding elementor-repeater-item-none elementor-repeater-item-none_hover e-con e-parent\" data-id=\"cce6600\" data-element_type=\"container\" data-settings=\"{&quot;ang_container_spacing_size&quot;:&quot;default_padding&quot;}\">\n\t\t\t\t\t<div class=\"e-con-inner\">\n\t\t\t\t<div class=\"elementor-element elementor-element-a2016e4 wpr-grid-columns-3 wpr-grid-columns--tablet2 wpr-grid-columns--mobile1 wpr-grid-pagination-center wpr-item-styles-inner elementor-repeater-item-none elementor-repeater-item-none_hover elementor-widget elementor-widget-wpr-grid\" data-id=\"a2016e4\" data-element_type=\"widget\" data-widget_type=\"wpr-grid.default\">\n\t\t\t\t<div class=\"elementor-widget-container\">\n\t\t\t\t\t<ul class=\"wpr-grid-filters elementor-clearfix wpr-grid-filters-sep-right\"><li class=\" wpr-pointer-none wpr-pointer-line-fx wpr-pointer-fx-none\"><span  data-filter=\"*\" class=\"wpr-grid-filters-item wpr-active-filter \">Tutti i contenuti di questa Rete<\/span><em class=\"wpr-grid-filters-sep\"><\/em><\/li><ul data-parent=\".category-lombardia\" class=\"wpr-sub-filters\"><li data-role=\"back\" class=\" wpr-pointer-none wpr-pointer-line-fx wpr-pointer-fx-none\"><span class=\"wpr-back-filter\"  data-ajax-filter=[\"category\",\"lombardia\"]  data-filter=\".category-lombardia\"><i class=\"fas fa-long-arrow-alt-left\"><\/i>&nbsp;&nbsp;Back<\/span><\/li><li data-role=\"sub\" class=\" wpr-pointer-none wpr-pointer-line-fx wpr-pointer-fx-none\"><span   data-ajax-filter=[\"category\",\"rete-milano\"]  data-filter=\".category-rete-milano\">Rete di Milano<\/span><em class=\"wpr-grid-filters-sep\"><\/em><\/li><li data-role=\"sub\" class=\" wpr-pointer-none wpr-pointer-line-fx wpr-pointer-fx-none\"><span   data-ajax-filter=[\"category\",\"rete-lecco\"]  data-filter=\".category-rete-lecco\">Rete di Lecco<\/span><em class=\"wpr-grid-filters-sep\"><\/em><\/li><li data-role=\"sub\" class=\" wpr-pointer-none wpr-pointer-line-fx wpr-pointer-fx-none\"><span   data-ajax-filter=[\"category\",\"rete-varese\"]  data-filter=\".category-rete-varese\">Rete di Varese<\/span><em class=\"wpr-grid-filters-sep\"><\/em><\/li><li data-role=\"sub\" class=\" wpr-pointer-none wpr-pointer-line-fx wpr-pointer-fx-none\"><span   data-ajax-filter=[\"category\",\"rete-nembro\"]  data-filter=\".category-rete-nembro\">Rete di Nembro (BG)<\/span><em class=\"wpr-grid-filters-sep\"><\/em><\/li><li data-role=\"sub\" class=\" wpr-pointer-none wpr-pointer-line-fx wpr-pointer-fx-none\"><span   data-ajax-filter=[\"category\",\"rete-brescia\"]  data-filter=\".category-rete-brescia\">Rete di Brescia<\/span><em class=\"wpr-grid-filters-sep\"><\/em><\/li><li data-role=\"sub\" class=\" wpr-pointer-none wpr-pointer-line-fx wpr-pointer-fx-none\"><span   data-ajax-filter=[\"category\",\"rete-saronno\"]  data-filter=\".category-rete-saronno\">Rete di Saronno<\/span><em class=\"wpr-grid-filters-sep\"><\/em><\/li><\/ul><\/ul><section class=\"wpr-grid elementor-clearfix\" data-settings=\"{&quot;layout&quot;:&quot;fitRows&quot;,&quot;stick_last_element_to_bottom&quot;:&quot;&quot;,&quot;columns_desktop&quot;:3,&quot;gutter_hr&quot;:15,&quot;gutter_hr_mobile&quot;:15,&quot;gutter_hr_mobile_extra&quot;:15,&quot;gutter_hr_tablet&quot;:15,&quot;gutter_hr_tablet_extra&quot;:15,&quot;gutter_hr_laptop&quot;:15,&quot;gutter_hr_widescreen&quot;:15,&quot;gutter_vr&quot;:15,&quot;gutter_vr_mobile&quot;:15,&quot;gutter_vr_mobile_extra&quot;:15,&quot;gutter_vr_tablet&quot;:15,&quot;gutter_vr_tablet_extra&quot;:15,&quot;gutter_vr_laptop&quot;:15,&quot;gutter_vr_widescreen&quot;:15,&quot;animation&quot;:&quot;default&quot;,&quot;animation_duration&quot;:0.3,&quot;animation_delay&quot;:0.1,&quot;deeplinking&quot;:&quot;&quot;,&quot;filters_linkable&quot;:&quot;no&quot;,&quot;filters_default_filter&quot;:&quot;&quot;,&quot;filters_count&quot;:&quot;&quot;,&quot;filters_hide_empty&quot;:&quot;no&quot;,&quot;filters_animation&quot;:&quot;default&quot;,&quot;filters_animation_duration&quot;:0.3,&quot;filters_animation_delay&quot;:0.1,&quot;pagination_type&quot;:&quot;load-more&quot;,&quot;pagination_max_pages&quot;:1,&quot;lightbox&quot;:{&quot;selector&quot;:&quot;.wpr-grid-image-wrap&quot;,&quot;iframeMaxWidth&quot;:&quot;60%&quot;,&quot;hash&quot;:false,&quot;autoplay&quot;:&quot;true&quot;,&quot;pause&quot;:5000,&quot;progressBar&quot;:&quot;true&quot;,&quot;counter&quot;:&quot;true&quot;,&quot;controls&quot;:&quot;true&quot;,&quot;getCaptionFromTitleOrAlt&quot;:&quot;true&quot;,&quot;thumbnail&quot;:&quot;&quot;,&quot;showThumbByDefault&quot;:&quot;&quot;,&quot;share&quot;:&quot;&quot;,&quot;zoom&quot;:&quot;true&quot;,&quot;fullScreen&quot;:&quot;true&quot;,&quot;download&quot;:&quot;true&quot;}}\"><article class=\"wpr-grid-item elementor-clearfix post-3630 post type-post status-publish format-standard has-post-thumbnail hentry category-lombardia category-operazioni category-rete-brescia\"><div class=\"wpr-grid-item-inner\"><div class=\"wpr-grid-media-wrap wpr-effect-size-medium \" data-overlay-link=\"yes\"><div class=\"wpr-grid-image-wrap\" data-src=\"https:\/\/reterr.it\/wp-content\/uploads\/2025\/11\/3-e1762848604907.jpg\" data-img-on-hover=\"\"  data-src-secondary=\"\"><img decoding=\"async\" data-no-lazy=\"1\" src=\"https:\/\/reterr.it\/wp-content\/uploads\/2025\/11\/3-e1762848604907.jpg\" alt=\"Cile &#8211; PROGETTO PRIGIONIERI POLITICI MAPUCHE\" class=\"wpr-anim-timing-ease-default\"><\/div><div class=\"wpr-grid-media-hover wpr-animation-wrap\"><div class=\"wpr-grid-media-hover-bg  wpr-overlay-fade-in wpr-anim-size-large wpr-anim-timing-ease-default wpr-anim-transparency\" data-url=\"https:\/\/reterr.it\/?p=3630\"><\/div><\/div><\/div><div class=\"wpr-grid-item-below-content elementor-clearfix\"><h2 class=\"wpr-grid-item-title elementor-repeater-item-cfb6abe wpr-grid-item-display-block wpr-grid-item-align-center wpr-pointer-none wpr-pointer-line-fx wpr-pointer-fx-fade\"><div class=\"inner-block\"><a target=\"_self\"  href=\"https:\/\/reterr.it\/?p=3630\">Cile &#8211; PROGETTO PRIGIONIERI POLITICI MAPUCHE<\/a><\/div><\/h2><div class=\"wpr-grid-item-separator elementor-repeater-item-f0c9fc4 wpr-grid-item-display-inline wpr-grid-item-align-left wpr-grid-sep-style-1\"><div class=\"inner-block\"><span><\/span><\/div><\/div><\/div><\/div><\/article><\/section>\t\t\t\t<\/div>\n\t\t\t\t<\/div>\n\t\t\t\t\t<\/div>\n\t\t\t\t<\/div>\n\t\t\t\t<\/div>\n\t\t","protected":false},"excerpt":{"rendered":"<p>La rete di Brescia nasce nel 1966, quando gli articoli di Ettore Masina, che parlava della sua esperienza al seguito di PaoloVI in Palestina, del suo incontro con Paul Gauthier e della nascente Rete, suscitano il vivo interesse di tre persone: Remo Bernacchia, Angelo Onger e Guido Stella. Sono il nucleo fondante di quella che sar\u00e0 la rete di Brescia. La Palestina resta per molti anni l\u2019oggetto privilegiato dell\u2019attenzione \u2013 anche concreta con l\u2019avvio della raccolta mensile \u2013 della rete bresciana, rete che non \u00e8 ancora gruppo, ma un insieme di contatti tra persone che restano legate dalle circolari e da qualche raro incontro. La nascita di un gruppo che si ritrovi con regolarit\u00e0 \u00e8 della fine degli anni settanta. Ci\u00f2 consente di partecipare a diverse iniziative che cominciano ad orientare lo sguardo verso l\u2019America Latina, con diverse forme di solidariet\u00e0, incontrando esuli politici e sostenendo attivit\u00e0 sindacali. Citiamo, tra i molti eventi, il Convegno sul Guatemala (1983) con la partecipazione di alcuni membri del Comitato Giustizia e Pace del Guatemala. E nel 1987, il Convegno \u201cNicaragua, Nuova Costituzione\u201d, i cui atti sono poi stati presentati da Ettore Masina. \u00c8 un periodo ricco di attivit\u00e0, che la rete deve ridimensionare all\u2019inizio degli anni novanta, in concomitanza con le diminuite risorse di partecipazione. Nel 1992 inizia una nuova fase per un impegno pi\u00f9 \u201cpolitico\u201d della rete locale. \u00c8 l\u2019anno in cui Ettore annuncia la \u201cdemasinizzazione\u201d della Rete. \u00c8 l\u2019anno del primo incontro con le vicende del popolo mapuche del Cile, con il quale si creeranno legami che durano tutt\u2019ora. Nel 1998 un loro rappresentante, Jos\u00e9 Nain, partecip\u00f2 al nostro XVII Convegno nazionale. Dall\u2019anno successivo si susseguiranno ininterrottamente fino ai nostri giorni sempre nuove Operazioni: dal sostegno alla pubblicazione di un giornale in lingua nativa (Aukin) fino all\u2019Operazione \u201cPrigionieri Politici\u201d conclusa nel dicembre 2024 come collaborazione ma non nei fatti. Agli inizi del 2025 ne \u00e8 in gestazione (rapida) un\u2019altra Operazione ad alto tasso di politicit\u00e0. La soglia del duemila fotografa un gruppo sempre pi\u00f9 ansimante: cala sensibilmente l\u2019ammontare dell\u2019autotassazione, rallentano le circolari locali fino a sparire (nel 2006), ormai \u00e8 difficile parlare di \u2018gruppo\u2019, anche la partecipazione ai coordinamenti nazionali cessa, viene per\u00f2 sempre mantenuto, talvolta con notevoli difficolt\u00e0, il rapporto con i Mapuche. Sar\u00e0, in s\u00e8guito, il viaggio in Palestina (dicembre-gennaio 2010) che riuscir\u00e0 a tonificare un po\u2019 tutto: il legame con i Mapuche e una presenza nella realt\u00e0 locale in cerca di un ricambio generazionale che, per il momento, non si intravede. Sembra l\u2019inizio di una nuova fase di vivacit\u00e0. Il ricambio generazionale \u00e8 stata un\u2019utopia senza avveramento. Ma la ripresa dei v\u00e8ci tiene ancora, anche per la stretta collaborazione con la ReteRR di Celle-Varazze formata da coloro che siamo abituati a chiamare \u2018giovani\u2019. Nel 2019 si organizz\u00f2 un gruppo di soci (detto Rete Radi\u00e9 Resch Gruppo di Brescia) che a sua volta richiese un conto corrente bancario presso la Banca etica. Da allora risulta pi\u00f9 semplice, non maggiore, la raccolta dei fondi. Oggi la ReteRR di Brescia \u00e8 di minor consistenza rispetto al recente passato, ma c\u2019\u00e8: partecipa ai coordinamenti, informa periodicamente le persone che, pur non essendone parte attiva, sono interessate alle sue tematiche, cerca di essere presente nella vita della citt\u00e0\u2026 E guarda avanti anche se mette in campo il rischio non immediato della dissoluzione. \u00a0 Operazioni, locali e nazionali, promosse da Rete Brescia nel secolo scorso: &#8211;\u00a0 &#8220;REMIGIO COLOMBO&#8220;: affidata alla Rete di Brescia dalla Rete nazionale (finanziamento di un comitato di quartiere di Recife e di attivit\u00e0 sindacali nella stessa citt\u00e0), referenti in Brasile Giovanni e Vera Baroni. &#8211; \u201cMARIUCCIA DABRAZZI\u201d: a favore del prigioniero politico uruguayano Juan Baladan (1984) &#8211; \u201cASTORRE VENTURA\u201d: sostegno ad attivit\u00e0 sindacali di base della CUT rurale dell\u2019Amazzonia, referente don Umberto Guidotti (1986). &#8211; \u201cARINDA\u201d: sostegno ad Arinda Ojeda, attivista politica cilena del M.I.R., residente a Brescia negli anni \u201970 e poi arrestata al suo rientro in patria nel 1981 (operazione del 1988). &#8211; \u201cTALLER DE EDUCACI\u00d3N POPULAR\u201d: per la formazione di educatori in Valparaiso (Cile, 1991), referente Eliana. Referenti Locali Gabriella Giomettigatod551@gmail.com Piergiorgio Todeschinipgtode@gmail.com Tutti i contenuti di questa Rete &nbsp;&nbsp;Back Rete di Milano Rete di Lecco Rete di Varese Rete di Nembro (BG) Rete di Brescia Rete di Saronno Cile &#8211; PROGETTO PRIGIONIERI POLITICI MAPUCHE<\/p>\n","protected":false},"author":1,"featured_media":0,"comment_status":"closed","ping_status":"closed","sticky":false,"template":"","format":"standard","meta":{"footnotes":""},"categories":[22,19],"tags":[],"class_list":["post-602","post","type-post","status-publish","format-standard","hentry","category-lombardia","category-rete-brescia"],"_links":{"self":[{"href":"https:\/\/reterr.it\/index.php?rest_route=\/wp\/v2\/posts\/602","targetHints":{"allow":["GET"]}}],"collection":[{"href":"https:\/\/reterr.it\/index.php?rest_route=\/wp\/v2\/posts"}],"about":[{"href":"https:\/\/reterr.it\/index.php?rest_route=\/wp\/v2\/types\/post"}],"author":[{"embeddable":true,"href":"https:\/\/reterr.it\/index.php?rest_route=\/wp\/v2\/users\/1"}],"replies":[{"embeddable":true,"href":"https:\/\/reterr.it\/index.php?rest_route=%2Fwp%2Fv2%2Fcomments&post=602"}],"version-history":[{"count":22,"href":"https:\/\/reterr.it\/index.php?rest_route=\/wp\/v2\/posts\/602\/revisions"}],"predecessor-version":[{"id":4114,"href":"https:\/\/reterr.it\/index.php?rest_route=\/wp\/v2\/posts\/602\/revisions\/4114"}],"wp:attachment":[{"href":"https:\/\/reterr.it\/index.php?rest_route=%2Fwp%2Fv2%2Fmedia&parent=602"}],"wp:term":[{"taxonomy":"category","embeddable":true,"href":"https:\/\/reterr.it\/index.php?rest_route=%2Fwp%2Fv2%2Fcategories&post=602"},{"taxonomy":"post_tag","embeddable":true,"href":"https:\/\/reterr.it\/index.php?rest_route=%2Fwp%2Fv2%2Ftags&post=602"}],"curies":[{"name":"wp","href":"https:\/\/api.w.org\/{rel}","templated":true}]}}