{"id":607,"date":"2025-05-05T15:52:41","date_gmt":"2025-05-05T15:52:41","guid":{"rendered":"https:\/\/reterr.it\/?p=607"},"modified":"2025-11-28T15:21:54","modified_gmt":"2025-11-28T15:21:54","slug":"rete-di-milano","status":"publish","type":"post","link":"https:\/\/reterr.it\/?p=607","title":{"rendered":"Rete di Milano"},"content":{"rendered":"\t\t<div data-elementor-type=\"wp-post\" data-elementor-id=\"607\" class=\"elementor elementor-607\">\n\t\t\t\t<div class=\"elementor-element elementor-element-577b421 e-flex e-con-boxed elementor-repeater-item-default_padding elementor-repeater-item-none elementor-repeater-item-none_hover e-con e-parent\" data-id=\"577b421\" data-element_type=\"container\" data-settings=\"{&quot;ang_container_spacing_size&quot;:&quot;default_padding&quot;}\">\n\t\t\t\t\t<div class=\"e-con-inner\">\n\t\t\t\t<div class=\"elementor-element elementor-element-19e74f1 elementor-repeater-item-shadow_2 elementor-repeater-item-none_hover elementor-widget elementor-widget-text-editor\" data-id=\"19e74f1\" data-element_type=\"widget\" data-widget_type=\"text-editor.default\">\n\t\t\t\t<div class=\"elementor-widget-container\">\n\t\t\t\t\t\t\t\t\t<p>Quello di Milano \u00e8 uno dei primi gruppi locali della Rete Radi\u00e8 Resch, costituita nel maggio 1964 quando Ettore Masina personalmente contatt\u00f2 Carlo Fiocchi chiedendogli la disponibilit\u00e0 alla creazione e animazione di un gruppo che potesse farsi carico \u201cdi questi problemi di condivisione di fronte alle diseguaglianze del mondo\u201d.<\/p><p>(Carlo Fiocchi)<\/p><p>Le prime riunioni si tenevano in una sala adiacente al Convento di Corso Matteotti (Corsia dei Servi), 20\/30 persone, militanti nei partiti, nei sindacati, nelle parrocchie: \u201cin comune per\u00f2 c\u2019era il desiderio di fare o di porci almeno la domanda: che cosa si pu\u00f2 fare per chi ci sta attorno? Quelli vicini o quelli pi\u00f9 lontani?\u201d<\/p><p>(Carlo Fiocchi)<\/p><p>\u00a0<\/p><p>Era il periodo della \u201cscoperta\u201d del Terzo Mondo e Milano era in pieno sviluppo economico.<\/p><p>Altri momenti importanti per il gruppo RRR di Milano, negli anni settanta, erano l\u2019adesione ai lavori del Tribunale Russell II (ora Tribunale Permanente dei Popoli) sulle violazioni dei diritti umani, sull\u2019uso della repressione e della tortura sotto il regime dittatoriale in Brasile, e via via in Cile, Argentina e altri Paesi dell\u2019America Latina; da qui la presa di coscienza che non era sufficiente la condivisione economica a sostegno delle iniziative che si portavano avanti nella Rete Radi\u00e8 Resch, ma andava affrontata anche la questione politica e le nostre responsabilit\u00e0 di societ\u00e0 occidentale.<\/p><p>La vicinanza al Tribunale Permanente dei Popoli e la collaborazione con le sue attivit\u00e0 \u00e8 ancora presente e sentita nel gruppo di Milano.<br \/>Negli anni ottanta e parte degli anni novanta i contatti erano molto frequenti anche a livello regionale (in special modo con il gruppo di Lecco animato da Mariuccia Buttironi e con il gruppo di Desio animato da Mario Ghezzi), e si organizzavano incontri periodici fra i vari gruppi della Lombardia in cui ci si confrontava sia rispetto alle proposte locali, con scambio di esperienze, e sia per la preparazione degli incontri nazionali (seminari di approfondimento e Convegno).<\/p><p><br \/>Nel corso degli oltre sessanta anni dell\u2019attivit\u00e0 del gruppo di Milano molto \u00e8 cambiato, ed \u00e8 cambiata soprattutto la citt\u00e0, una citt\u00e0 che offre molto ma che toglie anche tanto, in cui \u00e8 sempre pi\u00f9 difficile scegliere tra il tanto che offre (incontri, conferenze ecc.: una specie di consumismo da partecipazione che rende difficile approfondire e portare alla continuit\u00e0 nell\u2019impegno).<\/p><p><br \/>Il gruppo \u00e8 sostenuto dalla partecipazione attiva di una dozzina di persone, mentre i contatti (circolare e iniziative solidali) raggiungono 70\/80 persone, non tutte di Milano, e alcune associazioni con cui siamo in contatto rispettivamente alle tematiche di interesse: la solidariet\u00e0, l\u2019informazione sulle cause delle ingiustizie, l\u2019ambiente, la pace.<\/p><p>Il Gruppo di Milano attualmente segue alcuni progetti per conto della Rete Radi\u00e8 Resch nazionale e altri come scelta locale:<\/p><ul><li>Scuola materna \u201cParaiso Feliz\u201d a El Bonete, comune di Villanueva (Chinandega), Nicaragua<\/li><li>In Cisgiordania (Betlemme, Ramallah e Gerico) un\u2019azienda agricola palestinese, Zakrawi Farms,<\/li><li>Contatti con il Tribunale Permanente dei Popoli<\/li><\/ul><p>\u00a0<\/p><p>Partecipa inoltre, con alcuni suoi aderenti, alla vita nazionale della RRR (coordinamento nazionale e segreteria) e al gruppo di contatto con il Movimento dei Sem Terra in Brasile.<\/p><p>Infine, come impegno locale, sosteniamo un gruppo di ricamatrici palestinesi che vive nei campi profughi in Libano e, per valorizzare l\u2019artigianato femminile palestinese (ricamo a punto croce), organizziamo la mostra \u201cRicamare una vita, i ricami dell\u2019associazione Najdeh\u201d, che presenta oltre 100 ricami e pannelli storicamente rappresentativi.<\/p><p>\u00a0<\/p>\t\t\t\t\t\t\t\t<\/div>\n\t\t\t\t<\/div>\n\t\t\t\t<div class=\"elementor-element elementor-element-6d8d458 elementor-repeater-item-shadow_2 elementor-repeater-item-none_hover elementor-widget elementor-widget-text-editor\" data-id=\"6d8d458\" data-element_type=\"widget\" data-widget_type=\"text-editor.default\">\n\t\t\t\t<div class=\"elementor-widget-container\">\n\t\t\t\t\t\t\t\t\t<h3>Referenti Locali<\/h3><ul><li>Liviana Bortolussi<br \/>livianalibera@tim.it<\/li><\/ul>\t\t\t\t\t\t\t\t<\/div>\n\t\t\t\t<\/div>\n\t\t\t\t\t<\/div>\n\t\t\t\t<\/div>\n\t\t<div class=\"elementor-element elementor-element-cce6600 e-flex e-con-boxed elementor-repeater-item-default_padding elementor-repeater-item-none elementor-repeater-item-none_hover e-con e-parent\" data-id=\"cce6600\" data-element_type=\"container\" data-settings=\"{&quot;ang_container_spacing_size&quot;:&quot;default_padding&quot;}\">\n\t\t\t\t\t<div class=\"e-con-inner\">\n\t\t\t\t<div class=\"elementor-element elementor-element-a2016e4 wpr-grid-columns-3 wpr-grid-columns--tablet2 wpr-grid-columns--mobile1 wpr-grid-pagination-center wpr-item-styles-inner elementor-repeater-item-none elementor-repeater-item-none_hover elementor-widget elementor-widget-wpr-grid\" data-id=\"a2016e4\" data-element_type=\"widget\" data-widget_type=\"wpr-grid.default\">\n\t\t\t\t<div class=\"elementor-widget-container\">\n\t\t\t\t\t<ul class=\"wpr-grid-filters elementor-clearfix wpr-grid-filters-sep-right\"><li class=\" wpr-pointer-none wpr-pointer-line-fx wpr-pointer-fx-none\"><span  data-filter=\"*\" class=\"wpr-grid-filters-item wpr-active-filter \">Tutti i contenuti di questa Rete<\/span><em class=\"wpr-grid-filters-sep\"><\/em><\/li><ul data-parent=\".category-lombardia\" class=\"wpr-sub-filters\"><li data-role=\"back\" class=\" wpr-pointer-none wpr-pointer-line-fx wpr-pointer-fx-none\"><span class=\"wpr-back-filter\"  data-ajax-filter=[\"category\",\"lombardia\"]  data-filter=\".category-lombardia\"><i class=\"fas fa-long-arrow-alt-left\"><\/i>&nbsp;&nbsp;Back<\/span><\/li><li data-role=\"sub\" class=\" wpr-pointer-none wpr-pointer-line-fx wpr-pointer-fx-none\"><span   data-ajax-filter=[\"category\",\"rete-milano\"]  data-filter=\".category-rete-milano\">Rete di Milano<\/span><em class=\"wpr-grid-filters-sep\"><\/em><\/li><li data-role=\"sub\" class=\" wpr-pointer-none wpr-pointer-line-fx wpr-pointer-fx-none\"><span   data-ajax-filter=[\"category\",\"rete-lecco\"]  data-filter=\".category-rete-lecco\">Rete di Lecco<\/span><em class=\"wpr-grid-filters-sep\"><\/em><\/li><li data-role=\"sub\" class=\" wpr-pointer-none wpr-pointer-line-fx wpr-pointer-fx-none\"><span   data-ajax-filter=[\"category\",\"rete-varese\"]  data-filter=\".category-rete-varese\">Rete di Varese<\/span><em class=\"wpr-grid-filters-sep\"><\/em><\/li><li data-role=\"sub\" class=\" wpr-pointer-none wpr-pointer-line-fx wpr-pointer-fx-none\"><span   data-ajax-filter=[\"category\",\"rete-nembro\"]  data-filter=\".category-rete-nembro\">Rete di Nembro (BG)<\/span><em class=\"wpr-grid-filters-sep\"><\/em><\/li><li data-role=\"sub\" class=\" wpr-pointer-none wpr-pointer-line-fx wpr-pointer-fx-none\"><span   data-ajax-filter=[\"category\",\"rete-brescia\"]  data-filter=\".category-rete-brescia\">Rete di Brescia<\/span><em class=\"wpr-grid-filters-sep\"><\/em><\/li><li data-role=\"sub\" class=\" wpr-pointer-none wpr-pointer-line-fx wpr-pointer-fx-none\"><span   data-ajax-filter=[\"category\",\"rete-saronno\"]  data-filter=\".category-rete-saronno\">Rete di Saronno<\/span><em class=\"wpr-grid-filters-sep\"><\/em><\/li><\/ul><\/ul><section class=\"wpr-grid elementor-clearfix\" data-settings=\"{&quot;layout&quot;:&quot;fitRows&quot;,&quot;stick_last_element_to_bottom&quot;:&quot;&quot;,&quot;columns_desktop&quot;:3,&quot;gutter_hr&quot;:15,&quot;gutter_hr_mobile&quot;:15,&quot;gutter_hr_mobile_extra&quot;:15,&quot;gutter_hr_tablet&quot;:15,&quot;gutter_hr_tablet_extra&quot;:15,&quot;gutter_hr_laptop&quot;:15,&quot;gutter_hr_widescreen&quot;:15,&quot;gutter_vr&quot;:15,&quot;gutter_vr_mobile&quot;:15,&quot;gutter_vr_mobile_extra&quot;:15,&quot;gutter_vr_tablet&quot;:15,&quot;gutter_vr_tablet_extra&quot;:15,&quot;gutter_vr_laptop&quot;:15,&quot;gutter_vr_widescreen&quot;:15,&quot;animation&quot;:&quot;default&quot;,&quot;animation_duration&quot;:0.3,&quot;animation_delay&quot;:0.1,&quot;deeplinking&quot;:&quot;&quot;,&quot;filters_linkable&quot;:&quot;no&quot;,&quot;filters_default_filter&quot;:&quot;&quot;,&quot;filters_count&quot;:&quot;&quot;,&quot;filters_hide_empty&quot;:&quot;no&quot;,&quot;filters_animation&quot;:&quot;default&quot;,&quot;filters_animation_duration&quot;:0.3,&quot;filters_animation_delay&quot;:0.1,&quot;pagination_type&quot;:&quot;load-more&quot;,&quot;pagination_max_pages&quot;:1,&quot;lightbox&quot;:{&quot;selector&quot;:&quot;.wpr-grid-image-wrap&quot;,&quot;iframeMaxWidth&quot;:&quot;60%&quot;,&quot;hash&quot;:false,&quot;autoplay&quot;:&quot;true&quot;,&quot;pause&quot;:5000,&quot;progressBar&quot;:&quot;true&quot;,&quot;counter&quot;:&quot;true&quot;,&quot;controls&quot;:&quot;true&quot;,&quot;getCaptionFromTitleOrAlt&quot;:&quot;true&quot;,&quot;thumbnail&quot;:&quot;&quot;,&quot;showThumbByDefault&quot;:&quot;&quot;,&quot;share&quot;:&quot;&quot;,&quot;zoom&quot;:&quot;true&quot;,&quot;fullScreen&quot;:&quot;true&quot;,&quot;download&quot;:&quot;true&quot;}}\"><article class=\"wpr-grid-item elementor-clearfix post-1833 post type-post status-publish format-standard has-post-thumbnail hentry category-lombardia category-operazioni category-rete-milano\"><div class=\"wpr-grid-item-inner\"><div class=\"wpr-grid-media-wrap wpr-effect-size-medium \" data-overlay-link=\"yes\"><div class=\"wpr-grid-image-wrap\" data-src=\"https:\/\/reterr.it\/wp-content\/uploads\/2025\/06\/foto-operazione-El-Bonete4.jpeg\" data-img-on-hover=\"\"  data-src-secondary=\"\"><img decoding=\"async\" data-no-lazy=\"1\" src=\"https:\/\/reterr.it\/wp-content\/uploads\/2025\/06\/foto-operazione-El-Bonete4.jpeg\" alt=\"NICARAGUA Progetto \u201cEl Bonete\u201d\" class=\"wpr-anim-timing-ease-default\"><\/div><div class=\"wpr-grid-media-hover wpr-animation-wrap\"><div class=\"wpr-grid-media-hover-bg  wpr-overlay-fade-in wpr-anim-size-large wpr-anim-timing-ease-default wpr-anim-transparency\" data-url=\"https:\/\/reterr.it\/?p=1833\"><\/div><\/div><\/div><div class=\"wpr-grid-item-below-content elementor-clearfix\"><h2 class=\"wpr-grid-item-title elementor-repeater-item-cfb6abe wpr-grid-item-display-block wpr-grid-item-align-center wpr-pointer-none wpr-pointer-line-fx wpr-pointer-fx-fade\"><div class=\"inner-block\"><a target=\"_self\"  href=\"https:\/\/reterr.it\/?p=1833\">NICARAGUA Progetto \u201cEl Bonete\u201d<\/a><\/div><\/h2><div class=\"wpr-grid-item-separator elementor-repeater-item-f08482a wpr-grid-item-display-block wpr-grid-item-align-left wpr-grid-sep-style-1\"><div class=\"inner-block\"><span><\/span><\/div><\/div><\/div><\/div><\/article><article class=\"wpr-grid-item elementor-clearfix post-1803 post type-post status-publish format-standard has-post-thumbnail hentry category-lombardia category-operazioni category-rete-milano\"><div class=\"wpr-grid-item-inner\"><div class=\"wpr-grid-media-wrap wpr-effect-size-medium \" data-overlay-link=\"yes\"><div class=\"wpr-grid-image-wrap\" data-src=\"https:\/\/reterr.it\/wp-content\/uploads\/2025\/06\/zakrawifarms-e1750924722984.png\" data-img-on-hover=\"\"  data-src-secondary=\"\"><img decoding=\"async\" data-no-lazy=\"1\" src=\"https:\/\/reterr.it\/wp-content\/uploads\/2025\/06\/zakrawifarms-e1750924722984.png\" alt=\"PALESTINA: Zakrawi Farms, azienda agricola palestinese\" class=\"wpr-anim-timing-ease-default\"><\/div><div class=\"wpr-grid-media-hover wpr-animation-wrap\"><div class=\"wpr-grid-media-hover-bg  wpr-overlay-fade-in wpr-anim-size-large wpr-anim-timing-ease-default wpr-anim-transparency\" data-url=\"https:\/\/reterr.it\/?p=1803\"><\/div><\/div><\/div><div class=\"wpr-grid-item-below-content elementor-clearfix\"><h2 class=\"wpr-grid-item-title elementor-repeater-item-cfb6abe wpr-grid-item-display-block wpr-grid-item-align-center wpr-pointer-none wpr-pointer-line-fx wpr-pointer-fx-fade\"><div class=\"inner-block\"><a target=\"_self\"  href=\"https:\/\/reterr.it\/?p=1803\">PALESTINA: Zakrawi Farms, azienda agricola palestinese<\/a><\/div><\/h2><div class=\"wpr-grid-item-separator elementor-repeater-item-f08482a wpr-grid-item-display-block wpr-grid-item-align-left wpr-grid-sep-style-1\"><div class=\"inner-block\"><span><\/span><\/div><\/div><\/div><\/div><\/article><\/section>\t\t\t\t<\/div>\n\t\t\t\t<\/div>\n\t\t\t\t\t<\/div>\n\t\t\t\t<\/div>\n\t\t\t\t<\/div>\n\t\t","protected":false},"excerpt":{"rendered":"<p>Quello di Milano \u00e8 uno dei primi gruppi locali della Rete Radi\u00e8 Resch, costituita nel maggio 1964 quando Ettore Masina personalmente contatt\u00f2 Carlo Fiocchi chiedendogli la disponibilit\u00e0 alla creazione e animazione di un gruppo che potesse farsi carico \u201cdi questi problemi di condivisione di fronte alle diseguaglianze del mondo\u201d. (Carlo Fiocchi) Le prime riunioni si tenevano in una sala adiacente al Convento di Corso Matteotti (Corsia dei Servi), 20\/30 persone, militanti nei partiti, nei sindacati, nelle parrocchie: \u201cin comune per\u00f2 c\u2019era il desiderio di fare o di porci almeno la domanda: che cosa si pu\u00f2 fare per chi ci sta attorno? Quelli vicini o quelli pi\u00f9 lontani?\u201d (Carlo Fiocchi) \u00a0 Era il periodo della \u201cscoperta\u201d del Terzo Mondo e Milano era in pieno sviluppo economico. Altri momenti importanti per il gruppo RRR di Milano, negli anni settanta, erano l\u2019adesione ai lavori del Tribunale Russell II (ora Tribunale Permanente dei Popoli) sulle violazioni dei diritti umani, sull\u2019uso della repressione e della tortura sotto il regime dittatoriale in Brasile, e via via in Cile, Argentina e altri Paesi dell\u2019America Latina; da qui la presa di coscienza che non era sufficiente la condivisione economica a sostegno delle iniziative che si portavano avanti nella Rete Radi\u00e8 Resch, ma andava affrontata anche la questione politica e le nostre responsabilit\u00e0 di societ\u00e0 occidentale. La vicinanza al Tribunale Permanente dei Popoli e la collaborazione con le sue attivit\u00e0 \u00e8 ancora presente e sentita nel gruppo di Milano.Negli anni ottanta e parte degli anni novanta i contatti erano molto frequenti anche a livello regionale (in special modo con il gruppo di Lecco animato da Mariuccia Buttironi e con il gruppo di Desio animato da Mario Ghezzi), e si organizzavano incontri periodici fra i vari gruppi della Lombardia in cui ci si confrontava sia rispetto alle proposte locali, con scambio di esperienze, e sia per la preparazione degli incontri nazionali (seminari di approfondimento e Convegno). Nel corso degli oltre sessanta anni dell\u2019attivit\u00e0 del gruppo di Milano molto \u00e8 cambiato, ed \u00e8 cambiata soprattutto la citt\u00e0, una citt\u00e0 che offre molto ma che toglie anche tanto, in cui \u00e8 sempre pi\u00f9 difficile scegliere tra il tanto che offre (incontri, conferenze ecc.: una specie di consumismo da partecipazione che rende difficile approfondire e portare alla continuit\u00e0 nell\u2019impegno). Il gruppo \u00e8 sostenuto dalla partecipazione attiva di una dozzina di persone, mentre i contatti (circolare e iniziative solidali) raggiungono 70\/80 persone, non tutte di Milano, e alcune associazioni con cui siamo in contatto rispettivamente alle tematiche di interesse: la solidariet\u00e0, l\u2019informazione sulle cause delle ingiustizie, l\u2019ambiente, la pace. Il Gruppo di Milano attualmente segue alcuni progetti per conto della Rete Radi\u00e8 Resch nazionale e altri come scelta locale: Scuola materna \u201cParaiso Feliz\u201d a El Bonete, comune di Villanueva (Chinandega), Nicaragua In Cisgiordania (Betlemme, Ramallah e Gerico) un\u2019azienda agricola palestinese, Zakrawi Farms, Contatti con il Tribunale Permanente dei Popoli \u00a0 Partecipa inoltre, con alcuni suoi aderenti, alla vita nazionale della RRR (coordinamento nazionale e segreteria) e al gruppo di contatto con il Movimento dei Sem Terra in Brasile. Infine, come impegno locale, sosteniamo un gruppo di ricamatrici palestinesi che vive nei campi profughi in Libano e, per valorizzare l\u2019artigianato femminile palestinese (ricamo a punto croce), organizziamo la mostra \u201cRicamare una vita, i ricami dell\u2019associazione Najdeh\u201d, che presenta oltre 100 ricami e pannelli storicamente rappresentativi. \u00a0 Referenti Locali Liviana Bortolussilivianalibera@tim.it Tutti i contenuti di questa Rete &nbsp;&nbsp;Back Rete di Milano Rete di Lecco Rete di Varese Rete di Nembro (BG) Rete di Brescia Rete di Saronno NICARAGUA Progetto \u201cEl Bonete\u201d PALESTINA: Zakrawi Farms, azienda agricola palestinese<\/p>\n","protected":false},"author":1,"featured_media":0,"comment_status":"closed","ping_status":"closed","sticky":false,"template":"","format":"standard","meta":{"footnotes":""},"categories":[22,15],"tags":[],"class_list":["post-607","post","type-post","status-publish","format-standard","hentry","category-lombardia","category-rete-milano"],"_links":{"self":[{"href":"https:\/\/reterr.it\/index.php?rest_route=\/wp\/v2\/posts\/607","targetHints":{"allow":["GET"]}}],"collection":[{"href":"https:\/\/reterr.it\/index.php?rest_route=\/wp\/v2\/posts"}],"about":[{"href":"https:\/\/reterr.it\/index.php?rest_route=\/wp\/v2\/types\/post"}],"author":[{"embeddable":true,"href":"https:\/\/reterr.it\/index.php?rest_route=\/wp\/v2\/users\/1"}],"replies":[{"embeddable":true,"href":"https:\/\/reterr.it\/index.php?rest_route=%2Fwp%2Fv2%2Fcomments&post=607"}],"version-history":[{"count":31,"href":"https:\/\/reterr.it\/index.php?rest_route=\/wp\/v2\/posts\/607\/revisions"}],"predecessor-version":[{"id":4099,"href":"https:\/\/reterr.it\/index.php?rest_route=\/wp\/v2\/posts\/607\/revisions\/4099"}],"wp:attachment":[{"href":"https:\/\/reterr.it\/index.php?rest_route=%2Fwp%2Fv2%2Fmedia&parent=607"}],"wp:term":[{"taxonomy":"category","embeddable":true,"href":"https:\/\/reterr.it\/index.php?rest_route=%2Fwp%2Fv2%2Fcategories&post=607"},{"taxonomy":"post_tag","embeddable":true,"href":"https:\/\/reterr.it\/index.php?rest_route=%2Fwp%2Fv2%2Ftags&post=607"}],"curies":[{"name":"wp","href":"https:\/\/api.w.org\/{rel}","templated":true}]}}