{"id":645,"date":"2025-05-05T16:06:55","date_gmt":"2025-05-05T16:06:55","guid":{"rendered":"https:\/\/reterr.it\/?p=645"},"modified":"2025-11-28T15:26:48","modified_gmt":"2025-11-28T15:26:48","slug":"rete-di-casale-monferrato-al","status":"publish","type":"post","link":"https:\/\/reterr.it\/?p=645","title":{"rendered":"Rete di Casale Monferrato (AL)"},"content":{"rendered":"\t\t<div data-elementor-type=\"wp-post\" data-elementor-id=\"645\" class=\"elementor elementor-645\">\n\t\t\t\t<div class=\"elementor-element elementor-element-577b421 e-flex e-con-boxed elementor-repeater-item-default_padding elementor-repeater-item-none elementor-repeater-item-none_hover e-con e-parent\" data-id=\"577b421\" data-element_type=\"container\" data-settings=\"{&quot;ang_container_spacing_size&quot;:&quot;default_padding&quot;}\">\n\t\t\t\t\t<div class=\"e-con-inner\">\n\t\t\t\t<div class=\"elementor-element elementor-element-19e74f1 elementor-repeater-item-shadow_2 elementor-repeater-item-none_hover elementor-widget elementor-widget-text-editor\" data-id=\"19e74f1\" data-element_type=\"widget\" data-widget_type=\"text-editor.default\">\n\t\t\t\t<div class=\"elementor-widget-container\">\n\t\t\t\t\t\t\t\t\t<p>L\u2019adesione alla Rete matur\u00f2 in un gruppo di amici che si raccoglievano presso una comunit\u00e0 di frati serviti per la messa domenicale agli inizi degli anni \u201880. Dopo la partenza della comunit\u00e0 monastica nacque l\u2019esigenza di una maggiore caratterizzazione dell\u2019impegno personale, anche in direzione della solidariet\u00e0 e della attenzione ai problemi del mondo. Le prime attivit\u00e0 del gruppo si svolsero nel corso degli anni \u201980, inizialmente in collegamento con alcuni amici della Rete di Genova. Il progetto che ci venne \u201caffidato\u201d fu il sostegno ad una cooperativa di donne guatemalteche. Fra i testimoni che invitammo a Casale in quegli anni ci fu anche Rigoberta Menchu, poi premio Nobel per la pace.<\/p><p>Negli anni \u201890 il legame con la Rete di Genova si affievol\u00ec per impegni personali degli amici genovesi. Per il nostro piccolo gruppo fu anche un periodo di maturazione e di crescita. Divenne pi\u00f9 regolare la partecipazione ai coordinamenti nazionali e furono nostri ospiti in alcune occasioni Ettore Masina e Antonio Vermigli. All\u2019inizio degli anni \u201990 alcuni progetti individuati dal nostro gruppo vennero accolti dal coordinamento nazionale. Si trattava di iniziative che avevano come referente padre Bernardino Zanella, che avevamo imparato ad apprezzare nella comunit\u00e0 dei Serviti e che in seguito visse e lavor\u00f2 a Montevideo in Uruguay. Dapprima ci venne proposto un piccolo progetto per una cooperativa di controinformazione che si chiamava<u> NOTAS<\/u>. In seguito ci venne richiesto un <u>sostegno al movimento delle Ollas Populares<\/u>, una piccola organizzazione che curava iniziative di solidariet\u00e0 alimentare per i bambini nei barrios pi\u00f9 poveri di Montevideo. I progetti durarono dal 1990 al 1998.<\/p><p>Nel frattempo diventarono pi\u00f9 frequenti gli incontri con il gruppo della Rete di Alessandria, che si era ridotta nelle energie e ci chiedeva un lavoro comune. Insieme vennero seguiti i <u>progetti in Guinea Equatoriale<\/u> (dal 1999 al 2001) e in Ecuador (<u>sostegno alla cooperativa Alli Causai di Ambato nelle attivit\u00e0 di prevenzione sanitaria e di salute orale presso le comunit\u00e0 indie delle terre alte<\/u>). All\u2019interno di questo ultimo progetto, durato dal 1999 al 2022, ci sono stati molti incontri e molte esperienze di scambio. Il dott. Carlos Rojas, referente in Ecuador del nostro progetto, ci ha fatto visita in un paio di occasioni (25 novembre 2001). In altre occasioni abbiamo incontrato Jenny (un medico che lavora con Alli Causai) e Lucia (la figlia di Carlos che studia in Europa). Alcuni di noi hanno fatto viaggi di conoscenza ad Ambato ed hanno potuto fare esperienze di volontariato in quel luogo.<\/p><p>Unendo le nostre risorse con il gruppo di Alessandria \u00e8 diventata pi\u00f9 attiva la nostra <u>partecipazione ai coordinamenti nazionali<\/u>: Maria Teresa si \u00e8 impegnata nella segreteria nazionale per alcuni anni e ci ha avvicinato con i suoi puntuali messaggi alla vita degli altri gruppi della Rete. In seguito (dal 2009 al 2012) anche Giuseppe Ghilardi ha fatto parte della segreteria nazionale: la sua partecipazione ai coordinamenti nazionali con Cristiana \u00e8 diventata per noi momento prezioso di incontro con altre esperienze e di riflessione sulla Rete e sul suo significato. Il testimone \u00e8 stato poi raccolto da Paolo Guglielminetti che ha accettato nel 2022 l\u2019incarico nella segreteria nazionale.<\/p><p>Nel 2009 al progetto in Ecuador si \u00e8 aggiunto il <u>progetto \u201csapone per la vita\u201d<\/u>, che ha avuto come referente Salete Ferro a Rorainopolis (in Brasile, nello stato di Roraima). Il progetto ha sostenuto una piccola cooperativa di donne che producono sapone utilizzando spesso materiali di riciclo (oli alimentari esausti). Il progetto si \u00e8 chiuso nel 2022 (contributo di 2000 euro annui per tutto il periodo). Abbiamo ancora nel cuore il sorriso di Salete, che \u00e8 venuta diverse volte a trovarci, ci ha insegnato a fare il sapone ed ha partecipato ad alcuni dei nostri convegni nazionali.<\/p><p>Nel 2024 Salete ci ha proposto un nuovo progetto triennale che \u00e8 tuttora in corso. Si tratta di \u201c<u>Sentieri femminili<\/u>\u201d, un percorso di approfondimento della situazione delle donne in Brasile, prendendo spunto da un libro di interviste capace di suscitare un dibattito pi\u00f9 ampio.<\/p><p>All\u2019inizio del 2023 si \u00e8 concretizzato un progetto di <u>borse di studio per alcune ragazze in Uganda<\/u> (2000 euro annui) grazie all\u2019incontro con Sylvia Oteng, gi\u00e0 dipendente dell\u2019ambasciata italiana a Kampala, che ci \u00e8 stata presentata da alcuni amici casalesi. Il progetto sostiene percorsi di istruzione femminile, tradizionalmente pi\u00f9 difficili di quelli maschili. Sylvia parla italiano e viene annualmente a Casale: in questo modo possiamo avere un aggiornamento puntuale sul nostro progetto.<\/p><p>La storia della Rere Radi\u00e8 Resch a Casale \u00e8 un cammino di una ventina di persone. Nel tempo alcuni si sono allontanati ed altri sono entrati a far parte del gruppo, ma alcune persone seguono questo cammino fin dall\u2019inizio. E\u2019 una storia caratterizzata da relazioni di amicizia, che hanno intessuto ed accompagnato la vita del gruppo e che hanno arricchito i suoi momenti di convivialit\u00e0.<\/p><p>Ciascuno dei membri della Rete ha altri impegni, che fanno riferimento ad altre associazioni attive nel mondo della difesa dell\u2019ambiente, del pacifismo, del sindacato e della solidariet\u00e0.<\/p><p>Questi gli impegni che pi\u00f9 hanno caratterizzato questa Rete:<\/p><ol><li>Attivit\u00e0 di <u>collaborazione con il coordinamento nazionale<\/u><\/li><\/ol><ul><li>Il progetto di collaborazione fra l\u2019associazione Asfodelo, operante nel Monferrato, e la scuola di agro-ecologia del movimento Sem Terra (incontro on line sul tema dei semi del 25 gennaio 2024).<\/li><li>Coordinamento nazionale della Rete a Crea 29-30 settembre 2012<\/li><li>Coordinamento nazionale della Rete a Cavagnolo 9-10 giugno 2018<\/li><li>Vari incontri a Quarti con le reti liguri e con la Rete di Torino<\/li><li>Seminario nord-ovest della Rete a Quarti il 10 giugno 2023<\/li><li>Collaborazione con l\u2019organizzazione logistica del convegno nazionale di Assisi 20-22 ottobre 2023<\/li><\/ul><ol start=\"2\"><li>La <u>Cena del pane<\/u>\u00a0<\/li><\/ol><p>Il venerd\u00ec che precede la domenica delle Palme ci troviamo ormai da molti anni per una cena di solo pane, preparato in base alle consuetudini di vari Paesi del mondo, pane che abbiamo imparato a conoscere e ad apprezzare grazie ai fratelli che sono giunti in Italia provenendo da altre culture e da altre tradizioni. E&#8217; un gesto di amicizia che ha il senso del dono e della gratuit\u00e0. Con questo momento condiviso vorremmo riflettere insieme sulla reciprocit\u00e0 dei doni, sulla riconciliazione e sull\u2019accoglienza.<\/p><p>Ogni anno alcuni amici ci aiutano a fare una riflessione su una particolare realt\u00e0 del mondo. Nella primavera del 2024 ci hanno fatto visita, dalla Liguria, alcuni rappresentanti del Collettivo SE, animatori di un progetto della Rete in Repubblica Centrafricana (accompagnati da Caterina). Abbiamo condiviso i progetti in corso con l\u2019aiuto dei loro racconti di viaggio nel 2023 e dei loro audio-visivi.<\/p><ol start=\"3\"><li><u>Mezz\u2019ora di silenzio<\/u> il 23 dicembre<\/li><\/ol><p>Da pi\u00f9 di 25 anni ci troviamo in 23 dicembre alle 18,30 nella piazza del centro storico di Casale per una mezz\u2019ora di silenzio, accompagnata da alcune riflessioni espresse da cartelloni. Iniziata come riflessione silenziosa sul consumismo del periodo pre-natalizio e sulle sperequazioni fra povert\u00e0 e ricchezza, \u00e8 diventata poi una accorata riflessione sul tema della pace e della violenza della produzione e del commercio di armi. Tutti gli anni questo momento di silenzio raccoglie una ottantina di persone di vari estrazione e di varie esperienze politiche.<\/p><p>In questo anno cos\u00ec travagliato la \u201cMezz\u2019ora di silenzio\u201d ha avuto una continuazione ogni venerd\u00ec da gennaio 24 a gennaio 2025: un gruppo di persone ha sempre offerto la sua silenziosa testimonianza di opposizione a tutti i massacri in corso.<\/p><p>\u00a0<\/p>\t\t\t\t\t\t\t\t<\/div>\n\t\t\t\t<\/div>\n\t\t\t\t<div class=\"elementor-element elementor-element-e49837d elementor-repeater-item-shadow_2 elementor-repeater-item-none_hover elementor-widget elementor-widget-text-editor\" data-id=\"e49837d\" data-element_type=\"widget\" data-widget_type=\"text-editor.default\">\n\t\t\t\t<div class=\"elementor-widget-container\">\n\t\t\t\t\t\t\t\t\t<h3>Referenti Locali<\/h3><ul><li>Monica Simioni<b> <\/b><br \/>monicasabinasimioni@gmail.com<\/li><li>Roberto Viale<b> <\/b><br \/>roberto.vialerrr@libero.it<\/li><\/ul>\t\t\t\t\t\t\t\t<\/div>\n\t\t\t\t<\/div>\n\t\t\t\t\t<\/div>\n\t\t\t\t<\/div>\n\t\t<div class=\"elementor-element elementor-element-cce6600 e-flex e-con-boxed elementor-repeater-item-default_padding elementor-repeater-item-none elementor-repeater-item-none_hover e-con e-parent\" data-id=\"cce6600\" data-element_type=\"container\" data-settings=\"{&quot;ang_container_spacing_size&quot;:&quot;default_padding&quot;}\">\n\t\t\t\t\t<div class=\"e-con-inner\">\n\t\t\t\t<div class=\"elementor-element elementor-element-a2016e4 wpr-grid-columns-3 wpr-grid-columns--tablet2 wpr-grid-columns--mobile1 wpr-grid-pagination-center wpr-item-styles-inner elementor-repeater-item-none elementor-repeater-item-none_hover elementor-widget elementor-widget-wpr-grid\" data-id=\"a2016e4\" data-element_type=\"widget\" data-widget_type=\"wpr-grid.default\">\n\t\t\t\t<div class=\"elementor-widget-container\">\n\t\t\t\t\t<ul class=\"wpr-grid-filters elementor-clearfix wpr-grid-filters-sep-right\"><li class=\" wpr-pointer-none wpr-pointer-line-fx wpr-pointer-fx-none\"><span  data-filter=\"*\" class=\"wpr-grid-filters-item wpr-active-filter \">Tutti i contenuti di questa Rete<\/span><em class=\"wpr-grid-filters-sep\"><\/em><\/li><ul data-parent=\".category-piemonte\" class=\"wpr-sub-filters\"><li data-role=\"back\" class=\" wpr-pointer-none wpr-pointer-line-fx wpr-pointer-fx-none\"><span class=\"wpr-back-filter\"  data-ajax-filter=[\"category\",\"piemonte\"]  data-filter=\".category-piemonte\"><i class=\"fas fa-long-arrow-alt-left\"><\/i>&nbsp;&nbsp;Back<\/span><\/li><li data-role=\"sub\" class=\" wpr-pointer-none wpr-pointer-line-fx wpr-pointer-fx-none\"><span   data-ajax-filter=[\"category\",\"rete-torino\"]  data-filter=\".category-rete-torino\">Rete di Torino<\/span><em class=\"wpr-grid-filters-sep\"><\/em><\/li><li data-role=\"sub\" class=\" wpr-pointer-none wpr-pointer-line-fx wpr-pointer-fx-none\"><span   data-ajax-filter=[\"category\",\"rete-casale\"]  data-filter=\".category-rete-casale\">Rete di Casale Monferrato (AL)<\/span><em class=\"wpr-grid-filters-sep\"><\/em><\/li><\/ul><\/ul><section class=\"wpr-grid elementor-clearfix\" data-settings=\"{&quot;layout&quot;:&quot;fitRows&quot;,&quot;stick_last_element_to_bottom&quot;:&quot;&quot;,&quot;columns_desktop&quot;:3,&quot;gutter_hr&quot;:15,&quot;gutter_hr_mobile&quot;:15,&quot;gutter_hr_mobile_extra&quot;:15,&quot;gutter_hr_tablet&quot;:15,&quot;gutter_hr_tablet_extra&quot;:15,&quot;gutter_hr_laptop&quot;:15,&quot;gutter_hr_widescreen&quot;:15,&quot;gutter_vr&quot;:15,&quot;gutter_vr_mobile&quot;:15,&quot;gutter_vr_mobile_extra&quot;:15,&quot;gutter_vr_tablet&quot;:15,&quot;gutter_vr_tablet_extra&quot;:15,&quot;gutter_vr_laptop&quot;:15,&quot;gutter_vr_widescreen&quot;:15,&quot;animation&quot;:&quot;default&quot;,&quot;animation_duration&quot;:0.3,&quot;animation_delay&quot;:0.1,&quot;deeplinking&quot;:&quot;&quot;,&quot;filters_linkable&quot;:&quot;no&quot;,&quot;filters_default_filter&quot;:&quot;&quot;,&quot;filters_count&quot;:&quot;&quot;,&quot;filters_hide_empty&quot;:&quot;no&quot;,&quot;filters_animation&quot;:&quot;default&quot;,&quot;filters_animation_duration&quot;:0.3,&quot;filters_animation_delay&quot;:0.1,&quot;pagination_type&quot;:&quot;load-more&quot;,&quot;pagination_max_pages&quot;:1,&quot;lightbox&quot;:{&quot;selector&quot;:&quot;.wpr-grid-image-wrap&quot;,&quot;iframeMaxWidth&quot;:&quot;60%&quot;,&quot;hash&quot;:false,&quot;autoplay&quot;:&quot;true&quot;,&quot;pause&quot;:5000,&quot;progressBar&quot;:&quot;true&quot;,&quot;counter&quot;:&quot;true&quot;,&quot;controls&quot;:&quot;true&quot;,&quot;getCaptionFromTitleOrAlt&quot;:&quot;true&quot;,&quot;thumbnail&quot;:&quot;&quot;,&quot;showThumbByDefault&quot;:&quot;&quot;,&quot;share&quot;:&quot;&quot;,&quot;zoom&quot;:&quot;true&quot;,&quot;fullScreen&quot;:&quot;true&quot;,&quot;download&quot;:&quot;true&quot;}}\"><article class=\"wpr-grid-item elementor-clearfix post-3654 post type-post status-publish format-standard has-post-thumbnail hentry category-operazioni category-piemonte category-rete-casale\"><div class=\"wpr-grid-item-inner\"><div class=\"wpr-grid-media-wrap wpr-effect-size-medium \" data-overlay-link=\"yes\"><div class=\"wpr-grid-image-wrap\" data-src=\"https:\/\/reterr.it\/wp-content\/uploads\/2025\/11\/foto-operazione-Wan-Oparo1-e1762850117116.jpg\" data-img-on-hover=\"\"  data-src-secondary=\"\"><img decoding=\"async\" data-no-lazy=\"1\" src=\"https:\/\/reterr.it\/wp-content\/uploads\/2025\/11\/foto-operazione-Wan-Oparo1-e1762850117116.jpg\" alt=\"Uganda &#8211; Operazione &#8220;WAN OPARO&#8221;\" class=\"wpr-anim-timing-ease-default\"><\/div><div class=\"wpr-grid-media-hover wpr-animation-wrap\"><div class=\"wpr-grid-media-hover-bg  wpr-overlay-fade-in wpr-anim-size-large wpr-anim-timing-ease-default wpr-anim-transparency\" data-url=\"https:\/\/reterr.it\/?p=3654\"><\/div><\/div><\/div><div class=\"wpr-grid-item-below-content elementor-clearfix\"><h2 class=\"wpr-grid-item-title elementor-repeater-item-cfb6abe wpr-grid-item-display-block wpr-grid-item-align-center wpr-pointer-none wpr-pointer-line-fx wpr-pointer-fx-fade\"><div class=\"inner-block\"><a target=\"_self\"  href=\"https:\/\/reterr.it\/?p=3654\">Uganda &#8211; Operazione &#8220;WAN OPARO&#8221;<\/a><\/div><\/h2><div class=\"wpr-grid-item-separator elementor-repeater-item-f0c9fc4 wpr-grid-item-display-inline wpr-grid-item-align-left wpr-grid-sep-style-1\"><div class=\"inner-block\"><span><\/span><\/div><\/div><\/div><\/div><\/article><article class=\"wpr-grid-item elementor-clearfix post-3642 post type-post status-publish format-standard has-post-thumbnail hentry category-operazioni category-piemonte category-rete-casale\"><div class=\"wpr-grid-item-inner\"><div class=\"wpr-grid-media-wrap wpr-effect-size-medium \" data-overlay-link=\"yes\"><div class=\"wpr-grid-image-wrap\" data-src=\"https:\/\/reterr.it\/wp-content\/uploads\/2025\/11\/foto-Operazione-Veredas-Femininas3-e1762849539855.jpg\" data-img-on-hover=\"\"  data-src-secondary=\"\"><img decoding=\"async\" data-no-lazy=\"1\" src=\"https:\/\/reterr.it\/wp-content\/uploads\/2025\/11\/foto-Operazione-Veredas-Femininas3-e1762849539855.jpg\" alt=\"Brasile &#8211; Operazione &#8220;Veredas Femininas&#8221;\" class=\"wpr-anim-timing-ease-default\"><\/div><div class=\"wpr-grid-media-hover wpr-animation-wrap\"><div class=\"wpr-grid-media-hover-bg  wpr-overlay-fade-in wpr-anim-size-large wpr-anim-timing-ease-default wpr-anim-transparency\" data-url=\"https:\/\/reterr.it\/?p=3642\"><\/div><\/div><\/div><div class=\"wpr-grid-item-below-content elementor-clearfix\"><h2 class=\"wpr-grid-item-title elementor-repeater-item-cfb6abe wpr-grid-item-display-block wpr-grid-item-align-center wpr-pointer-none wpr-pointer-line-fx wpr-pointer-fx-fade\"><div class=\"inner-block\"><a target=\"_self\"  href=\"https:\/\/reterr.it\/?p=3642\">Brasile &#8211; Operazione &#8220;Veredas Femininas&#8221;<\/a><\/div><\/h2><div class=\"wpr-grid-item-separator elementor-repeater-item-f0c9fc4 wpr-grid-item-display-inline wpr-grid-item-align-left wpr-grid-sep-style-1\"><div class=\"inner-block\"><span><\/span><\/div><\/div><\/div><\/div><\/article><article class=\"wpr-grid-item elementor-clearfix post-3576 post type-post status-publish format-standard has-post-thumbnail hentry category-operazioni category-piemonte category-rete-casale\"><div class=\"wpr-grid-item-inner\"><div class=\"wpr-grid-media-wrap wpr-effect-size-medium \" data-overlay-link=\"yes\"><div class=\"wpr-grid-image-wrap\" data-src=\"https:\/\/reterr.it\/wp-content\/uploads\/2025\/11\/foto-operazione-Casa-Sementi-Parana-Brasile1.jpeg\" data-img-on-hover=\"\"  data-src-secondary=\"\"><img decoding=\"async\" data-no-lazy=\"1\" src=\"https:\/\/reterr.it\/wp-content\/uploads\/2025\/11\/foto-operazione-Casa-Sementi-Parana-Brasile1.jpeg\" alt=\"Paran\u00e0, Brasile &#8211; Casa delle Sementi\" class=\"wpr-anim-timing-ease-default\"><\/div><div class=\"wpr-grid-media-hover wpr-animation-wrap\"><div class=\"wpr-grid-media-hover-bg  wpr-overlay-fade-in wpr-anim-size-large wpr-anim-timing-ease-default wpr-anim-transparency\" data-url=\"https:\/\/reterr.it\/?p=3576\"><\/div><\/div><\/div><div class=\"wpr-grid-item-below-content elementor-clearfix\"><h2 class=\"wpr-grid-item-title elementor-repeater-item-cfb6abe wpr-grid-item-display-block wpr-grid-item-align-center wpr-pointer-none wpr-pointer-line-fx wpr-pointer-fx-fade\"><div class=\"inner-block\"><a target=\"_self\"  href=\"https:\/\/reterr.it\/?p=3576\">Paran\u00e0, Brasile &#8211; Casa delle Sementi<\/a><\/div><\/h2><div class=\"wpr-grid-item-separator elementor-repeater-item-f0c9fc4 wpr-grid-item-display-inline wpr-grid-item-align-left wpr-grid-sep-style-1\"><div class=\"inner-block\"><span><\/span><\/div><\/div><\/div><\/div><\/article><\/section>\t\t\t\t<\/div>\n\t\t\t\t<\/div>\n\t\t\t\t\t<\/div>\n\t\t\t\t<\/div>\n\t\t\t\t<\/div>\n\t\t","protected":false},"excerpt":{"rendered":"<p>L\u2019adesione alla Rete matur\u00f2 in un gruppo di amici che si raccoglievano presso una comunit\u00e0 di frati serviti per la messa domenicale agli inizi degli anni \u201880. Dopo la partenza della comunit\u00e0 monastica nacque l\u2019esigenza di una maggiore caratterizzazione dell\u2019impegno personale, anche in direzione della solidariet\u00e0 e della attenzione ai problemi del mondo. Le prime attivit\u00e0 del gruppo si svolsero nel corso degli anni \u201980, inizialmente in collegamento con alcuni amici della Rete di Genova. Il progetto che ci venne \u201caffidato\u201d fu il sostegno ad una cooperativa di donne guatemalteche. Fra i testimoni che invitammo a Casale in quegli anni ci fu anche Rigoberta Menchu, poi premio Nobel per la pace. Negli anni \u201890 il legame con la Rete di Genova si affievol\u00ec per impegni personali degli amici genovesi. Per il nostro piccolo gruppo fu anche un periodo di maturazione e di crescita. Divenne pi\u00f9 regolare la partecipazione ai coordinamenti nazionali e furono nostri ospiti in alcune occasioni Ettore Masina e Antonio Vermigli. All\u2019inizio degli anni \u201990 alcuni progetti individuati dal nostro gruppo vennero accolti dal coordinamento nazionale. Si trattava di iniziative che avevano come referente padre Bernardino Zanella, che avevamo imparato ad apprezzare nella comunit\u00e0 dei Serviti e che in seguito visse e lavor\u00f2 a Montevideo in Uruguay. Dapprima ci venne proposto un piccolo progetto per una cooperativa di controinformazione che si chiamava NOTAS. In seguito ci venne richiesto un sostegno al movimento delle Ollas Populares, una piccola organizzazione che curava iniziative di solidariet\u00e0 alimentare per i bambini nei barrios pi\u00f9 poveri di Montevideo. I progetti durarono dal 1990 al 1998. Nel frattempo diventarono pi\u00f9 frequenti gli incontri con il gruppo della Rete di Alessandria, che si era ridotta nelle energie e ci chiedeva un lavoro comune. Insieme vennero seguiti i progetti in Guinea Equatoriale (dal 1999 al 2001) e in Ecuador (sostegno alla cooperativa Alli Causai di Ambato nelle attivit\u00e0 di prevenzione sanitaria e di salute orale presso le comunit\u00e0 indie delle terre alte). All\u2019interno di questo ultimo progetto, durato dal 1999 al 2022, ci sono stati molti incontri e molte esperienze di scambio. Il dott. Carlos Rojas, referente in Ecuador del nostro progetto, ci ha fatto visita in un paio di occasioni (25 novembre 2001). In altre occasioni abbiamo incontrato Jenny (un medico che lavora con Alli Causai) e Lucia (la figlia di Carlos che studia in Europa). Alcuni di noi hanno fatto viaggi di conoscenza ad Ambato ed hanno potuto fare esperienze di volontariato in quel luogo. Unendo le nostre risorse con il gruppo di Alessandria \u00e8 diventata pi\u00f9 attiva la nostra partecipazione ai coordinamenti nazionali: Maria Teresa si \u00e8 impegnata nella segreteria nazionale per alcuni anni e ci ha avvicinato con i suoi puntuali messaggi alla vita degli altri gruppi della Rete. In seguito (dal 2009 al 2012) anche Giuseppe Ghilardi ha fatto parte della segreteria nazionale: la sua partecipazione ai coordinamenti nazionali con Cristiana \u00e8 diventata per noi momento prezioso di incontro con altre esperienze e di riflessione sulla Rete e sul suo significato. Il testimone \u00e8 stato poi raccolto da Paolo Guglielminetti che ha accettato nel 2022 l\u2019incarico nella segreteria nazionale. Nel 2009 al progetto in Ecuador si \u00e8 aggiunto il progetto \u201csapone per la vita\u201d, che ha avuto come referente Salete Ferro a Rorainopolis (in Brasile, nello stato di Roraima). Il progetto ha sostenuto una piccola cooperativa di donne che producono sapone utilizzando spesso materiali di riciclo (oli alimentari esausti). Il progetto si \u00e8 chiuso nel 2022 (contributo di 2000 euro annui per tutto il periodo). Abbiamo ancora nel cuore il sorriso di Salete, che \u00e8 venuta diverse volte a trovarci, ci ha insegnato a fare il sapone ed ha partecipato ad alcuni dei nostri convegni nazionali. Nel 2024 Salete ci ha proposto un nuovo progetto triennale che \u00e8 tuttora in corso. Si tratta di \u201cSentieri femminili\u201d, un percorso di approfondimento della situazione delle donne in Brasile, prendendo spunto da un libro di interviste capace di suscitare un dibattito pi\u00f9 ampio. All\u2019inizio del 2023 si \u00e8 concretizzato un progetto di borse di studio per alcune ragazze in Uganda (2000 euro annui) grazie all\u2019incontro con Sylvia Oteng, gi\u00e0 dipendente dell\u2019ambasciata italiana a Kampala, che ci \u00e8 stata presentata da alcuni amici casalesi. Il progetto sostiene percorsi di istruzione femminile, tradizionalmente pi\u00f9 difficili di quelli maschili. Sylvia parla italiano e viene annualmente a Casale: in questo modo possiamo avere un aggiornamento puntuale sul nostro progetto. La storia della Rere Radi\u00e8 Resch a Casale \u00e8 un cammino di una ventina di persone. Nel tempo alcuni si sono allontanati ed altri sono entrati a far parte del gruppo, ma alcune persone seguono questo cammino fin dall\u2019inizio. E\u2019 una storia caratterizzata da relazioni di amicizia, che hanno intessuto ed accompagnato la vita del gruppo e che hanno arricchito i suoi momenti di convivialit\u00e0. Ciascuno dei membri della Rete ha altri impegni, che fanno riferimento ad altre associazioni attive nel mondo della difesa dell\u2019ambiente, del pacifismo, del sindacato e della solidariet\u00e0. Questi gli impegni che pi\u00f9 hanno caratterizzato questa Rete: Attivit\u00e0 di collaborazione con il coordinamento nazionale Il progetto di collaborazione fra l\u2019associazione Asfodelo, operante nel Monferrato, e la scuola di agro-ecologia del movimento Sem Terra (incontro on line sul tema dei semi del 25 gennaio 2024). Coordinamento nazionale della Rete a Crea 29-30 settembre 2012 Coordinamento nazionale della Rete a Cavagnolo 9-10 giugno 2018 Vari incontri a Quarti con le reti liguri e con la Rete di Torino Seminario nord-ovest della Rete a Quarti il 10 giugno 2023 Collaborazione con l\u2019organizzazione logistica del convegno nazionale di Assisi 20-22 ottobre 2023 La Cena del pane\u00a0 Il venerd\u00ec che precede la domenica delle Palme ci troviamo ormai da molti anni per una cena di solo pane, preparato in base alle consuetudini di vari Paesi del mondo, pane che abbiamo imparato a conoscere e ad apprezzare grazie ai fratelli che sono giunti in Italia provenendo da altre culture e da altre tradizioni. E&#8217; un gesto di amicizia che ha il senso del dono e della gratuit\u00e0. Con questo momento<\/p>\n","protected":false},"author":1,"featured_media":0,"comment_status":"closed","ping_status":"closed","sticky":false,"template":"","format":"standard","meta":{"footnotes":""},"categories":[24,14],"tags":[],"class_list":["post-645","post","type-post","status-publish","format-standard","hentry","category-piemonte","category-rete-casale"],"_links":{"self":[{"href":"https:\/\/reterr.it\/index.php?rest_route=\/wp\/v2\/posts\/645","targetHints":{"allow":["GET"]}}],"collection":[{"href":"https:\/\/reterr.it\/index.php?rest_route=\/wp\/v2\/posts"}],"about":[{"href":"https:\/\/reterr.it\/index.php?rest_route=\/wp\/v2\/types\/post"}],"author":[{"embeddable":true,"href":"https:\/\/reterr.it\/index.php?rest_route=\/wp\/v2\/users\/1"}],"replies":[{"embeddable":true,"href":"https:\/\/reterr.it\/index.php?rest_route=%2Fwp%2Fv2%2Fcomments&post=645"}],"version-history":[{"count":43,"href":"https:\/\/reterr.it\/index.php?rest_route=\/wp\/v2\/posts\/645\/revisions"}],"predecessor-version":[{"id":4123,"href":"https:\/\/reterr.it\/index.php?rest_route=\/wp\/v2\/posts\/645\/revisions\/4123"}],"wp:attachment":[{"href":"https:\/\/reterr.it\/index.php?rest_route=%2Fwp%2Fv2%2Fmedia&parent=645"}],"wp:term":[{"taxonomy":"category","embeddable":true,"href":"https:\/\/reterr.it\/index.php?rest_route=%2Fwp%2Fv2%2Fcategories&post=645"},{"taxonomy":"post_tag","embeddable":true,"href":"https:\/\/reterr.it\/index.php?rest_route=%2Fwp%2Fv2%2Ftags&post=645"}],"curies":[{"name":"wp","href":"https:\/\/api.w.org\/{rel}","templated":true}]}}