{"id":668,"date":"2025-05-05T16:14:39","date_gmt":"2025-05-05T16:14:39","guid":{"rendered":"https:\/\/reterr.it\/?p=668"},"modified":"2025-11-28T15:27:50","modified_gmt":"2025-11-28T15:27:50","slug":"rete-di-cagliari","status":"publish","type":"post","link":"https:\/\/reterr.it\/?p=668","title":{"rendered":"Rete di Cagliari"},"content":{"rendered":"\t\t<div data-elementor-type=\"wp-post\" data-elementor-id=\"668\" class=\"elementor elementor-668\">\n\t\t\t\t<div class=\"elementor-element elementor-element-577b421 e-flex e-con-boxed elementor-repeater-item-default_padding elementor-repeater-item-none elementor-repeater-item-none_hover e-con e-parent\" data-id=\"577b421\" data-element_type=\"container\" data-settings=\"{&quot;ang_container_spacing_size&quot;:&quot;default_padding&quot;}\">\n\t\t\t\t\t<div class=\"e-con-inner\">\n\t\t\t\t<div class=\"elementor-element elementor-element-19e74f1 elementor-repeater-item-shadow_2 elementor-repeater-item-none_hover elementor-widget elementor-widget-text-editor\" data-id=\"19e74f1\" data-element_type=\"widget\" data-widget_type=\"text-editor.default\">\n\t\t\t\t<div class=\"elementor-widget-container\">\n\t\t\t\t\t\t\t\t\t<p>La <strong>Rete Radi\u00e8 Resch di solidariet\u00e0 internazionale <\/strong>\u00e8 presente in Sardegna fin dalle sue origini; prima del 1970 a Sassari; dal 1975 in poi ci sono state reti a Oristano, Villagrande-Nuoro, Lanusei, Pozzomaggiore.<\/p><p>La Rete di Cagliari nasce dall\u2019incontro di don Ettore Cannavera e Ettore Masina alla fine degli anni\u201970. Il primo nucleo si forma durante l\u2019esperienza di vita comunitaria nella parrocchia di Sarroch di don Ettore insieme a Pierpaolo Loi e don Mario Secci (1977 \u2013 1979) e prosegue durante l\u2019esperienza parrocchiale a Santa Margherita di Pula.<\/p><p>A Cagliari, nei primi anni \u201980 del 900 il gruppo Rete si incontra con una certa regolarit\u00e0 nei locali della Comunit\u00e0 di San Rocco in Via San Mauro 15, nella sede della scuola popolare \u201cOscar Romero\u201d. Negli anni successivi il gruppo si riunisce nella sede della Cooperativa sociale Kadossene fondata da don Ettore Cannavera, fino alla chiusura della stessa. Attualmente ci si incontra nelle case degli aderenti.<\/p><p>Nel 2022 la Rete di Cagliari ha celebrato i suoi 40 di vita. Molteplici sono state le iniziative portate avanti nel tempo: fin dal suo nascere si \u00e8 impegnata nell\u2019azione di controinformazione cercando di realizzare almeno un incontro-dibattito annuale nella citt\u00e0 e organizzare incontri in collaborazione con altre associazioni; partecipare a manifestazioni cittadine, come la \u201cpiazza della solidariet\u00e0\u201d, manifestazioni per la pace, antirazziste in difesa dei migranti, ecc.<\/p><p>Dal 13 ottobre al 14 ottobre 1990, Cagliari ha ospitato il Coordinamento nazionale della Rete Radi\u00e9 Resch (il primo in Sardegna).<\/p><p>Dal 1992 la Rete di Cagliari si \u00e8 fatta carico, come referente nazionale, dell\u2019operazione <em>Donne indie collas.<\/em> <em>Sostegno a piccole cooperative di lavoro<\/em>, nel Nord-Ovest dell\u2019Argentina, nella \u201cQuebrada de Huamahaca\u201d; referenti Piera Oria e Carola Caribe (<em>Taller Permanente de la Mujer<\/em>), attiviste della Casa delle donne di Buenos Aires. Importanti gli incontri in Sardegna e la visita al progetto in Argentina di due nostre amiche (Adriana Cannas e Anna Maria Serreli). L\u2019operazione \u00e8 terminata nel 2008 in concomitanza della morte di Piera Oria. La Rete con un lavoro d\u2019insieme ha tradotto, pubblicato e presentato in varie occasioni il libro di Piera Oria, <em>De la casa a la plaza<\/em>: <em>Dalla casa alla piazza<\/em>. <em>Trasformazione della quotidianit\u00e0 delle Madri e delle Nonne di Plza de Mayo sulla vicenda delle Abuelas e delle Madres di Palza de Mayo, <\/em>CUEC, Cagliari 2005.<\/p><p>Nell\u2019estate del 1993, durante il viaggio della rete in Brasile, l\u2019incontro di Ettore e Pierpaolo a Salvador Bahia con Giovanni Cara, nostro conterraneo, Piccolo fratello del Vangelo, e con la sua giovane collaboratrice, Rita Maria Alves. Si stabilir\u00e0 un forte legame tra Cagliari e la <em>Pequena Fraternidade<\/em>, associazione impegnata nell\u2019assistenza ai <em>meninos de rua<\/em> della favela dell\u2019Areal. Questa collaborazione continuer\u00e0 con il progetto \u201cPequena Ponte\u201d (Piccolo Ponte).<\/p><p>L\u2019impegno per la Palestina \u00e8 stato costante, a cominciare dalla campagna di informazione sulla \u201cpulizia amministrativa\u201d attuata da Israele nei confronti dei palestinesi di Gerusalemme-Est (1998), con incontri-dibattito e articoli su giornali e riviste locali. \u00c8 stata presente con alcuni dei suoi membri nei viaggi in Palestina organizzati dalla Rete nazionale (1\u00b0 viaggio, dal 27\/12\/98 al 4\/01\/99). \u00a0<\/p><p>Degli innumerevoli incontri organizzati dalla Rete Radi\u00e9 Resch cagliaritana, alcuni insieme alla \u201cComunit\u00e0 La Collina\u201d di Serdiana, nei ricordiamo alcuni: con le Madri di Plaza de Mayo (settembre 1997); con Marcelo Barros, accompagnato da Antonio Vermigli (giugno 1999); con padre Sergio Tonetto (ottobre 2000); con\u00a0 Itai Ryb, <em>refusnik<\/em> obiettore dell\u2019Esercito israeliano, e Noah Salameh, del CCR (Centro Risoluzione dei Conflitti e Riconciliazione) di Betlemme (ottobre 2002); col Piccolo fratello Arturo Paoli, con Ettore Masina; con don Nandino Capovilla, di <em>Pax Christi<\/em>, promotore dei \u201cpellegrinaggi di giustizia\u201d in Terra Santa; con Antonio Vermigli e Frei Betto (aprile 2014). E gli incontri con esponenti della Rete Radi\u00e9 Resch: Giorgio Gallo, Ettore Ongaro, Giorgio Romagnoli, Caterina Perata.<\/p><p>Il 19\/20 giugno 2010 si \u00e8 tenuto a Cagliari il Coordinamento nazionale (il 2\u00b0 in Sardegna), dopo il 23\u00b0Convegno nazionale, presso la Comunit\u00e0 La Collina, in un clima molto gioioso.<\/p><p>Il<strong> 26 giugno 2021 <\/strong>il <strong>Coordinamento nazionale<\/strong> ha approvato il progetto da noi presentato \u201cClinica Integrata Piccolo Ponte\u201d &#8211; Salvador Bahia, referente Rita Maria Alves, come operazione straordinaria contributo straordinario di <strong>\u20ac. 3.000 per l\u2019anno 2022. <\/strong>Al Coordinamento del 24-24 giugno 2023 di l\u2019operazione \u201cClinica Integrata Piccolo Ponte\u201d viene approvata come operazione ordinaria con l\u2019importo di 3.600 euro annui.<\/p><p>\u00a0<\/p>\t\t\t\t\t\t\t\t<\/div>\n\t\t\t\t<\/div>\n\t\t\t\t<div class=\"elementor-element elementor-element-4e1efb8 elementor-repeater-item-shadow_2 elementor-repeater-item-none_hover elementor-widget elementor-widget-text-editor\" data-id=\"4e1efb8\" data-element_type=\"widget\" data-widget_type=\"text-editor.default\">\n\t\t\t\t<div class=\"elementor-widget-container\">\n\t\t\t\t\t\t\t\t\t<h3>Referenti Locali<\/h3><ul><li>Pierpaolo Loi<br \/>pierp.loi23@tiscali.it<\/li><\/ul>\t\t\t\t\t\t\t\t<\/div>\n\t\t\t\t<\/div>\n\t\t\t\t\t<\/div>\n\t\t\t\t<\/div>\n\t\t<div class=\"elementor-element elementor-element-cce6600 e-flex e-con-boxed elementor-repeater-item-default_padding elementor-repeater-item-none elementor-repeater-item-none_hover e-con e-parent\" data-id=\"cce6600\" data-element_type=\"container\" data-settings=\"{&quot;ang_container_spacing_size&quot;:&quot;default_padding&quot;}\">\n\t\t\t\t\t<div class=\"e-con-inner\">\n\t\t\t\t<div class=\"elementor-element elementor-element-a2016e4 wpr-grid-columns-3 wpr-grid-columns--tablet2 wpr-grid-columns--mobile1 wpr-grid-pagination-center wpr-item-styles-inner elementor-repeater-item-none elementor-repeater-item-none_hover elementor-widget elementor-widget-wpr-grid\" data-id=\"a2016e4\" data-element_type=\"widget\" data-widget_type=\"wpr-grid.default\">\n\t\t\t\t<div class=\"elementor-widget-container\">\n\t\t\t\t\t<ul class=\"wpr-grid-filters elementor-clearfix wpr-grid-filters-sep-right\"><li class=\" wpr-pointer-none wpr-pointer-line-fx wpr-pointer-fx-none\"><span  data-filter=\"*\" class=\"wpr-grid-filters-item wpr-active-filter \">Tutti i contenuti di questa Rete<\/span><em class=\"wpr-grid-filters-sep\"><\/em><\/li><ul data-parent=\".category-sardegna\" class=\"wpr-sub-filters\"><li data-role=\"back\" class=\" wpr-pointer-none wpr-pointer-line-fx wpr-pointer-fx-none\"><span class=\"wpr-back-filter\"  data-ajax-filter=[\"category\",\"sardegna\"]  data-filter=\".category-sardegna\"><i class=\"fas fa-long-arrow-alt-left\"><\/i>&nbsp;&nbsp;Back<\/span><\/li><li data-role=\"sub\" class=\" wpr-pointer-none wpr-pointer-line-fx wpr-pointer-fx-none\"><span   data-ajax-filter=[\"category\",\"rete-cagliari\"]  data-filter=\".category-rete-cagliari\">Rete di Cagliari<\/span><em class=\"wpr-grid-filters-sep\"><\/em><\/li><\/ul><\/ul><section class=\"wpr-grid elementor-clearfix\" data-settings=\"{&quot;layout&quot;:&quot;fitRows&quot;,&quot;stick_last_element_to_bottom&quot;:&quot;&quot;,&quot;columns_desktop&quot;:3,&quot;gutter_hr&quot;:15,&quot;gutter_hr_mobile&quot;:15,&quot;gutter_hr_mobile_extra&quot;:15,&quot;gutter_hr_tablet&quot;:15,&quot;gutter_hr_tablet_extra&quot;:15,&quot;gutter_hr_laptop&quot;:15,&quot;gutter_hr_widescreen&quot;:15,&quot;gutter_vr&quot;:15,&quot;gutter_vr_mobile&quot;:15,&quot;gutter_vr_mobile_extra&quot;:15,&quot;gutter_vr_tablet&quot;:15,&quot;gutter_vr_tablet_extra&quot;:15,&quot;gutter_vr_laptop&quot;:15,&quot;gutter_vr_widescreen&quot;:15,&quot;animation&quot;:&quot;default&quot;,&quot;animation_duration&quot;:0.3,&quot;animation_delay&quot;:0.1,&quot;deeplinking&quot;:&quot;&quot;,&quot;filters_linkable&quot;:&quot;no&quot;,&quot;filters_default_filter&quot;:&quot;&quot;,&quot;filters_count&quot;:&quot;&quot;,&quot;filters_hide_empty&quot;:&quot;no&quot;,&quot;filters_animation&quot;:&quot;default&quot;,&quot;filters_animation_duration&quot;:0.3,&quot;filters_animation_delay&quot;:0.1,&quot;pagination_type&quot;:&quot;load-more&quot;,&quot;pagination_max_pages&quot;:1,&quot;lightbox&quot;:{&quot;selector&quot;:&quot;.wpr-grid-image-wrap&quot;,&quot;iframeMaxWidth&quot;:&quot;60%&quot;,&quot;hash&quot;:false,&quot;autoplay&quot;:&quot;true&quot;,&quot;pause&quot;:5000,&quot;progressBar&quot;:&quot;true&quot;,&quot;counter&quot;:&quot;true&quot;,&quot;controls&quot;:&quot;true&quot;,&quot;getCaptionFromTitleOrAlt&quot;:&quot;true&quot;,&quot;thumbnail&quot;:&quot;&quot;,&quot;showThumbByDefault&quot;:&quot;&quot;,&quot;share&quot;:&quot;&quot;,&quot;zoom&quot;:&quot;true&quot;,&quot;fullScreen&quot;:&quot;true&quot;,&quot;download&quot;:&quot;true&quot;}}\"><article class=\"wpr-grid-item elementor-clearfix post-3586 post type-post status-publish format-standard has-post-thumbnail hentry category-operazioni category-rete-cagliari category-sardegna\"><div class=\"wpr-grid-item-inner\"><div class=\"wpr-grid-media-wrap wpr-effect-size-medium \" data-overlay-link=\"yes\"><div class=\"wpr-grid-image-wrap\" data-src=\"https:\/\/reterr.it\/wp-content\/uploads\/2025\/11\/Immagine-2025-11-10-165327.jpg\" data-img-on-hover=\"\"  data-src-secondary=\"\"><img decoding=\"async\" data-no-lazy=\"1\" src=\"https:\/\/reterr.it\/wp-content\/uploads\/2025\/11\/Immagine-2025-11-10-165327.jpg\" alt=\"Salvador Bahia, Brasile &#8211; Clinica Integrata Pequena Ponte\" class=\"wpr-anim-timing-ease-default\"><\/div><div class=\"wpr-grid-media-hover wpr-animation-wrap\"><div class=\"wpr-grid-media-hover-bg  wpr-overlay-fade-in wpr-anim-size-large wpr-anim-timing-ease-default wpr-anim-transparency\" data-url=\"https:\/\/reterr.it\/?p=3586\"><\/div><\/div><\/div><div class=\"wpr-grid-item-below-content elementor-clearfix\"><h2 class=\"wpr-grid-item-title elementor-repeater-item-cfb6abe wpr-grid-item-display-block wpr-grid-item-align-center wpr-pointer-none wpr-pointer-line-fx wpr-pointer-fx-fade\"><div class=\"inner-block\"><a target=\"_self\"  href=\"https:\/\/reterr.it\/?p=3586\">Salvador Bahia, Brasile &#8211; Clinica Integrata Pequena Ponte<\/a><\/div><\/h2><div class=\"wpr-grid-item-separator elementor-repeater-item-f0c9fc4 wpr-grid-item-display-inline wpr-grid-item-align-left wpr-grid-sep-style-1\"><div class=\"inner-block\"><span><\/span><\/div><\/div><\/div><\/div><\/article><\/section>\t\t\t\t<\/div>\n\t\t\t\t<\/div>\n\t\t\t\t\t<\/div>\n\t\t\t\t<\/div>\n\t\t\t\t<\/div>\n\t\t","protected":false},"excerpt":{"rendered":"<p>La Rete Radi\u00e8 Resch di solidariet\u00e0 internazionale \u00e8 presente in Sardegna fin dalle sue origini; prima del 1970 a Sassari; dal 1975 in poi ci sono state reti a Oristano, Villagrande-Nuoro, Lanusei, Pozzomaggiore. La Rete di Cagliari nasce dall\u2019incontro di don Ettore Cannavera e Ettore Masina alla fine degli anni\u201970. Il primo nucleo si forma durante l\u2019esperienza di vita comunitaria nella parrocchia di Sarroch di don Ettore insieme a Pierpaolo Loi e don Mario Secci (1977 \u2013 1979) e prosegue durante l\u2019esperienza parrocchiale a Santa Margherita di Pula. A Cagliari, nei primi anni \u201980 del 900 il gruppo Rete si incontra con una certa regolarit\u00e0 nei locali della Comunit\u00e0 di San Rocco in Via San Mauro 15, nella sede della scuola popolare \u201cOscar Romero\u201d. Negli anni successivi il gruppo si riunisce nella sede della Cooperativa sociale Kadossene fondata da don Ettore Cannavera, fino alla chiusura della stessa. Attualmente ci si incontra nelle case degli aderenti. Nel 2022 la Rete di Cagliari ha celebrato i suoi 40 di vita. Molteplici sono state le iniziative portate avanti nel tempo: fin dal suo nascere si \u00e8 impegnata nell\u2019azione di controinformazione cercando di realizzare almeno un incontro-dibattito annuale nella citt\u00e0 e organizzare incontri in collaborazione con altre associazioni; partecipare a manifestazioni cittadine, come la \u201cpiazza della solidariet\u00e0\u201d, manifestazioni per la pace, antirazziste in difesa dei migranti, ecc. Dal 13 ottobre al 14 ottobre 1990, Cagliari ha ospitato il Coordinamento nazionale della Rete Radi\u00e9 Resch (il primo in Sardegna). Dal 1992 la Rete di Cagliari si \u00e8 fatta carico, come referente nazionale, dell\u2019operazione Donne indie collas. Sostegno a piccole cooperative di lavoro, nel Nord-Ovest dell\u2019Argentina, nella \u201cQuebrada de Huamahaca\u201d; referenti Piera Oria e Carola Caribe (Taller Permanente de la Mujer), attiviste della Casa delle donne di Buenos Aires. Importanti gli incontri in Sardegna e la visita al progetto in Argentina di due nostre amiche (Adriana Cannas e Anna Maria Serreli). L\u2019operazione \u00e8 terminata nel 2008 in concomitanza della morte di Piera Oria. La Rete con un lavoro d\u2019insieme ha tradotto, pubblicato e presentato in varie occasioni il libro di Piera Oria, De la casa a la plaza: Dalla casa alla piazza. Trasformazione della quotidianit\u00e0 delle Madri e delle Nonne di Plza de Mayo sulla vicenda delle Abuelas e delle Madres di Palza de Mayo, CUEC, Cagliari 2005. Nell\u2019estate del 1993, durante il viaggio della rete in Brasile, l\u2019incontro di Ettore e Pierpaolo a Salvador Bahia con Giovanni Cara, nostro conterraneo, Piccolo fratello del Vangelo, e con la sua giovane collaboratrice, Rita Maria Alves. Si stabilir\u00e0 un forte legame tra Cagliari e la Pequena Fraternidade, associazione impegnata nell\u2019assistenza ai meninos de rua della favela dell\u2019Areal. Questa collaborazione continuer\u00e0 con il progetto \u201cPequena Ponte\u201d (Piccolo Ponte). L\u2019impegno per la Palestina \u00e8 stato costante, a cominciare dalla campagna di informazione sulla \u201cpulizia amministrativa\u201d attuata da Israele nei confronti dei palestinesi di Gerusalemme-Est (1998), con incontri-dibattito e articoli su giornali e riviste locali. \u00c8 stata presente con alcuni dei suoi membri nei viaggi in Palestina organizzati dalla Rete nazionale (1\u00b0 viaggio, dal 27\/12\/98 al 4\/01\/99). \u00a0 Degli innumerevoli incontri organizzati dalla Rete Radi\u00e9 Resch cagliaritana, alcuni insieme alla \u201cComunit\u00e0 La Collina\u201d di Serdiana, nei ricordiamo alcuni: con le Madri di Plaza de Mayo (settembre 1997); con Marcelo Barros, accompagnato da Antonio Vermigli (giugno 1999); con padre Sergio Tonetto (ottobre 2000); con\u00a0 Itai Ryb, refusnik obiettore dell\u2019Esercito israeliano, e Noah Salameh, del CCR (Centro Risoluzione dei Conflitti e Riconciliazione) di Betlemme (ottobre 2002); col Piccolo fratello Arturo Paoli, con Ettore Masina; con don Nandino Capovilla, di Pax Christi, promotore dei \u201cpellegrinaggi di giustizia\u201d in Terra Santa; con Antonio Vermigli e Frei Betto (aprile 2014). E gli incontri con esponenti della Rete Radi\u00e9 Resch: Giorgio Gallo, Ettore Ongaro, Giorgio Romagnoli, Caterina Perata. Il 19\/20 giugno 2010 si \u00e8 tenuto a Cagliari il Coordinamento nazionale (il 2\u00b0 in Sardegna), dopo il 23\u00b0Convegno nazionale, presso la Comunit\u00e0 La Collina, in un clima molto gioioso. Il 26 giugno 2021 il Coordinamento nazionale ha approvato il progetto da noi presentato \u201cClinica Integrata Piccolo Ponte\u201d &#8211; Salvador Bahia, referente Rita Maria Alves, come operazione straordinaria contributo straordinario di \u20ac. 3.000 per l\u2019anno 2022. Al Coordinamento del 24-24 giugno 2023 di l\u2019operazione \u201cClinica Integrata Piccolo Ponte\u201d viene approvata come operazione ordinaria con l\u2019importo di 3.600 euro annui. \u00a0 Referenti Locali Pierpaolo Loipierp.loi23@tiscali.it Tutti i contenuti di questa Rete &nbsp;&nbsp;Back Rete di Cagliari Salvador Bahia, Brasile &#8211; Clinica Integrata Pequena Ponte<\/p>\n","protected":false},"author":1,"featured_media":0,"comment_status":"closed","ping_status":"closed","sticky":false,"template":"","format":"standard","meta":{"footnotes":""},"categories":[27,26],"tags":[],"class_list":["post-668","post","type-post","status-publish","format-standard","hentry","category-rete-cagliari","category-sardegna"],"_links":{"self":[{"href":"https:\/\/reterr.it\/index.php?rest_route=\/wp\/v2\/posts\/668","targetHints":{"allow":["GET"]}}],"collection":[{"href":"https:\/\/reterr.it\/index.php?rest_route=\/wp\/v2\/posts"}],"about":[{"href":"https:\/\/reterr.it\/index.php?rest_route=\/wp\/v2\/types\/post"}],"author":[{"embeddable":true,"href":"https:\/\/reterr.it\/index.php?rest_route=\/wp\/v2\/users\/1"}],"replies":[{"embeddable":true,"href":"https:\/\/reterr.it\/index.php?rest_route=%2Fwp%2Fv2%2Fcomments&post=668"}],"version-history":[{"count":25,"href":"https:\/\/reterr.it\/index.php?rest_route=\/wp\/v2\/posts\/668\/revisions"}],"predecessor-version":[{"id":4126,"href":"https:\/\/reterr.it\/index.php?rest_route=\/wp\/v2\/posts\/668\/revisions\/4126"}],"wp:attachment":[{"href":"https:\/\/reterr.it\/index.php?rest_route=%2Fwp%2Fv2%2Fmedia&parent=668"}],"wp:term":[{"taxonomy":"category","embeddable":true,"href":"https:\/\/reterr.it\/index.php?rest_route=%2Fwp%2Fv2%2Fcategories&post=668"},{"taxonomy":"post_tag","embeddable":true,"href":"https:\/\/reterr.it\/index.php?rest_route=%2Fwp%2Fv2%2Ftags&post=668"}],"curies":[{"name":"wp","href":"https:\/\/api.w.org\/{rel}","templated":true}]}}