{"id":680,"date":"2025-05-05T16:18:34","date_gmt":"2025-05-05T16:18:34","guid":{"rendered":"https:\/\/reterr.it\/?p=680"},"modified":"2025-11-28T15:28:18","modified_gmt":"2025-11-28T15:28:18","slug":"rete-di-noto-pozzallo-avola","status":"publish","type":"post","link":"https:\/\/reterr.it\/?p=680","title":{"rendered":"Rete di Noto &#8211; Pozzallo &#8211; Avola"},"content":{"rendered":"\t\t<div data-elementor-type=\"wp-post\" data-elementor-id=\"680\" class=\"elementor elementor-680\">\n\t\t\t\t<div class=\"elementor-element elementor-element-577b421 e-flex e-con-boxed elementor-repeater-item-default_padding elementor-repeater-item-none elementor-repeater-item-none_hover e-con e-parent\" data-id=\"577b421\" data-element_type=\"container\" data-settings=\"{&quot;ang_container_spacing_size&quot;:&quot;default_padding&quot;}\">\n\t\t\t\t\t<div class=\"e-con-inner\">\n\t\t\t\t<div class=\"elementor-element elementor-element-19e74f1 elementor-repeater-item-shadow_2 elementor-repeater-item-none_hover elementor-widget elementor-widget-text-editor\" data-id=\"19e74f1\" data-element_type=\"widget\" data-widget_type=\"text-editor.default\">\n\t\t\t\t<div class=\"elementor-widget-container\">\n\t\t\t\t\t\t\t\t\t<p>Il nostro gruppo locale ha una vita lunga, essendo nato a met\u00e0 degli anni \u201990.<\/p><p>Numericamente non \u00e8 per\u00f2 cresciuto molto negli anni. Oggi si compone di otto persone di et\u00e0 compresa tra 58 ed 84 anni.<\/p><p>Gi\u00e0 dai primi anni 2000 siamo referenti del progetto di accompagnamento dei campesinos (criollos e Mapuche) nella Patagonia Argentina.<\/p><p>Teniamo regolarmente i contatti con i referenti in loco e, quando possibile\u00a0 si va a trovarli.\u00a0<\/p><p>Questo piccolo gruppo nel periodo attuale non svolge attivit\u00e0 pubbliche, tuttavia ciascun membro porta i valori e le motivazioni della solidariet\u00e0 internazionale nel campo dove singolarmente vive o si impegna (campo educativo, politica, contatti con altre realt\u00e0 nel Sud del mondo, accoglienza di profughi\u2026).<\/p><p>Periodicamente ci incontriamo per approfondire la conoscenza dei vari progetti della RRR (anche con collegamenti online con i referenti in loco) o di argomenti inerenti la solidariet\u00e0 internazionale, per fare autotassazione e vivere una serata in convivialit\u00e0. A questi incontri invitiamo altri amici o persone interessate.<\/p>\t\t\t\t\t\t\t\t<\/div>\n\t\t\t\t<\/div>\n\t\t\t\t<div class=\"elementor-element elementor-element-ee45550 elementor-repeater-item-shadow_2 elementor-repeater-item-none_hover elementor-widget elementor-widget-text-editor\" data-id=\"ee45550\" data-element_type=\"widget\" data-widget_type=\"text-editor.default\">\n\t\t\t\t<div class=\"elementor-widget-container\">\n\t\t\t\t\t\t\t\t\t<h3>Referenti Locali<\/h3><ul><li>Maria Vella<br \/>mariar.vella@gmail.com<\/li><\/ul>\t\t\t\t\t\t\t\t<\/div>\n\t\t\t\t<\/div>\n\t\t\t\t\t<\/div>\n\t\t\t\t<\/div>\n\t\t<div class=\"elementor-element elementor-element-cce6600 e-flex e-con-boxed elementor-repeater-item-default_padding elementor-repeater-item-none elementor-repeater-item-none_hover e-con e-parent\" data-id=\"cce6600\" data-element_type=\"container\" data-settings=\"{&quot;ang_container_spacing_size&quot;:&quot;default_padding&quot;}\">\n\t\t\t\t\t<div class=\"e-con-inner\">\n\t\t\t\t<div class=\"elementor-element elementor-element-a2016e4 wpr-grid-columns-3 wpr-grid-columns--tablet2 wpr-grid-columns--mobile1 wpr-grid-pagination-center wpr-item-styles-inner elementor-repeater-item-none elementor-repeater-item-none_hover elementor-widget elementor-widget-wpr-grid\" data-id=\"a2016e4\" data-element_type=\"widget\" data-widget_type=\"wpr-grid.default\">\n\t\t\t\t<div class=\"elementor-widget-container\">\n\t\t\t\t\t<ul class=\"wpr-grid-filters elementor-clearfix wpr-grid-filters-sep-right\"><li class=\" wpr-pointer-none wpr-pointer-line-fx wpr-pointer-fx-none\"><span  data-filter=\"*\" class=\"wpr-grid-filters-item wpr-active-filter \">Tutti i contenuti di questa Rete<\/span><em class=\"wpr-grid-filters-sep\"><\/em><\/li><ul data-parent=\".category-sicilia\" class=\"wpr-sub-filters\"><li data-role=\"back\" class=\" wpr-pointer-none wpr-pointer-line-fx wpr-pointer-fx-none\"><span class=\"wpr-back-filter\"  data-ajax-filter=[\"category\",\"sicilia\"]  data-filter=\".category-sicilia\"><i class=\"fas fa-long-arrow-alt-left\"><\/i>&nbsp;&nbsp;Back<\/span><\/li><li data-role=\"sub\" class=\" wpr-pointer-none wpr-pointer-line-fx wpr-pointer-fx-none\"><span   data-ajax-filter=[\"category\",\"rete-noto-pozzallo-avola\"]  data-filter=\".category-rete-noto-pozzallo-avola\">Rete di Noto-Pozzallo-Avola<\/span><em class=\"wpr-grid-filters-sep\"><\/em><\/li><\/ul><\/ul><section class=\"wpr-grid elementor-clearfix\" data-settings=\"{&quot;layout&quot;:&quot;fitRows&quot;,&quot;stick_last_element_to_bottom&quot;:&quot;&quot;,&quot;columns_desktop&quot;:3,&quot;gutter_hr&quot;:15,&quot;gutter_hr_mobile&quot;:15,&quot;gutter_hr_mobile_extra&quot;:15,&quot;gutter_hr_tablet&quot;:15,&quot;gutter_hr_tablet_extra&quot;:15,&quot;gutter_hr_laptop&quot;:15,&quot;gutter_hr_widescreen&quot;:15,&quot;gutter_vr&quot;:15,&quot;gutter_vr_mobile&quot;:15,&quot;gutter_vr_mobile_extra&quot;:15,&quot;gutter_vr_tablet&quot;:15,&quot;gutter_vr_tablet_extra&quot;:15,&quot;gutter_vr_laptop&quot;:15,&quot;gutter_vr_widescreen&quot;:15,&quot;animation&quot;:&quot;default&quot;,&quot;animation_duration&quot;:0.3,&quot;animation_delay&quot;:0.1,&quot;deeplinking&quot;:&quot;&quot;,&quot;filters_linkable&quot;:&quot;no&quot;,&quot;filters_default_filter&quot;:&quot;&quot;,&quot;filters_count&quot;:&quot;&quot;,&quot;filters_hide_empty&quot;:&quot;no&quot;,&quot;filters_animation&quot;:&quot;default&quot;,&quot;filters_animation_duration&quot;:0.3,&quot;filters_animation_delay&quot;:0.1,&quot;pagination_type&quot;:&quot;load-more&quot;,&quot;pagination_max_pages&quot;:1,&quot;lightbox&quot;:{&quot;selector&quot;:&quot;.wpr-grid-image-wrap&quot;,&quot;iframeMaxWidth&quot;:&quot;60%&quot;,&quot;hash&quot;:false,&quot;autoplay&quot;:&quot;true&quot;,&quot;pause&quot;:5000,&quot;progressBar&quot;:&quot;true&quot;,&quot;counter&quot;:&quot;true&quot;,&quot;controls&quot;:&quot;true&quot;,&quot;getCaptionFromTitleOrAlt&quot;:&quot;true&quot;,&quot;thumbnail&quot;:&quot;&quot;,&quot;showThumbByDefault&quot;:&quot;&quot;,&quot;share&quot;:&quot;&quot;,&quot;zoom&quot;:&quot;true&quot;,&quot;fullScreen&quot;:&quot;true&quot;,&quot;download&quot;:&quot;true&quot;}}\"><article class=\"wpr-grid-item elementor-clearfix post-3621 post type-post status-publish format-standard has-post-thumbnail hentry category-operazioni category-rete-noto-pozzallo-avola category-sicilia\"><div class=\"wpr-grid-item-inner\"><div class=\"wpr-grid-media-wrap wpr-effect-size-medium \" data-overlay-link=\"yes\"><div class=\"wpr-grid-image-wrap\" data-src=\"https:\/\/reterr.it\/wp-content\/uploads\/2025\/11\/foto-operazione-Mesa-Campesina3-e1762848247623.jpeg\" data-img-on-hover=\"\"  data-src-secondary=\"\"><img decoding=\"async\" data-no-lazy=\"1\" src=\"https:\/\/reterr.it\/wp-content\/uploads\/2025\/11\/foto-operazione-Mesa-Campesina3-e1762848247623.jpeg\" alt=\"Argentina &#8211; Rafforzamento dell&#8217;identit\u00e0 culturale delle popolazioni Mapuche e Criollo Campesino\" class=\"wpr-anim-timing-ease-default\"><\/div><div class=\"wpr-grid-media-hover wpr-animation-wrap\"><div class=\"wpr-grid-media-hover-bg  wpr-overlay-fade-in wpr-anim-size-large wpr-anim-timing-ease-default wpr-anim-transparency\" data-url=\"https:\/\/reterr.it\/?p=3621\"><\/div><\/div><\/div><div class=\"wpr-grid-item-below-content elementor-clearfix\"><h2 class=\"wpr-grid-item-title elementor-repeater-item-cfb6abe wpr-grid-item-display-block wpr-grid-item-align-center wpr-pointer-none wpr-pointer-line-fx wpr-pointer-fx-fade\"><div class=\"inner-block\"><a target=\"_self\"  href=\"https:\/\/reterr.it\/?p=3621\">Argentina &#8211; Rafforzamento dell&#8217;identit\u00e0 culturale delle popolazioni Mapuche e Criollo Campesino<\/a><\/div><\/h2><div class=\"wpr-grid-item-separator elementor-repeater-item-f0c9fc4 wpr-grid-item-display-inline wpr-grid-item-align-left wpr-grid-sep-style-1\"><div class=\"inner-block\"><span><\/span><\/div><\/div><\/div><\/div><\/article><\/section>\t\t\t\t<\/div>\n\t\t\t\t<\/div>\n\t\t\t\t\t<\/div>\n\t\t\t\t<\/div>\n\t\t\t\t<\/div>\n\t\t","protected":false},"excerpt":{"rendered":"<p>Il nostro gruppo locale ha una vita lunga, essendo nato a met\u00e0 degli anni \u201990. Numericamente non \u00e8 per\u00f2 cresciuto molto negli anni. Oggi si compone di otto persone di et\u00e0 compresa tra 58 ed 84 anni. Gi\u00e0 dai primi anni 2000 siamo referenti del progetto di accompagnamento dei campesinos (criollos e Mapuche) nella Patagonia Argentina. Teniamo regolarmente i contatti con i referenti in loco e, quando possibile\u00a0 si va a trovarli.\u00a0 Questo piccolo gruppo nel periodo attuale non svolge attivit\u00e0 pubbliche, tuttavia ciascun membro porta i valori e le motivazioni della solidariet\u00e0 internazionale nel campo dove singolarmente vive o si impegna (campo educativo, politica, contatti con altre realt\u00e0 nel Sud del mondo, accoglienza di profughi\u2026). Periodicamente ci incontriamo per approfondire la conoscenza dei vari progetti della RRR (anche con collegamenti online con i referenti in loco) o di argomenti inerenti la solidariet\u00e0 internazionale, per fare autotassazione e vivere una serata in convivialit\u00e0. A questi incontri invitiamo altri amici o persone interessate. Referenti Locali Maria Vellamariar.vella@gmail.com Tutti i contenuti di questa Rete &nbsp;&nbsp;Back Rete di Noto-Pozzallo-Avola Argentina &#8211; Rafforzamento dell&#8217;identit\u00e0 culturale delle popolazioni Mapuche e Criollo Campesino<\/p>\n","protected":false},"author":1,"featured_media":0,"comment_status":"closed","ping_status":"closed","sticky":false,"template":"","format":"standard","meta":{"footnotes":""},"categories":[50,49],"tags":[],"class_list":["post-680","post","type-post","status-publish","format-standard","hentry","category-rete-noto-pozzallo-avola","category-sicilia"],"_links":{"self":[{"href":"https:\/\/reterr.it\/index.php?rest_route=\/wp\/v2\/posts\/680","targetHints":{"allow":["GET"]}}],"collection":[{"href":"https:\/\/reterr.it\/index.php?rest_route=\/wp\/v2\/posts"}],"about":[{"href":"https:\/\/reterr.it\/index.php?rest_route=\/wp\/v2\/types\/post"}],"author":[{"embeddable":true,"href":"https:\/\/reterr.it\/index.php?rest_route=\/wp\/v2\/users\/1"}],"replies":[{"embeddable":true,"href":"https:\/\/reterr.it\/index.php?rest_route=%2Fwp%2Fv2%2Fcomments&post=680"}],"version-history":[{"count":25,"href":"https:\/\/reterr.it\/index.php?rest_route=\/wp\/v2\/posts\/680\/revisions"}],"predecessor-version":[{"id":4129,"href":"https:\/\/reterr.it\/index.php?rest_route=\/wp\/v2\/posts\/680\/revisions\/4129"}],"wp:attachment":[{"href":"https:\/\/reterr.it\/index.php?rest_route=%2Fwp%2Fv2%2Fmedia&parent=680"}],"wp:term":[{"taxonomy":"category","embeddable":true,"href":"https:\/\/reterr.it\/index.php?rest_route=%2Fwp%2Fv2%2Fcategories&post=680"},{"taxonomy":"post_tag","embeddable":true,"href":"https:\/\/reterr.it\/index.php?rest_route=%2Fwp%2Fv2%2Ftags&post=680"}],"curies":[{"name":"wp","href":"https:\/\/api.w.org\/{rel}","templated":true}]}}