{"id":703,"date":"2025-05-05T16:25:53","date_gmt":"2025-05-05T16:25:53","guid":{"rendered":"https:\/\/reterr.it\/?p=703"},"modified":"2025-11-28T15:28:48","modified_gmt":"2025-11-28T15:28:48","slug":"rete-di-pisa-viareggio","status":"publish","type":"post","link":"https:\/\/reterr.it\/?p=703","title":{"rendered":"Rete di Pisa &#8211; Viareggio"},"content":{"rendered":"\t\t<div data-elementor-type=\"wp-post\" data-elementor-id=\"703\" class=\"elementor elementor-703\">\n\t\t\t\t<div class=\"elementor-element elementor-element-577b421 e-flex e-con-boxed elementor-repeater-item-default_padding elementor-repeater-item-none elementor-repeater-item-none_hover e-con e-parent\" data-id=\"577b421\" data-element_type=\"container\" data-settings=\"{&quot;ang_container_spacing_size&quot;:&quot;default_padding&quot;}\">\n\t\t\t\t\t<div class=\"e-con-inner\">\n\t\t\t\t<div class=\"elementor-element elementor-element-19e74f1 elementor-repeater-item-shadow_2 elementor-repeater-item-none_hover elementor-widget elementor-widget-text-editor\" data-id=\"19e74f1\" data-element_type=\"widget\" data-widget_type=\"text-editor.default\">\n\t\t\t\t<div class=\"elementor-widget-container\">\n\t\t\t\t\t\t\t\t\t<p>La Rete di Pisa-Viareggio nasce molto presto. Gi\u00e0 nel 1964 alcune amiche di Viareggio (ricordo qui Elvira e Francarosa) avevano avuto modo di conoscere Ettore e le sue circolari.<\/p><p>Successivamente Anna, amica di Ettore e Clotilde, e responsabile della rete di Ragusa, si trasferisce a Pisa nel 1971, e nel 1973 vi fonda una rete. Qualche anno dopo, all\u2019inizio del 1976, Giorgio e Giusi, che avevano conosciuto Clotilde, Ettore e la Rete a Roma, si trasferiscono a Pisa, dove contribuiscono alla crescita della Rete pisana. Successivamente entrano a far parte della Rete Angela e Claudio, amici di Giorgio e Giusi, insieme a diversi altri amici viareggini. Nasce cos\u00ec la Rete di Pisa-Viareggio.<\/p><p>Pi\u00f9 recentemente \u00e8 entrata a far parte della rete anche Rosella di Empoli, e, da qualche anno, alcune delle attivit\u00e0 vengono coordinate con la Rete di Quarrata, con la quale vengono spesso realizzate riunioni congiunte.<\/p><p>Sono diversi i temi di cui la Rete di Pisa-Viareggio si \u00e8 nel tempo occupata. Ne ricordiamo qui alcuni.<br \/>Innanzitutto, l\u2019impegno di solidariet\u00e0 con la Palestina che l\u2019ha caratterizzata sin dalla sua nascita.<br \/>Ricordiamo l\u2019invito a Pisa, con il coinvolgimento anche degli enti locali, di diversi esponenti palestinesi, fra cui Haydar Abd al-Shafi, il capo della delegazione palestinese alla Conferenza di Madrid del 1991, e le molte iniziative di solidariet\u00e0 nel territorio. Fra queste ricordiamo in particolare la campagna contro l\u2019espulsione dei palestinesi residenti a Gerusalemme Est; nella figura viene riportata la cartolina, disegnata dal vignettista Vincino, che \u00e8 stata usata per questa campagna. Ancora oggi la Palestina costituisce uno degli impegni principali della nostra rete locale.<\/p><p>In particolare la rete di Pisa-Viareggio tiene, per conto della Rete nazionale, i rapporti con il PWWSD, l\u2019associazione di donne impegnata nel sostegno delle donne palestinesi nella loro lotta per l\u2019uguaglianza di genere e per una loro piena partecipazione alla vita economica e politica.<br \/>C\u2019\u00e8 stato poi molto importante l\u2019impegno di solidariet\u00e0 con l\u2019America Latina. Grazie anche alla presenza a Pisa di una comunit\u00e0 di esuli politici cileni, costretti a lasciare il loro paese dal regime di Pinochet, \u00e8 partita una campagna di sostegno agli avvocati dei prigionieri politici cileni che ha avuto un certo successo. Successivamente si sono sviluppati rapporti, che continuano ancora oggi, con l\u2019Associazione Fraternit\u00e0 e Alleanza (AFA), fondata nel 1991 a Fox do Igua\u00e7u in Brasile, da Fratel Arturo Paoli, grande amico della Rete. AFA opera per il sostegno delle donne e dei bimbi delle favelas di Foz.<\/p><p>Ricordiamo infine le varie iniziative a livello locale sulla pace.<\/p><p>Su questo tema ricordiamo soprattutto l\u2019iniziativa \u201cI volti della pace\u201d portata avanti a Viareggio per diversi anni da Angela. Da questa iniziativa \u00e8 poi nata l\u2019operazione nazionale di educazione alla pace nelle scuole, di cui \u00e8 responsabile la Rete di Pisa-Viareggio.<\/p><p>\u00a0<\/p>\t\t\t\t\t\t\t\t<\/div>\n\t\t\t\t<\/div>\n\t\t\t\t<div class=\"elementor-element elementor-element-10d570b elementor-repeater-item-shadow_2 elementor-repeater-item-none_hover elementor-widget elementor-widget-text-editor\" data-id=\"10d570b\" data-element_type=\"widget\" data-widget_type=\"text-editor.default\">\n\t\t\t\t<div class=\"elementor-widget-container\">\n\t\t\t\t\t\t\t\t\t<h3>Referenti Locali<\/h3><ul><li>Giorgio Gallo<br \/>giorgio.a.gallo@gmail.com<\/li><li>Rosella Luchetti<br \/>rosellaluchetti54@gmail.com<\/li><\/ul>\t\t\t\t\t\t\t\t<\/div>\n\t\t\t\t<\/div>\n\t\t\t\t<div class=\"elementor-element elementor-element-d6cd23f external_elementor-repeater-item-none_external elementor-repeater-item-none elementor-repeater-item-none_hover elementor-widget elementor-widget-image\" data-id=\"d6cd23f\" data-element_type=\"widget\" data-widget_type=\"image.default\">\n\t\t\t\t<div class=\"elementor-widget-container\">\n\t\t\t\t\t\t\t\t\t\t\t\t\t\t\t<img fetchpriority=\"high\" decoding=\"async\" width=\"698\" height=\"472\" src=\"https:\/\/reterr.it\/wp-content\/uploads\/2025\/05\/Immagine-2025-07-02-100351.png\" class=\"attachment-large size-large wp-image-2306\" alt=\"\" srcset=\"https:\/\/reterr.it\/wp-content\/uploads\/2025\/05\/Immagine-2025-07-02-100351.png 698w, https:\/\/reterr.it\/wp-content\/uploads\/2025\/05\/Immagine-2025-07-02-100351-300x203.png 300w\" sizes=\"(max-width: 698px) 100vw, 698px\" \/>\t\t\t\t\t\t\t\t\t\t\t\t\t\t\t<\/div>\n\t\t\t\t<\/div>\n\t\t\t\t\t<\/div>\n\t\t\t\t<\/div>\n\t\t<div class=\"elementor-element elementor-element-cce6600 e-flex e-con-boxed elementor-repeater-item-default_padding elementor-repeater-item-none elementor-repeater-item-none_hover e-con e-parent\" data-id=\"cce6600\" data-element_type=\"container\" data-settings=\"{&quot;ang_container_spacing_size&quot;:&quot;default_padding&quot;}\">\n\t\t\t\t\t<div class=\"e-con-inner\">\n\t\t\t\t<div class=\"elementor-element elementor-element-a2016e4 wpr-grid-columns-3 wpr-grid-columns--tablet2 wpr-grid-columns--mobile1 wpr-grid-pagination-center wpr-item-styles-inner elementor-repeater-item-none elementor-repeater-item-none_hover elementor-widget elementor-widget-wpr-grid\" data-id=\"a2016e4\" data-element_type=\"widget\" data-widget_type=\"wpr-grid.default\">\n\t\t\t\t<div class=\"elementor-widget-container\">\n\t\t\t\t\t<ul class=\"wpr-grid-filters elementor-clearfix wpr-grid-filters-sep-right\"><li class=\" wpr-pointer-none wpr-pointer-line-fx wpr-pointer-fx-none\"><span  data-filter=\"*\" class=\"wpr-grid-filters-item wpr-active-filter \">Tutti i contenuti di questa Rete<\/span><em class=\"wpr-grid-filters-sep\"><\/em><\/li><ul data-parent=\".category-toscana\" class=\"wpr-sub-filters\"><li data-role=\"back\" class=\" wpr-pointer-none wpr-pointer-line-fx wpr-pointer-fx-none\"><span class=\"wpr-back-filter\"  data-ajax-filter=[\"category\",\"toscana\"]  data-filter=\".category-toscana\"><i class=\"fas fa-long-arrow-alt-left\"><\/i>&nbsp;&nbsp;Back<\/span><\/li><li data-role=\"sub\" class=\" wpr-pointer-none wpr-pointer-line-fx wpr-pointer-fx-none\"><span   data-ajax-filter=[\"category\",\"rete-quarrata\"]  data-filter=\".category-rete-quarrata\">Rete di Quarrata (PT)<\/span><em class=\"wpr-grid-filters-sep\"><\/em><\/li><li data-role=\"sub\" class=\" wpr-pointer-none wpr-pointer-line-fx wpr-pointer-fx-none\"><span   data-ajax-filter=[\"category\",\"rete-pisa-viareggio\"]  data-filter=\".category-rete-pisa-viareggio\">Rete di Pisa-Viareggio<\/span><em class=\"wpr-grid-filters-sep\"><\/em><\/li><\/ul><\/ul><section class=\"wpr-grid elementor-clearfix\" data-settings=\"{&quot;layout&quot;:&quot;fitRows&quot;,&quot;stick_last_element_to_bottom&quot;:&quot;&quot;,&quot;columns_desktop&quot;:3,&quot;gutter_hr&quot;:15,&quot;gutter_hr_mobile&quot;:15,&quot;gutter_hr_mobile_extra&quot;:15,&quot;gutter_hr_tablet&quot;:15,&quot;gutter_hr_tablet_extra&quot;:15,&quot;gutter_hr_laptop&quot;:15,&quot;gutter_hr_widescreen&quot;:15,&quot;gutter_vr&quot;:15,&quot;gutter_vr_mobile&quot;:15,&quot;gutter_vr_mobile_extra&quot;:15,&quot;gutter_vr_tablet&quot;:15,&quot;gutter_vr_tablet_extra&quot;:15,&quot;gutter_vr_laptop&quot;:15,&quot;gutter_vr_widescreen&quot;:15,&quot;animation&quot;:&quot;default&quot;,&quot;animation_duration&quot;:0.3,&quot;animation_delay&quot;:0.1,&quot;deeplinking&quot;:&quot;&quot;,&quot;filters_linkable&quot;:&quot;no&quot;,&quot;filters_default_filter&quot;:&quot;&quot;,&quot;filters_count&quot;:&quot;&quot;,&quot;filters_hide_empty&quot;:&quot;no&quot;,&quot;filters_animation&quot;:&quot;default&quot;,&quot;filters_animation_duration&quot;:0.3,&quot;filters_animation_delay&quot;:0.1,&quot;pagination_type&quot;:&quot;load-more&quot;,&quot;pagination_max_pages&quot;:1,&quot;lightbox&quot;:{&quot;selector&quot;:&quot;.wpr-grid-image-wrap&quot;,&quot;iframeMaxWidth&quot;:&quot;60%&quot;,&quot;hash&quot;:false,&quot;autoplay&quot;:&quot;true&quot;,&quot;pause&quot;:5000,&quot;progressBar&quot;:&quot;true&quot;,&quot;counter&quot;:&quot;true&quot;,&quot;controls&quot;:&quot;true&quot;,&quot;getCaptionFromTitleOrAlt&quot;:&quot;true&quot;,&quot;thumbnail&quot;:&quot;&quot;,&quot;showThumbByDefault&quot;:&quot;&quot;,&quot;share&quot;:&quot;&quot;,&quot;zoom&quot;:&quot;true&quot;,&quot;fullScreen&quot;:&quot;true&quot;,&quot;download&quot;:&quot;true&quot;}}\"><article class=\"wpr-grid-item elementor-clearfix post-2317 post type-post status-publish format-standard has-post-thumbnail hentry category-operazioni category-rete-pisa-viareggio category-toscana\"><div class=\"wpr-grid-item-inner\"><div class=\"wpr-grid-media-wrap wpr-effect-size-medium \" data-overlay-link=\"yes\"><div class=\"wpr-grid-image-wrap\" data-src=\"https:\/\/reterr.it\/wp-content\/uploads\/2025\/07\/edupace.jpeg\" data-img-on-hover=\"\"  data-src-secondary=\"\"><img decoding=\"async\" data-no-lazy=\"1\" src=\"https:\/\/reterr.it\/wp-content\/uploads\/2025\/07\/edupace.jpeg\" alt=\"OPERAZIONE Educazione alla Pace &#8211; RRR Pisa &#038; Livorno\" class=\"wpr-anim-timing-ease-default\"><\/div><div class=\"wpr-grid-media-hover wpr-animation-wrap\"><div class=\"wpr-grid-media-hover-bg  wpr-overlay-fade-in wpr-anim-size-large wpr-anim-timing-ease-default wpr-anim-transparency\" data-url=\"https:\/\/reterr.it\/?p=2317\"><\/div><\/div><\/div><div class=\"wpr-grid-item-below-content elementor-clearfix\"><h2 class=\"wpr-grid-item-title elementor-repeater-item-cfb6abe wpr-grid-item-display-block wpr-grid-item-align-center wpr-pointer-none wpr-pointer-line-fx wpr-pointer-fx-fade\"><div class=\"inner-block\"><a target=\"_self\"  href=\"https:\/\/reterr.it\/?p=2317\">OPERAZIONE Educazione alla Pace &#8211; RRR Pisa &#038; Livorno<\/a><\/div><\/h2><div class=\"wpr-grid-item-separator elementor-repeater-item-f0c9fc4 wpr-grid-item-display-inline wpr-grid-item-align-left wpr-grid-sep-style-1\"><div class=\"inner-block\"><span><\/span><\/div><\/div><\/div><\/div><\/article><\/section>\t\t\t\t<\/div>\n\t\t\t\t<\/div>\n\t\t\t\t\t<\/div>\n\t\t\t\t<\/div>\n\t\t\t\t<\/div>\n\t\t","protected":false},"excerpt":{"rendered":"<p>La Rete di Pisa-Viareggio nasce molto presto. Gi\u00e0 nel 1964 alcune amiche di Viareggio (ricordo qui Elvira e Francarosa) avevano avuto modo di conoscere Ettore e le sue circolari. Successivamente Anna, amica di Ettore e Clotilde, e responsabile della rete di Ragusa, si trasferisce a Pisa nel 1971, e nel 1973 vi fonda una rete. Qualche anno dopo, all\u2019inizio del 1976, Giorgio e Giusi, che avevano conosciuto Clotilde, Ettore e la Rete a Roma, si trasferiscono a Pisa, dove contribuiscono alla crescita della Rete pisana. Successivamente entrano a far parte della Rete Angela e Claudio, amici di Giorgio e Giusi, insieme a diversi altri amici viareggini. Nasce cos\u00ec la Rete di Pisa-Viareggio. Pi\u00f9 recentemente \u00e8 entrata a far parte della rete anche Rosella di Empoli, e, da qualche anno, alcune delle attivit\u00e0 vengono coordinate con la Rete di Quarrata, con la quale vengono spesso realizzate riunioni congiunte. Sono diversi i temi di cui la Rete di Pisa-Viareggio si \u00e8 nel tempo occupata. Ne ricordiamo qui alcuni.Innanzitutto, l\u2019impegno di solidariet\u00e0 con la Palestina che l\u2019ha caratterizzata sin dalla sua nascita.Ricordiamo l\u2019invito a Pisa, con il coinvolgimento anche degli enti locali, di diversi esponenti palestinesi, fra cui Haydar Abd al-Shafi, il capo della delegazione palestinese alla Conferenza di Madrid del 1991, e le molte iniziative di solidariet\u00e0 nel territorio. Fra queste ricordiamo in particolare la campagna contro l\u2019espulsione dei palestinesi residenti a Gerusalemme Est; nella figura viene riportata la cartolina, disegnata dal vignettista Vincino, che \u00e8 stata usata per questa campagna. Ancora oggi la Palestina costituisce uno degli impegni principali della nostra rete locale. In particolare la rete di Pisa-Viareggio tiene, per conto della Rete nazionale, i rapporti con il PWWSD, l\u2019associazione di donne impegnata nel sostegno delle donne palestinesi nella loro lotta per l\u2019uguaglianza di genere e per una loro piena partecipazione alla vita economica e politica.C\u2019\u00e8 stato poi molto importante l\u2019impegno di solidariet\u00e0 con l\u2019America Latina. Grazie anche alla presenza a Pisa di una comunit\u00e0 di esuli politici cileni, costretti a lasciare il loro paese dal regime di Pinochet, \u00e8 partita una campagna di sostegno agli avvocati dei prigionieri politici cileni che ha avuto un certo successo. Successivamente si sono sviluppati rapporti, che continuano ancora oggi, con l\u2019Associazione Fraternit\u00e0 e Alleanza (AFA), fondata nel 1991 a Fox do Igua\u00e7u in Brasile, da Fratel Arturo Paoli, grande amico della Rete. AFA opera per il sostegno delle donne e dei bimbi delle favelas di Foz. Ricordiamo infine le varie iniziative a livello locale sulla pace. Su questo tema ricordiamo soprattutto l\u2019iniziativa \u201cI volti della pace\u201d portata avanti a Viareggio per diversi anni da Angela. Da questa iniziativa \u00e8 poi nata l\u2019operazione nazionale di educazione alla pace nelle scuole, di cui \u00e8 responsabile la Rete di Pisa-Viareggio. \u00a0 Referenti Locali Giorgio Gallogiorgio.a.gallo@gmail.com Rosella Luchettirosellaluchetti54@gmail.com Tutti i contenuti di questa Rete &nbsp;&nbsp;Back Rete di Quarrata (PT) Rete di Pisa-Viareggio OPERAZIONE Educazione alla Pace &#8211; RRR Pisa &#038; Livorno<\/p>\n","protected":false},"author":1,"featured_media":0,"comment_status":"closed","ping_status":"closed","sticky":false,"template":"","format":"standard","meta":{"footnotes":""},"categories":[32,30],"tags":[],"class_list":["post-703","post","type-post","status-publish","format-standard","hentry","category-rete-pisa-viareggio","category-toscana"],"_links":{"self":[{"href":"https:\/\/reterr.it\/index.php?rest_route=\/wp\/v2\/posts\/703","targetHints":{"allow":["GET"]}}],"collection":[{"href":"https:\/\/reterr.it\/index.php?rest_route=\/wp\/v2\/posts"}],"about":[{"href":"https:\/\/reterr.it\/index.php?rest_route=\/wp\/v2\/types\/post"}],"author":[{"embeddable":true,"href":"https:\/\/reterr.it\/index.php?rest_route=\/wp\/v2\/users\/1"}],"replies":[{"embeddable":true,"href":"https:\/\/reterr.it\/index.php?rest_route=%2Fwp%2Fv2%2Fcomments&post=703"}],"version-history":[{"count":25,"href":"https:\/\/reterr.it\/index.php?rest_route=\/wp\/v2\/posts\/703\/revisions"}],"predecessor-version":[{"id":4132,"href":"https:\/\/reterr.it\/index.php?rest_route=\/wp\/v2\/posts\/703\/revisions\/4132"}],"wp:attachment":[{"href":"https:\/\/reterr.it\/index.php?rest_route=%2Fwp%2Fv2%2Fmedia&parent=703"}],"wp:term":[{"taxonomy":"category","embeddable":true,"href":"https:\/\/reterr.it\/index.php?rest_route=%2Fwp%2Fv2%2Fcategories&post=703"},{"taxonomy":"post_tag","embeddable":true,"href":"https:\/\/reterr.it\/index.php?rest_route=%2Fwp%2Fv2%2Ftags&post=703"}],"curies":[{"name":"wp","href":"https:\/\/api.w.org\/{rel}","templated":true}]}}