{"id":708,"date":"2025-05-05T16:27:20","date_gmt":"2025-05-05T16:27:20","guid":{"rendered":"https:\/\/reterr.it\/?p=708"},"modified":"2025-11-28T15:29:14","modified_gmt":"2025-11-28T15:29:14","slug":"rete-di-quarrata-pt","status":"publish","type":"post","link":"https:\/\/reterr.it\/?p=708","title":{"rendered":"Rete di Quarrata (PT)"},"content":{"rendered":"\t\t<div data-elementor-type=\"wp-post\" data-elementor-id=\"708\" class=\"elementor elementor-708\">\n\t\t\t\t<div class=\"elementor-element elementor-element-577b421 e-flex e-con-boxed elementor-repeater-item-default_padding elementor-repeater-item-none elementor-repeater-item-none_hover e-con e-parent\" data-id=\"577b421\" data-element_type=\"container\" data-settings=\"{&quot;ang_container_spacing_size&quot;:&quot;default_padding&quot;}\">\n\t\t\t\t\t<div class=\"e-con-inner\">\n\t\t\t\t<div class=\"elementor-element elementor-element-19e74f1 elementor-repeater-item-shadow_2 elementor-repeater-item-none_hover elementor-widget elementor-widget-text-editor\" data-id=\"19e74f1\" data-element_type=\"widget\" data-widget_type=\"text-editor.default\">\n\t\t\t\t<div class=\"elementor-widget-container\">\n\t\t\t\t\t\t\t\t\t<p>Il gruppo di Quarrata si \u00e8 formato agli inizi degli anni 80 con un gruppo di amici e amiche che sollecitati da Antonio Vermigli ha iniziato a riunirsi e a condividere i principi della Rete, a sostenere i progetti con l\u2019autotassazione, a pensare in modo alternativo al concetto di solidariet\u00e0.<\/p><p>Fondamentale \u00e8 stata in quel periodo la relazione frequente con Ettore Masina e con Arturo Paoli con i quali si approfondivano temi di politica nazionale e internazionale e i principi della Teologia della Liberazione.<\/p><p>Nel corso degli anni sono stati ospiti del gruppo ed hanno portato il loro contributo testimoni provenienti dai paesi dove la Rete aveva intessuto rapporti di amicizia e collaborazione come il Brasile, l\u2019Argentina la Palestina ed altri. Con loro, sono stati organizzati sul territorio incontri pubblici di conoscenza delle loro attivit\u00e0 svolte. Fino alla costituzione della nuova redazione, il gruppo di Quarrata ha curato la pubblicazione e la diffusione del Notiziario della Rete Radi\u00e8 Resch.<\/p><p>Negli anni 90 lo stesso gruppo di amici e amiche, grazie alla decennale esperienza nella Rete e l\u2019approfondimento realizzato da vari anni con Arturo Paoli, hanno creato la Casa della Solidariet\u00e0, il luogo dove sperimentare un modo di vivere insieme con spazi di aggregazione e integrazione la realt\u00e0 sociale del posto.<\/p><p>La Casa della Solidariet\u00e0 \u00e8 anche la sede del gruppo RRR di Quarrata. Dal 1994 la Casa e la Rete organizzano la Marcia per la Giustizia che ogni anno sviluppa con vari ospiti ed invita a riflettere su temi come legalit\u00e0, diritti, beni comuni, politica, responsabilit\u00e0, pace ambiente.<\/p><p>\u00a0<\/p>\t\t\t\t\t\t\t\t<\/div>\n\t\t\t\t<\/div>\n\t\t\t\t<div class=\"elementor-element elementor-element-d0bd377 elementor-repeater-item-shadow_2 elementor-repeater-item-none_hover elementor-widget elementor-widget-text-editor\" data-id=\"d0bd377\" data-element_type=\"widget\" data-widget_type=\"text-editor.default\">\n\t\t\t\t<div class=\"elementor-widget-container\">\n\t\t\t\t\t\t\t\t\t<h3>Referenti Locali<\/h3><ul><li>Tommaso Vermigli<br \/>tommaso.vermigli@gmail.com<\/li><li>Mariella Borelli<br \/>mariellaborelli@gmail.com<\/li><li>\u00a0<i>Referente per progetti in Armenia<\/i><br \/>Mariateresa Bertoldi<br \/>mariateresa_1942@libero.it<\/li><li>\u00a0<i>Referente per progetti in Armenia<\/i><br \/>Tereza Sargsyan<br \/>tereza.khizan@gmail.com<\/li><\/ul>\t\t\t\t\t\t\t\t<\/div>\n\t\t\t\t<\/div>\n\t\t\t\t\t<\/div>\n\t\t\t\t<\/div>\n\t\t<div class=\"elementor-element elementor-element-cce6600 e-flex e-con-boxed elementor-repeater-item-default_padding elementor-repeater-item-none elementor-repeater-item-none_hover e-con e-parent\" data-id=\"cce6600\" data-element_type=\"container\" data-settings=\"{&quot;ang_container_spacing_size&quot;:&quot;default_padding&quot;}\">\n\t\t\t\t\t<div class=\"e-con-inner\">\n\t\t\t\t<div class=\"elementor-element elementor-element-a2016e4 wpr-grid-columns-3 wpr-grid-columns--tablet2 wpr-grid-columns--mobile1 wpr-grid-pagination-center wpr-item-styles-inner elementor-repeater-item-none elementor-repeater-item-none_hover elementor-widget elementor-widget-wpr-grid\" data-id=\"a2016e4\" data-element_type=\"widget\" data-widget_type=\"wpr-grid.default\">\n\t\t\t\t<div class=\"elementor-widget-container\">\n\t\t\t\t\t<ul class=\"wpr-grid-filters elementor-clearfix wpr-grid-filters-sep-right\"><li class=\" wpr-pointer-none wpr-pointer-line-fx wpr-pointer-fx-none\"><span  data-filter=\"*\" class=\"wpr-grid-filters-item wpr-active-filter \">Tutti i contenuti di questa Rete<\/span><em class=\"wpr-grid-filters-sep\"><\/em><\/li><ul data-parent=\".category-toscana\" class=\"wpr-sub-filters\"><li data-role=\"back\" class=\" wpr-pointer-none wpr-pointer-line-fx wpr-pointer-fx-none\"><span class=\"wpr-back-filter\"  data-ajax-filter=[\"category\",\"toscana\"]  data-filter=\".category-toscana\"><i class=\"fas fa-long-arrow-alt-left\"><\/i>&nbsp;&nbsp;Back<\/span><\/li><li data-role=\"sub\" class=\" wpr-pointer-none wpr-pointer-line-fx wpr-pointer-fx-none\"><span   data-ajax-filter=[\"category\",\"rete-quarrata\"]  data-filter=\".category-rete-quarrata\">Rete di Quarrata (PT)<\/span><em class=\"wpr-grid-filters-sep\"><\/em><\/li><li data-role=\"sub\" class=\" wpr-pointer-none wpr-pointer-line-fx wpr-pointer-fx-none\"><span   data-ajax-filter=[\"category\",\"rete-pisa-viareggio\"]  data-filter=\".category-rete-pisa-viareggio\">Rete di Pisa-Viareggio<\/span><em class=\"wpr-grid-filters-sep\"><\/em><\/li><\/ul><\/ul><section class=\"wpr-grid elementor-clearfix\" data-settings=\"{&quot;layout&quot;:&quot;fitRows&quot;,&quot;stick_last_element_to_bottom&quot;:&quot;&quot;,&quot;columns_desktop&quot;:3,&quot;gutter_hr&quot;:15,&quot;gutter_hr_mobile&quot;:15,&quot;gutter_hr_mobile_extra&quot;:15,&quot;gutter_hr_tablet&quot;:15,&quot;gutter_hr_tablet_extra&quot;:15,&quot;gutter_hr_laptop&quot;:15,&quot;gutter_hr_widescreen&quot;:15,&quot;gutter_vr&quot;:15,&quot;gutter_vr_mobile&quot;:15,&quot;gutter_vr_mobile_extra&quot;:15,&quot;gutter_vr_tablet&quot;:15,&quot;gutter_vr_tablet_extra&quot;:15,&quot;gutter_vr_laptop&quot;:15,&quot;gutter_vr_widescreen&quot;:15,&quot;animation&quot;:&quot;default&quot;,&quot;animation_duration&quot;:0.3,&quot;animation_delay&quot;:0.1,&quot;deeplinking&quot;:&quot;&quot;,&quot;filters_linkable&quot;:&quot;no&quot;,&quot;filters_default_filter&quot;:&quot;&quot;,&quot;filters_count&quot;:&quot;&quot;,&quot;filters_hide_empty&quot;:&quot;no&quot;,&quot;filters_animation&quot;:&quot;default&quot;,&quot;filters_animation_duration&quot;:0.3,&quot;filters_animation_delay&quot;:0.1,&quot;pagination_type&quot;:&quot;load-more&quot;,&quot;pagination_max_pages&quot;:1,&quot;lightbox&quot;:{&quot;selector&quot;:&quot;.wpr-grid-image-wrap&quot;,&quot;iframeMaxWidth&quot;:&quot;60%&quot;,&quot;hash&quot;:false,&quot;autoplay&quot;:&quot;true&quot;,&quot;pause&quot;:5000,&quot;progressBar&quot;:&quot;true&quot;,&quot;counter&quot;:&quot;true&quot;,&quot;controls&quot;:&quot;true&quot;,&quot;getCaptionFromTitleOrAlt&quot;:&quot;true&quot;,&quot;thumbnail&quot;:&quot;&quot;,&quot;showThumbByDefault&quot;:&quot;&quot;,&quot;share&quot;:&quot;&quot;,&quot;zoom&quot;:&quot;true&quot;,&quot;fullScreen&quot;:&quot;true&quot;,&quot;download&quot;:&quot;true&quot;}}\"><article class=\"wpr-grid-item elementor-clearfix post-3453 post type-post status-publish format-standard has-post-thumbnail hentry category-operazioni category-rete-quarrata category-toscana\"><div class=\"wpr-grid-item-inner\"><div class=\"wpr-grid-media-wrap wpr-effect-size-medium \" data-overlay-link=\"yes\"><div class=\"wpr-grid-image-wrap\" data-src=\"https:\/\/reterr.it\/wp-content\/uploads\/2025\/10\/image2.jpeg\" data-img-on-hover=\"\"  data-src-secondary=\"\"><img decoding=\"async\" data-no-lazy=\"1\" src=\"https:\/\/reterr.it\/wp-content\/uploads\/2025\/10\/image2.jpeg\" alt=\"Corso di falegnameria c\/o Centro Educativo e di Consulenza &#8220;Khachmeruk&#8221;\" class=\"wpr-anim-timing-ease-default\"><\/div><div class=\"wpr-grid-media-hover wpr-animation-wrap\"><div class=\"wpr-grid-media-hover-bg  wpr-overlay-fade-in wpr-anim-size-large wpr-anim-timing-ease-default wpr-anim-transparency\" data-url=\"https:\/\/reterr.it\/?p=3453\"><\/div><\/div><\/div><div class=\"wpr-grid-item-below-content elementor-clearfix\"><h2 class=\"wpr-grid-item-title elementor-repeater-item-cfb6abe wpr-grid-item-display-block wpr-grid-item-align-center wpr-pointer-none wpr-pointer-line-fx wpr-pointer-fx-fade\"><div class=\"inner-block\"><a target=\"_self\"  href=\"https:\/\/reterr.it\/?p=3453\">Corso di falegnameria c\/o Centro Educativo e di Consulenza &#8220;Khachmeruk&#8221;<\/a><\/div><\/h2><div class=\"wpr-grid-item-separator elementor-repeater-item-f0c9fc4 wpr-grid-item-display-inline wpr-grid-item-align-left wpr-grid-sep-style-1\"><div class=\"inner-block\"><span><\/span><\/div><\/div><\/div><\/div><\/article><\/section>\t\t\t\t<\/div>\n\t\t\t\t<\/div>\n\t\t\t\t\t<\/div>\n\t\t\t\t<\/div>\n\t\t\t\t<\/div>\n\t\t","protected":false},"excerpt":{"rendered":"<p>Il gruppo di Quarrata si \u00e8 formato agli inizi degli anni 80 con un gruppo di amici e amiche che sollecitati da Antonio Vermigli ha iniziato a riunirsi e a condividere i principi della Rete, a sostenere i progetti con l\u2019autotassazione, a pensare in modo alternativo al concetto di solidariet\u00e0. Fondamentale \u00e8 stata in quel periodo la relazione frequente con Ettore Masina e con Arturo Paoli con i quali si approfondivano temi di politica nazionale e internazionale e i principi della Teologia della Liberazione. Nel corso degli anni sono stati ospiti del gruppo ed hanno portato il loro contributo testimoni provenienti dai paesi dove la Rete aveva intessuto rapporti di amicizia e collaborazione come il Brasile, l\u2019Argentina la Palestina ed altri. Con loro, sono stati organizzati sul territorio incontri pubblici di conoscenza delle loro attivit\u00e0 svolte. Fino alla costituzione della nuova redazione, il gruppo di Quarrata ha curato la pubblicazione e la diffusione del Notiziario della Rete Radi\u00e8 Resch. Negli anni 90 lo stesso gruppo di amici e amiche, grazie alla decennale esperienza nella Rete e l\u2019approfondimento realizzato da vari anni con Arturo Paoli, hanno creato la Casa della Solidariet\u00e0, il luogo dove sperimentare un modo di vivere insieme con spazi di aggregazione e integrazione la realt\u00e0 sociale del posto. La Casa della Solidariet\u00e0 \u00e8 anche la sede del gruppo RRR di Quarrata. Dal 1994 la Casa e la Rete organizzano la Marcia per la Giustizia che ogni anno sviluppa con vari ospiti ed invita a riflettere su temi come legalit\u00e0, diritti, beni comuni, politica, responsabilit\u00e0, pace ambiente. \u00a0 Referenti Locali Tommaso Vermiglitommaso.vermigli@gmail.com Mariella Borellimariellaborelli@gmail.com \u00a0Referente per progetti in ArmeniaMariateresa Bertoldimariateresa_1942@libero.it \u00a0Referente per progetti in ArmeniaTereza Sargsyantereza.khizan@gmail.com Tutti i contenuti di questa Rete &nbsp;&nbsp;Back Rete di Quarrata (PT) Rete di Pisa-Viareggio Corso di falegnameria c\/o Centro Educativo e di Consulenza &#8220;Khachmeruk&#8221;<\/p>\n","protected":false},"author":1,"featured_media":0,"comment_status":"closed","ping_status":"closed","sticky":false,"template":"","format":"standard","meta":{"footnotes":""},"categories":[31,30],"tags":[],"class_list":["post-708","post","type-post","status-publish","format-standard","hentry","category-rete-quarrata","category-toscana"],"_links":{"self":[{"href":"https:\/\/reterr.it\/index.php?rest_route=\/wp\/v2\/posts\/708","targetHints":{"allow":["GET"]}}],"collection":[{"href":"https:\/\/reterr.it\/index.php?rest_route=\/wp\/v2\/posts"}],"about":[{"href":"https:\/\/reterr.it\/index.php?rest_route=\/wp\/v2\/types\/post"}],"author":[{"embeddable":true,"href":"https:\/\/reterr.it\/index.php?rest_route=\/wp\/v2\/users\/1"}],"replies":[{"embeddable":true,"href":"https:\/\/reterr.it\/index.php?rest_route=%2Fwp%2Fv2%2Fcomments&post=708"}],"version-history":[{"count":28,"href":"https:\/\/reterr.it\/index.php?rest_route=\/wp\/v2\/posts\/708\/revisions"}],"predecessor-version":[{"id":4135,"href":"https:\/\/reterr.it\/index.php?rest_route=\/wp\/v2\/posts\/708\/revisions\/4135"}],"wp:attachment":[{"href":"https:\/\/reterr.it\/index.php?rest_route=%2Fwp%2Fv2%2Fmedia&parent=708"}],"wp:term":[{"taxonomy":"category","embeddable":true,"href":"https:\/\/reterr.it\/index.php?rest_route=%2Fwp%2Fv2%2Fcategories&post=708"},{"taxonomy":"post_tag","embeddable":true,"href":"https:\/\/reterr.it\/index.php?rest_route=%2Fwp%2Fv2%2Ftags&post=708"}],"curies":[{"name":"wp","href":"https:\/\/api.w.org\/{rel}","templated":true}]}}