{"id":727,"date":"2025-05-05T16:32:29","date_gmt":"2025-05-05T16:32:29","guid":{"rendered":"https:\/\/reterr.it\/?p=727"},"modified":"2025-11-28T15:30:01","modified_gmt":"2025-11-28T15:30:01","slug":"rete-di-trento","status":"publish","type":"post","link":"https:\/\/reterr.it\/?p=727","title":{"rendered":"Rete di Trento"},"content":{"rendered":"\t\t<div data-elementor-type=\"wp-post\" data-elementor-id=\"727\" class=\"elementor elementor-727\">\n\t\t\t\t<div class=\"elementor-element elementor-element-577b421 e-flex e-con-boxed elementor-repeater-item-default_padding elementor-repeater-item-none elementor-repeater-item-none_hover e-con e-parent\" data-id=\"577b421\" data-element_type=\"container\" data-settings=\"{&quot;ang_container_spacing_size&quot;:&quot;default_padding&quot;}\">\n\t\t\t\t\t<div class=\"e-con-inner\">\n\t\t\t\t<div class=\"elementor-element elementor-element-19e74f1 elementor-repeater-item-shadow_2 elementor-repeater-item-none_hover elementor-widget elementor-widget-text-editor\" data-id=\"19e74f1\" data-element_type=\"widget\" data-widget_type=\"text-editor.default\">\n\t\t\t\t<div class=\"elementor-widget-container\">\n\t\t\t\t\t\t\t\t\t<p>La Rete di Trento, che noi preferiamo chiamare Rete Trentina, perch\u00e9 vi fanno parte molte persone della provincia di Trento, \u00e8 nata nel 1982. Gi\u00e0 prima di questa data, per\u00f2, Carla Grandi di Trento faceva parte della Rete nazionale, avendo conosciuto Ettore Masina e i fondatori della Rete.<\/p><p>In seguito a una conferenza di Masina a Trento, \u00e8 nata tra alcuni partecipanti l\u2019idea di costituire anche in Trentino una rete locale. Per lanciare l\u2019iniziativa, si \u00e8 fatto riferimento a un vasto gruppo di persone legate da rapporti di amicizia e variamente impegnate in campo sociale, politico e culturale, non solo della citt\u00e0 di Trento ma anche di Rovereto e di molte altre localit\u00e0 della provincia.<\/p><p>Inizialmente si sono presi contatti con le reti pi\u00f9 vicine, come quelle di Verona e di Vittorio Veneto. Si \u00e8 cominciato ad utilizzare le loro circolari locali, assieme a quelle nazionali di Masina, inviandole a un indirizzario di oltre cento persone. Nel corso degli oltre 40 anni di vita della Rete trentina, alcuni di questi amici si sono persi, mentre altri sono subentrati. Le persone che ogni mese vengono raggiunte dalle circolari della Rete sono tuttora un centinaio. Non tutte partecipano alla vita della Rete e non tutte sono impegnate nell\u2019autotassazione, ma tutte hanno chiesto espressamente di ricevere le circolari e di essere tenute informate sulle varie iniziative. Nell\u2019indirizzario ci sono anche nomi di persone di altre associazioni e gruppi che collaborano o hanno collaborato con la Rete. L\u2019autotassazione riguarda un numero variabile fra 30 e 40 persone.<\/p><p>La Rete trentina non ha un solo referente (quelli ufficiali sono Carla Grandi e Fulvio Gardumi), ma un gruppo formato da 12 persone, che si riuniscono periodicamente, discutono dei vari temi legati all\u2019attivit\u00e0 della Rete nazionale, programmano l\u2019attivit\u00e0 e organizzano incontri e iniziative. La Rete Trentina collabora anche con molte altre associazioni e gruppi impegnati sui temi della solidariet\u00e0, della pace, della giustizia, dell\u2019accoglienza, dei diritti umani. Fa anche parte di un ente istituito dal Consiglio della Provincia autonoma di Trento, denominato Forum per la Pace e i diritti umani, al quale aderiscono un\u2019ottantina di associazioni, istituzioni, enti pubblici e privati. Qualche anno fa la Rete Trentina \u00e8 stata tra i fondatori di FaRete, coordinamento di oltre 50 organizzazioni trentine di cooperazione e solidariet\u00e0 internazionale.<\/p><p>La prima operazione seguita dalla Rete Trentina \u00e8 stata in Guatemala, all\u2019epoca della dittatura di Rios Montt, per sostenere le donne che, come forma di resistenza, realizzavano i tessuti tradizionali indigeni contro il divieto del governo, che voleva estirpare la cultura indigena e \u201coccidentalizzare\u201d il Paese.<\/p><p>Successivamente la Rete Trentina ha sostenuto per quasi trent\u2019anni l\u2019operazione Pastorale Operaia di San Paolo in Brasile, di cui era referente Frei Betto, e alla quale faceva riferimento anche il Partito di Lula.<\/p><p>Negli ultimi 10 anni la Rete Trentina ha avviato un\u2019operazione di sostegno a un gruppo di immigrati africani e pakistani, e li ha aiutati a inserirsi e a trovare un\u2019abitazione, una formazione e un lavoro. Nel 2023 \u00e8 partita una nuova operazione: Sostegno al Frente Antiminero di Pacto (Ecuador), che si batte contro lo sfruttamento minerario in una riserva ambientale.\u00a0<\/p><p>In questi oltre 40 anni di vita, la Rete Trentina ha organizzato numerosi incontri con molti testimoni del Sud del Mondo di passaggio in Italia.<\/p><p>\u00a0<\/p>\t\t\t\t\t\t\t\t<\/div>\n\t\t\t\t<\/div>\n\t\t\t\t<div class=\"elementor-element elementor-element-c3965ce elementor-repeater-item-shadow_2 elementor-repeater-item-none_hover elementor-widget elementor-widget-text-editor\" data-id=\"c3965ce\" data-element_type=\"widget\" data-widget_type=\"text-editor.default\">\n\t\t\t\t<div class=\"elementor-widget-container\">\n\t\t\t\t\t\t\t\t\t<h3>Referenti Locali<\/h3><ul><li>Fulvio Gardumi <br \/>fulvio.gardumi@gmail.com<\/li><\/ul>\t\t\t\t\t\t\t\t<\/div>\n\t\t\t\t<\/div>\n\t\t\t\t\t<\/div>\n\t\t\t\t<\/div>\n\t\t<div class=\"elementor-element elementor-element-cce6600 e-flex e-con-boxed elementor-repeater-item-default_padding elementor-repeater-item-none elementor-repeater-item-none_hover e-con e-parent\" data-id=\"cce6600\" data-element_type=\"container\" data-settings=\"{&quot;ang_container_spacing_size&quot;:&quot;default_padding&quot;}\">\n\t\t\t\t\t<div class=\"e-con-inner\">\n\t\t\t\t<div class=\"elementor-element elementor-element-a2016e4 wpr-grid-columns-3 wpr-grid-columns--tablet2 wpr-grid-columns--mobile1 wpr-grid-pagination-center wpr-item-styles-inner elementor-repeater-item-none elementor-repeater-item-none_hover elementor-widget elementor-widget-wpr-grid\" data-id=\"a2016e4\" data-element_type=\"widget\" data-widget_type=\"wpr-grid.default\">\n\t\t\t\t<div class=\"elementor-widget-container\">\n\t\t\t\t\t<ul class=\"wpr-grid-filters elementor-clearfix wpr-grid-filters-sep-right\"><li class=\" wpr-pointer-none wpr-pointer-line-fx wpr-pointer-fx-none\"><span  data-filter=\"*\" class=\"wpr-grid-filters-item wpr-active-filter \">Tutti i contenuti di questa Rete<\/span><em class=\"wpr-grid-filters-sep\"><\/em><\/li><ul data-parent=\".category-reti-locali\" class=\"wpr-sub-filters\"><li data-role=\"back\" class=\" wpr-pointer-none wpr-pointer-line-fx wpr-pointer-fx-none\"><span class=\"wpr-back-filter\"  data-ajax-filter=[\"category\",\"reti-locali\"]  data-filter=\".category-reti-locali\"><i class=\"fas fa-long-arrow-alt-left\"><\/i>&nbsp;&nbsp;Back<\/span><\/li><li data-role=\"sub\" class=\" wpr-pointer-none wpr-pointer-line-fx wpr-pointer-fx-none\"><span   data-ajax-filter=[\"category\",\"lombardia\"]  data-filter=\".category-lombardia\">Lombardia<\/span><em class=\"wpr-grid-filters-sep\"><\/em><\/li><li data-role=\"sub\" class=\" wpr-pointer-none wpr-pointer-line-fx wpr-pointer-fx-none\"><span   data-ajax-filter=[\"category\",\"liguria\"]  data-filter=\".category-liguria\">Liguria<\/span><em class=\"wpr-grid-filters-sep\"><\/em><\/li><li data-role=\"sub\" class=\" wpr-pointer-none wpr-pointer-line-fx wpr-pointer-fx-none\"><span   data-ajax-filter=[\"category\",\"piemonte\"]  data-filter=\".category-piemonte\">Piemonte<\/span><em class=\"wpr-grid-filters-sep\"><\/em><\/li><li data-role=\"sub\" class=\" wpr-pointer-none wpr-pointer-line-fx wpr-pointer-fx-none\"><span   data-ajax-filter=[\"category\",\"friuli-venezia-giulia\"]  data-filter=\".category-friuli-venezia-giulia\">Friuli Venezia Giulia<\/span><em class=\"wpr-grid-filters-sep\"><\/em><\/li><li data-role=\"sub\" class=\" wpr-pointer-none wpr-pointer-line-fx wpr-pointer-fx-none\"><span   data-ajax-filter=[\"category\",\"sardegna\"]  data-filter=\".category-sardegna\">Sardegna<\/span><em class=\"wpr-grid-filters-sep\"><\/em><\/li><li data-role=\"sub\" class=\" wpr-pointer-none wpr-pointer-line-fx wpr-pointer-fx-none\"><span   data-ajax-filter=[\"category\",\"trentino-alto-adige\"]  data-filter=\".category-trentino-alto-adige\">Trentino Alto Adige<\/span><em class=\"wpr-grid-filters-sep\"><\/em><\/li><li data-role=\"sub\" class=\" wpr-pointer-none wpr-pointer-line-fx wpr-pointer-fx-none\"><span   data-ajax-filter=[\"category\",\"toscana\"]  data-filter=\".category-toscana\">Toscana<\/span><em class=\"wpr-grid-filters-sep\"><\/em><\/li><li data-role=\"sub\" class=\" wpr-pointer-none wpr-pointer-line-fx wpr-pointer-fx-none\"><span   data-ajax-filter=[\"category\",\"abruzzo\"]  data-filter=\".category-abruzzo\">Abruzzo<\/span><em class=\"wpr-grid-filters-sep\"><\/em><\/li><li data-role=\"sub\" class=\" wpr-pointer-none wpr-pointer-line-fx wpr-pointer-fx-none\"><span   data-ajax-filter=[\"category\",\"campania\"]  data-filter=\".category-campania\">Campania<\/span><em class=\"wpr-grid-filters-sep\"><\/em><\/li><li data-role=\"sub\" class=\" wpr-pointer-none wpr-pointer-line-fx wpr-pointer-fx-none\"><span   data-ajax-filter=[\"category\",\"veneto\"]  data-filter=\".category-veneto\">Veneto<\/span><em class=\"wpr-grid-filters-sep\"><\/em><\/li><li data-role=\"sub\" class=\" wpr-pointer-none wpr-pointer-line-fx wpr-pointer-fx-none\"><span   data-ajax-filter=[\"category\",\"lazio\"]  data-filter=\".category-lazio\">Lazio<\/span><em class=\"wpr-grid-filters-sep\"><\/em><\/li><li data-role=\"sub\" class=\" wpr-pointer-none wpr-pointer-line-fx wpr-pointer-fx-none\"><span   data-ajax-filter=[\"category\",\"emilia-romagna\"]  data-filter=\".category-emilia-romagna\">Emilia Romagna<\/span><em class=\"wpr-grid-filters-sep\"><\/em><\/li><li data-role=\"sub\" class=\" wpr-pointer-none wpr-pointer-line-fx wpr-pointer-fx-none\"><span   data-ajax-filter=[\"category\",\"sicilia\"]  data-filter=\".category-sicilia\">Sicilia<\/span><em class=\"wpr-grid-filters-sep\"><\/em><\/li><li data-role=\"sub\" class=\" wpr-pointer-none wpr-pointer-line-fx wpr-pointer-fx-none\"><span   data-ajax-filter=[\"category\",\"san-marino\"]  data-filter=\".category-san-marino\">San Marino<\/span><em class=\"wpr-grid-filters-sep\"><\/em><\/li><li data-role=\"sub\" class=\" wpr-pointer-none wpr-pointer-line-fx wpr-pointer-fx-none\"><span   data-ajax-filter=[\"category\",\"rete-milano\"]  data-filter=\".category-rete-milano\">Rete di Milano<\/span><em class=\"wpr-grid-filters-sep\"><\/em><\/li><li data-role=\"sub\" class=\" wpr-pointer-none wpr-pointer-line-fx wpr-pointer-fx-none\"><span   data-ajax-filter=[\"category\",\"rete-lecco\"]  data-filter=\".category-rete-lecco\">Rete di Lecco<\/span><em class=\"wpr-grid-filters-sep\"><\/em><\/li><li data-role=\"sub\" class=\" wpr-pointer-none wpr-pointer-line-fx wpr-pointer-fx-none\"><span   data-ajax-filter=[\"category\",\"rete-varese\"]  data-filter=\".category-rete-varese\">Rete di Varese<\/span><em class=\"wpr-grid-filters-sep\"><\/em><\/li><li data-role=\"sub\" class=\" wpr-pointer-none wpr-pointer-line-fx wpr-pointer-fx-none\"><span   data-ajax-filter=[\"category\",\"rete-nembro\"]  data-filter=\".category-rete-nembro\">Rete di Nembro (BG)<\/span><em class=\"wpr-grid-filters-sep\"><\/em><\/li><li data-role=\"sub\" class=\" wpr-pointer-none wpr-pointer-line-fx wpr-pointer-fx-none\"><span   data-ajax-filter=[\"category\",\"rete-brescia\"]  data-filter=\".category-rete-brescia\">Rete di Brescia<\/span><em class=\"wpr-grid-filters-sep\"><\/em><\/li><li data-role=\"sub\" class=\" wpr-pointer-none wpr-pointer-line-fx wpr-pointer-fx-none\"><span   data-ajax-filter=[\"category\",\"rete-saronno\"]  data-filter=\".category-rete-saronno\">Rete di Saronno<\/span><em class=\"wpr-grid-filters-sep\"><\/em><\/li><li data-role=\"sub\" class=\" wpr-pointer-none wpr-pointer-line-fx wpr-pointer-fx-none\"><span   data-ajax-filter=[\"category\",\"rete-quiliano\"]  data-filter=\".category-rete-quiliano\">Rete di Quiliano (SV)<\/span><em class=\"wpr-grid-filters-sep\"><\/em><\/li><li data-role=\"sub\" class=\" wpr-pointer-none wpr-pointer-line-fx wpr-pointer-fx-none\"><span   data-ajax-filter=[\"category\",\"celle-ligure\"]  data-filter=\".category-celle-ligure\">Rete di Celle Ligure (SV)<\/span><em class=\"wpr-grid-filters-sep\"><\/em><\/li><li data-role=\"sub\" class=\" wpr-pointer-none wpr-pointer-line-fx wpr-pointer-fx-none\"><span   data-ajax-filter=[\"category\",\"rete-genova\"]  data-filter=\".category-rete-genova\">Rete di Genova<\/span><em class=\"wpr-grid-filters-sep\"><\/em><\/li><li data-role=\"sub\" class=\" wpr-pointer-none wpr-pointer-line-fx wpr-pointer-fx-none\"><span   data-ajax-filter=[\"category\",\"rete-torino\"]  data-filter=\".category-rete-torino\">Rete di Torino<\/span><em class=\"wpr-grid-filters-sep\"><\/em><\/li><li data-role=\"sub\" class=\" wpr-pointer-none wpr-pointer-line-fx wpr-pointer-fx-none\"><span   data-ajax-filter=[\"category\",\"rete-casale\"]  data-filter=\".category-rete-casale\">Rete di Casale Monferrato (AL)<\/span><em class=\"wpr-grid-filters-sep\"><\/em><\/li><li data-role=\"sub\" class=\" wpr-pointer-none wpr-pointer-line-fx wpr-pointer-fx-none\"><span   data-ajax-filter=[\"category\",\"rete-di-udine\"]  data-filter=\".category-rete-di-udine\">Rete di Udine<\/span><em class=\"wpr-grid-filters-sep\"><\/em><\/li><li data-role=\"sub\" class=\" wpr-pointer-none wpr-pointer-line-fx wpr-pointer-fx-none\"><span   data-ajax-filter=[\"category\",\"rete-cagliari\"]  data-filter=\".category-rete-cagliari\">Rete di Cagliari<\/span><em class=\"wpr-grid-filters-sep\"><\/em><\/li><li data-role=\"sub\" class=\" wpr-pointer-none wpr-pointer-line-fx wpr-pointer-fx-none\"><span   data-ajax-filter=[\"category\",\"rete-trento\"]  data-filter=\".category-rete-trento\">Rete di Trento<\/span><em class=\"wpr-grid-filters-sep\"><\/em><\/li><li data-role=\"sub\" class=\" wpr-pointer-none wpr-pointer-line-fx wpr-pointer-fx-none\"><span   data-ajax-filter=[\"category\",\"rete-quarrata\"]  data-filter=\".category-rete-quarrata\">Rete di Quarrata (PT)<\/span><em class=\"wpr-grid-filters-sep\"><\/em><\/li><li data-role=\"sub\" class=\" wpr-pointer-none wpr-pointer-line-fx wpr-pointer-fx-none\"><span   data-ajax-filter=[\"category\",\"rete-pisa-viareggio\"]  data-filter=\".category-rete-pisa-viareggio\">Rete di Pisa-Viareggio<\/span><em class=\"wpr-grid-filters-sep\"><\/em><\/li><li data-role=\"sub\" class=\" wpr-pointer-none wpr-pointer-line-fx wpr-pointer-fx-none\"><span   data-ajax-filter=[\"category\",\"rete-di-pescara\"]  data-filter=\".category-rete-di-pescara\">Rete di Pescara<\/span><em class=\"wpr-grid-filters-sep\"><\/em><\/li><li data-role=\"sub\" class=\" wpr-pointer-none wpr-pointer-line-fx wpr-pointer-fx-none\"><span   data-ajax-filter=[\"category\",\"rete-di-salerno\"]  data-filter=\".category-rete-di-salerno\">Rete di Salerno<\/span><em class=\"wpr-grid-filters-sep\"><\/em><\/li><li data-role=\"sub\" class=\" wpr-pointer-none wpr-pointer-line-fx wpr-pointer-fx-none\"><span   data-ajax-filter=[\"category\",\"rete-di-napoli\"]  data-filter=\".category-rete-di-napoli\">Rete di Napoli<\/span><em class=\"wpr-grid-filters-sep\"><\/em><\/li><li data-role=\"sub\" class=\" wpr-pointer-none wpr-pointer-line-fx wpr-pointer-fx-none\"><span   data-ajax-filter=[\"category\",\"rete-treviso\"]  data-filter=\".category-rete-treviso\">Rete di Treviso<\/span><em class=\"wpr-grid-filters-sep\"><\/em><\/li><li data-role=\"sub\" class=\" wpr-pointer-none wpr-pointer-line-fx wpr-pointer-fx-none\"><span   data-ajax-filter=[\"category\",\"rete-lancenigo\"]  data-filter=\".category-rete-lancenigo\">Rete di Lancenigo-Maserada-Spresiano (TV)<\/span><em class=\"wpr-grid-filters-sep\"><\/em><\/li><li data-role=\"sub\" class=\" wpr-pointer-none wpr-pointer-line-fx wpr-pointer-fx-none\"><span   data-ajax-filter=[\"category\",\"rete-mogliano\"]  data-filter=\".category-rete-mogliano\">Rete di Mogliano Veneto (TV)<\/span><em class=\"wpr-grid-filters-sep\"><\/em><\/li><li data-role=\"sub\" class=\" wpr-pointer-none wpr-pointer-line-fx wpr-pointer-fx-none\"><span   data-ajax-filter=[\"category\",\"rete-castelfranco\"]  data-filter=\".category-rete-castelfranco\">Rete di Castelfranco Veneto (TV)<\/span><em class=\"wpr-grid-filters-sep\"><\/em><\/li><li data-role=\"sub\" class=\" wpr-pointer-none wpr-pointer-line-fx wpr-pointer-fx-none\"><span   data-ajax-filter=[\"category\",\"rete-padova\"]  data-filter=\".category-rete-padova\">Rete di Padova<\/span><em class=\"wpr-grid-filters-sep\"><\/em><\/li><li data-role=\"sub\" class=\" wpr-pointer-none wpr-pointer-line-fx wpr-pointer-fx-none\"><span   data-ajax-filter=[\"category\",\"rete-verona\"]  data-filter=\".category-rete-verona\">Rete di Verona<\/span><em class=\"wpr-grid-filters-sep\"><\/em><\/li><li data-role=\"sub\" class=\" wpr-pointer-none wpr-pointer-line-fx wpr-pointer-fx-none\"><span   data-ajax-filter=[\"category\",\"rete-di-roma\"]  data-filter=\".category-rete-di-roma\">Rete di Roma<\/span><em class=\"wpr-grid-filters-sep\"><\/em><\/li><li data-role=\"sub\" class=\" wpr-pointer-none wpr-pointer-line-fx wpr-pointer-fx-none\"><span   data-ajax-filter=[\"category\",\"rete-di-piacenza\"]  data-filter=\".category-rete-di-piacenza\">Rete di Piacenza<\/span><em class=\"wpr-grid-filters-sep\"><\/em><\/li><li data-role=\"sub\" class=\" wpr-pointer-none wpr-pointer-line-fx wpr-pointer-fx-none\"><span   data-ajax-filter=[\"category\",\"rete-noto-pozzallo-avola\"]  data-filter=\".category-rete-noto-pozzallo-avola\">Rete di Noto-Pozzallo-Avola<\/span><em class=\"wpr-grid-filters-sep\"><\/em><\/li><li data-role=\"sub\" class=\" wpr-pointer-none wpr-pointer-line-fx wpr-pointer-fx-none\"><span   data-ajax-filter=[\"category\",\"rete-san-marino\"]  data-filter=\".category-rete-san-marino\">Rete di San Marino<\/span><em class=\"wpr-grid-filters-sep\"><\/em><\/li><\/ul><ul data-parent=\".category-trentino-alto-adige\" class=\"wpr-sub-filters\"><li data-role=\"back\" class=\" wpr-pointer-none wpr-pointer-line-fx wpr-pointer-fx-none\"><span class=\"wpr-back-filter\"  data-ajax-filter=[\"category\",\"trentino-alto-adige\"]  data-filter=\".category-trentino-alto-adige\"><i class=\"fas fa-long-arrow-alt-left\"><\/i>&nbsp;&nbsp;Back<\/span><\/li><li data-role=\"sub\" class=\" wpr-pointer-none wpr-pointer-line-fx wpr-pointer-fx-none\"><span   data-ajax-filter=[\"category\",\"rete-trento\"]  data-filter=\".category-rete-trento\">Rete di Trento<\/span><em class=\"wpr-grid-filters-sep\"><\/em><\/li><\/ul><\/ul><section class=\"wpr-grid elementor-clearfix\" data-settings=\"{&quot;layout&quot;:&quot;fitRows&quot;,&quot;stick_last_element_to_bottom&quot;:&quot;&quot;,&quot;columns_desktop&quot;:3,&quot;gutter_hr&quot;:15,&quot;gutter_hr_mobile&quot;:15,&quot;gutter_hr_mobile_extra&quot;:15,&quot;gutter_hr_tablet&quot;:15,&quot;gutter_hr_tablet_extra&quot;:15,&quot;gutter_hr_laptop&quot;:15,&quot;gutter_hr_widescreen&quot;:15,&quot;gutter_vr&quot;:15,&quot;gutter_vr_mobile&quot;:15,&quot;gutter_vr_mobile_extra&quot;:15,&quot;gutter_vr_tablet&quot;:15,&quot;gutter_vr_tablet_extra&quot;:15,&quot;gutter_vr_laptop&quot;:15,&quot;gutter_vr_widescreen&quot;:15,&quot;animation&quot;:&quot;default&quot;,&quot;animation_duration&quot;:0.3,&quot;animation_delay&quot;:0.1,&quot;deeplinking&quot;:&quot;&quot;,&quot;filters_linkable&quot;:&quot;no&quot;,&quot;filters_default_filter&quot;:&quot;&quot;,&quot;filters_count&quot;:&quot;&quot;,&quot;filters_hide_empty&quot;:&quot;no&quot;,&quot;filters_animation&quot;:&quot;default&quot;,&quot;filters_animation_duration&quot;:0.3,&quot;filters_animation_delay&quot;:0.1,&quot;pagination_type&quot;:&quot;load-more&quot;,&quot;pagination_max_pages&quot;:1,&quot;lightbox&quot;:{&quot;selector&quot;:&quot;.wpr-grid-image-wrap&quot;,&quot;iframeMaxWidth&quot;:&quot;60%&quot;,&quot;hash&quot;:false,&quot;autoplay&quot;:&quot;true&quot;,&quot;pause&quot;:5000,&quot;progressBar&quot;:&quot;true&quot;,&quot;counter&quot;:&quot;true&quot;,&quot;controls&quot;:&quot;true&quot;,&quot;getCaptionFromTitleOrAlt&quot;:&quot;true&quot;,&quot;thumbnail&quot;:&quot;&quot;,&quot;showThumbByDefault&quot;:&quot;&quot;,&quot;share&quot;:&quot;&quot;,&quot;zoom&quot;:&quot;true&quot;,&quot;fullScreen&quot;:&quot;true&quot;,&quot;download&quot;:&quot;true&quot;}}\"><article class=\"wpr-grid-item elementor-clearfix post-3605 post type-post status-publish format-standard has-post-thumbnail hentry category-operazioni category-rete-trento category-trentino-alto-adige\"><div class=\"wpr-grid-item-inner\"><div class=\"wpr-grid-media-wrap wpr-effect-size-medium \" data-overlay-link=\"yes\"><div class=\"wpr-grid-image-wrap\" data-src=\"https:\/\/reterr.it\/wp-content\/uploads\/2025\/11\/foto-operazione-Frente-Antiminero3.jpg\" data-img-on-hover=\"\"  data-src-secondary=\"\"><img decoding=\"async\" data-no-lazy=\"1\" src=\"https:\/\/reterr.it\/wp-content\/uploads\/2025\/11\/foto-operazione-Frente-Antiminero3.jpg\" alt=\"Pacto, Ecuador &#8211; Sostegno al Frente Antiminero di Pacto\" class=\"wpr-anim-timing-ease-default\"><\/div><div class=\"wpr-grid-media-hover wpr-animation-wrap\"><div class=\"wpr-grid-media-hover-bg  wpr-overlay-fade-in wpr-anim-size-large wpr-anim-timing-ease-default wpr-anim-transparency\" data-url=\"https:\/\/reterr.it\/?p=3605\"><\/div><\/div><\/div><div class=\"wpr-grid-item-below-content elementor-clearfix\"><h2 class=\"wpr-grid-item-title elementor-repeater-item-cfb6abe wpr-grid-item-display-block wpr-grid-item-align-center wpr-pointer-none wpr-pointer-line-fx wpr-pointer-fx-fade\"><div class=\"inner-block\"><a target=\"_self\"  href=\"https:\/\/reterr.it\/?p=3605\">Pacto, Ecuador &#8211; Sostegno al Frente Antiminero di Pacto<\/a><\/div><\/h2><div class=\"wpr-grid-item-separator elementor-repeater-item-f0c9fc4 wpr-grid-item-display-inline wpr-grid-item-align-left wpr-grid-sep-style-1\"><div class=\"inner-block\"><span><\/span><\/div><\/div><\/div><\/div><\/article><\/section>\t\t\t\t<\/div>\n\t\t\t\t<\/div>\n\t\t\t\t\t<\/div>\n\t\t\t\t<\/div>\n\t\t\t\t<\/div>\n\t\t","protected":false},"excerpt":{"rendered":"<p>La Rete di Trento, che noi preferiamo chiamare Rete Trentina, perch\u00e9 vi fanno parte molte persone della provincia di Trento, \u00e8 nata nel 1982. Gi\u00e0 prima di questa data, per\u00f2, Carla Grandi di Trento faceva parte della Rete nazionale, avendo conosciuto Ettore Masina e i fondatori della Rete. In seguito a una conferenza di Masina a Trento, \u00e8 nata tra alcuni partecipanti l\u2019idea di costituire anche in Trentino una rete locale. Per lanciare l\u2019iniziativa, si \u00e8 fatto riferimento a un vasto gruppo di persone legate da rapporti di amicizia e variamente impegnate in campo sociale, politico e culturale, non solo della citt\u00e0 di Trento ma anche di Rovereto e di molte altre localit\u00e0 della provincia. Inizialmente si sono presi contatti con le reti pi\u00f9 vicine, come quelle di Verona e di Vittorio Veneto. Si \u00e8 cominciato ad utilizzare le loro circolari locali, assieme a quelle nazionali di Masina, inviandole a un indirizzario di oltre cento persone. Nel corso degli oltre 40 anni di vita della Rete trentina, alcuni di questi amici si sono persi, mentre altri sono subentrati. Le persone che ogni mese vengono raggiunte dalle circolari della Rete sono tuttora un centinaio. Non tutte partecipano alla vita della Rete e non tutte sono impegnate nell\u2019autotassazione, ma tutte hanno chiesto espressamente di ricevere le circolari e di essere tenute informate sulle varie iniziative. Nell\u2019indirizzario ci sono anche nomi di persone di altre associazioni e gruppi che collaborano o hanno collaborato con la Rete. L\u2019autotassazione riguarda un numero variabile fra 30 e 40 persone. La Rete trentina non ha un solo referente (quelli ufficiali sono Carla Grandi e Fulvio Gardumi), ma un gruppo formato da 12 persone, che si riuniscono periodicamente, discutono dei vari temi legati all\u2019attivit\u00e0 della Rete nazionale, programmano l\u2019attivit\u00e0 e organizzano incontri e iniziative. La Rete Trentina collabora anche con molte altre associazioni e gruppi impegnati sui temi della solidariet\u00e0, della pace, della giustizia, dell\u2019accoglienza, dei diritti umani. Fa anche parte di un ente istituito dal Consiglio della Provincia autonoma di Trento, denominato Forum per la Pace e i diritti umani, al quale aderiscono un\u2019ottantina di associazioni, istituzioni, enti pubblici e privati. Qualche anno fa la Rete Trentina \u00e8 stata tra i fondatori di FaRete, coordinamento di oltre 50 organizzazioni trentine di cooperazione e solidariet\u00e0 internazionale. La prima operazione seguita dalla Rete Trentina \u00e8 stata in Guatemala, all\u2019epoca della dittatura di Rios Montt, per sostenere le donne che, come forma di resistenza, realizzavano i tessuti tradizionali indigeni contro il divieto del governo, che voleva estirpare la cultura indigena e \u201coccidentalizzare\u201d il Paese. Successivamente la Rete Trentina ha sostenuto per quasi trent\u2019anni l\u2019operazione Pastorale Operaia di San Paolo in Brasile, di cui era referente Frei Betto, e alla quale faceva riferimento anche il Partito di Lula. Negli ultimi 10 anni la Rete Trentina ha avviato un\u2019operazione di sostegno a un gruppo di immigrati africani e pakistani, e li ha aiutati a inserirsi e a trovare un\u2019abitazione, una formazione e un lavoro. Nel 2023 \u00e8 partita una nuova operazione: Sostegno al Frente Antiminero di Pacto (Ecuador), che si batte contro lo sfruttamento minerario in una riserva ambientale.\u00a0 In questi oltre 40 anni di vita, la Rete Trentina ha organizzato numerosi incontri con molti testimoni del Sud del Mondo di passaggio in Italia. \u00a0 Referenti Locali Fulvio Gardumi fulvio.gardumi@gmail.com Tutti i contenuti di questa Rete &nbsp;&nbsp;Back Lombardia Liguria Piemonte Friuli Venezia Giulia Sardegna Trentino Alto Adige Toscana Abruzzo Campania Veneto Lazio Emilia Romagna Sicilia San Marino Rete di Milano Rete di Lecco Rete di Varese Rete di Nembro (BG) Rete di Brescia Rete di Saronno Rete di Quiliano (SV) Rete di Celle Ligure (SV) Rete di Genova Rete di Torino Rete di Casale Monferrato (AL) Rete di Udine Rete di Cagliari Rete di Trento Rete di Quarrata (PT) Rete di Pisa-Viareggio Rete di Pescara Rete di Salerno Rete di Napoli Rete di Treviso Rete di Lancenigo-Maserada-Spresiano (TV) Rete di Mogliano Veneto (TV) Rete di Castelfranco Veneto (TV) Rete di Padova Rete di Verona Rete di Roma Rete di Piacenza Rete di Noto-Pozzallo-Avola Rete di San Marino &nbsp;&nbsp;Back Rete di Trento Pacto, Ecuador &#8211; Sostegno al Frente Antiminero di Pacto<\/p>\n","protected":false},"author":1,"featured_media":0,"comment_status":"closed","ping_status":"closed","sticky":false,"template":"","format":"standard","meta":{"footnotes":""},"categories":[29,28],"tags":[],"class_list":["post-727","post","type-post","status-publish","format-standard","hentry","category-rete-trento","category-trentino-alto-adige"],"_links":{"self":[{"href":"https:\/\/reterr.it\/index.php?rest_route=\/wp\/v2\/posts\/727","targetHints":{"allow":["GET"]}}],"collection":[{"href":"https:\/\/reterr.it\/index.php?rest_route=\/wp\/v2\/posts"}],"about":[{"href":"https:\/\/reterr.it\/index.php?rest_route=\/wp\/v2\/types\/post"}],"author":[{"embeddable":true,"href":"https:\/\/reterr.it\/index.php?rest_route=\/wp\/v2\/users\/1"}],"replies":[{"embeddable":true,"href":"https:\/\/reterr.it\/index.php?rest_route=%2Fwp%2Fv2%2Fcomments&post=727"}],"version-history":[{"count":25,"href":"https:\/\/reterr.it\/index.php?rest_route=\/wp\/v2\/posts\/727\/revisions"}],"predecessor-version":[{"id":4138,"href":"https:\/\/reterr.it\/index.php?rest_route=\/wp\/v2\/posts\/727\/revisions\/4138"}],"wp:attachment":[{"href":"https:\/\/reterr.it\/index.php?rest_route=%2Fwp%2Fv2%2Fmedia&parent=727"}],"wp:term":[{"taxonomy":"category","embeddable":true,"href":"https:\/\/reterr.it\/index.php?rest_route=%2Fwp%2Fv2%2Fcategories&post=727"},{"taxonomy":"post_tag","embeddable":true,"href":"https:\/\/reterr.it\/index.php?rest_route=%2Fwp%2Fv2%2Ftags&post=727"}],"curies":[{"name":"wp","href":"https:\/\/api.w.org\/{rel}","templated":true}]}}