{"id":757,"date":"2025-05-05T16:42:38","date_gmt":"2025-05-05T16:42:38","guid":{"rendered":"https:\/\/reterr.it\/?p=757"},"modified":"2025-11-28T15:31:10","modified_gmt":"2025-11-28T15:31:10","slug":"rete-di-padova","status":"publish","type":"post","link":"https:\/\/reterr.it\/?p=757","title":{"rendered":"Rete di Padova"},"content":{"rendered":"\t\t<div data-elementor-type=\"wp-post\" data-elementor-id=\"757\" class=\"elementor elementor-757\">\n\t\t\t\t<div class=\"elementor-element elementor-element-577b421 e-flex e-con-boxed elementor-repeater-item-default_padding elementor-repeater-item-none elementor-repeater-item-none_hover e-con e-parent\" data-id=\"577b421\" data-element_type=\"container\" data-settings=\"{&quot;ang_container_spacing_size&quot;:&quot;default_padding&quot;}\">\n\t\t\t\t\t<div class=\"e-con-inner\">\n\t\t\t\t<div class=\"elementor-element elementor-element-19e74f1 elementor-repeater-item-shadow_2 elementor-repeater-item-none_hover elementor-widget elementor-widget-text-editor\" data-id=\"19e74f1\" data-element_type=\"widget\" data-widget_type=\"text-editor.default\">\n\t\t\t\t<div class=\"elementor-widget-container\">\n\t\t\t\t\t\t\t\t\t<p>La <strong>Rete di Padova<\/strong> incrocia la sua storia con le reti di Battaglia Terme, Abano (Pd) e di Isola Vicentina (Vi) condividendo forti amicizie e collaborazioni in particolare con la comunit\u00e0 di Chiarano (Tv).<\/p><p>E\u2019 attiva dal 1983 in seguito alla conoscenza di Masina che propose di sostenere le necessit\u00e0 di Luis Medeiros, brasiliano vittima di torture durante la dittatura militare. A questa \u201coperazione\u201d \u00e8 seguita la collaborazione durante la decade del 1990 con la realt\u00e0 contadina dominicana Uni\u00f2n Campesina Autonoma, poi conclusa, e dal 1994 il sostegno alle scuole di montagna Haiti con il progetto dedicato a Don Milani. Con Haiti sar\u00e0 un crescendo di impegni e di nostra crescita come rete.<\/p><p>Il progetto \u00e8 iniziato a Dofin\u00e9, poi ampliato a Katien, Fondol e Souprann, comunit\u00e0 dove opera F.D.D.P.A. (Forza per la difesa dei diritti dei contadini haitiani). Tutto si fonda con l\u2019opera di Dadoue che fin da subito ci ha chiamito \u201cfamiglia della rete\u201d.; durante questi anni e fino ad oggi, il gruppo ha mantenuto costanti relazioni, viaggiando o invitando pi\u00f9 volte i membri dell\u2019organizzazione in Italia. Il progetto ha ampliato anche l\u2019ambito di intervento con attivit\u00e0 complementari alla educazione di base tra cui borse di studio, microcredito alle donne, pannelli fotovoltaici, assistenza medica con clinica mobile (iniziativa dedicata a Marianita De Ambrogio), educazione prescolare (iniziativa dedicata a Gianna Mocellin) e ultimamente sostegno alla scuola professionale per tecnici di laboratorio medico, arti e mestieri ESPAM.<\/p><p>Haiti significa per la nostra rete un grande impegno, molti e molte sono gi\u00e0 morte e siamo di una certa et\u00e0, contiamo per\u00f2 con le relazioni che abbiamo sviluppato nel territorio che permanga la conoscenza e la cooperazione con i nostri amici haitiani.<\/p><p>La Rete di Padova ha anche curato alcune pubblicazioni:<\/p><ul><li><em>A vent\u2019anni \u00e8 bello ricordare<\/em> \u2013 Una riflessione collettiva della rete per riqualificare l\u2019impegno e l\u2019azione futuri, supplemento al Notiziario della Rete, settembre 1987<\/li><li><em>Dofin\u00e9, una comunit\u00e0 che cresce<\/em> (diario di viaggio), agosto 1998;<\/li><li><em>Haiti oltre la cronaca<\/em> (materiali per cercare di capire cosa succede nel paese caraibico), marzo 2004<\/li><li><em>Viaggio ad Haiti<\/em>, 2009<\/li><li>Dadoue Printemps, In cammino verso il cambiamento, Imprimenda, Limena (Pd) 2014<\/li><\/ul><p>\u00a0<\/p>\t\t\t\t\t\t\t\t<\/div>\n\t\t\t\t<\/div>\n\t\t\t\t<div class=\"elementor-element elementor-element-945137b elementor-repeater-item-shadow_2 elementor-repeater-item-none_hover elementor-widget elementor-widget-text-editor\" data-id=\"945137b\" data-element_type=\"widget\" data-widget_type=\"text-editor.default\">\n\t\t\t\t<div class=\"elementor-widget-container\">\n\t\t\t\t\t\t\t\t\t<h3>Referenti Locali<\/h3><ul><li>Fabiano Ramin<br \/>compa2@libero.it<\/li><\/ul>\t\t\t\t\t\t\t\t<\/div>\n\t\t\t\t<\/div>\n\t\t\t\t\t<\/div>\n\t\t\t\t<\/div>\n\t\t<div class=\"elementor-element elementor-element-cce6600 e-flex e-con-boxed elementor-repeater-item-default_padding elementor-repeater-item-none elementor-repeater-item-none_hover e-con e-parent\" data-id=\"cce6600\" data-element_type=\"container\" data-settings=\"{&quot;ang_container_spacing_size&quot;:&quot;default_padding&quot;}\">\n\t\t\t\t\t<div class=\"e-con-inner\">\n\t\t\t\t<div class=\"elementor-element elementor-element-a2016e4 wpr-grid-columns-3 wpr-grid-columns--tablet2 wpr-grid-columns--mobile1 wpr-grid-pagination-center wpr-item-styles-inner elementor-repeater-item-none elementor-repeater-item-none_hover elementor-widget elementor-widget-wpr-grid\" data-id=\"a2016e4\" data-element_type=\"widget\" data-widget_type=\"wpr-grid.default\">\n\t\t\t\t<div class=\"elementor-widget-container\">\n\t\t\t\t\t<ul class=\"wpr-grid-filters elementor-clearfix wpr-grid-filters-sep-right\"><li class=\" wpr-pointer-none wpr-pointer-line-fx wpr-pointer-fx-none\"><span  data-filter=\"*\" class=\"wpr-grid-filters-item wpr-active-filter \">Tutti i contenuti di questa Rete<\/span><em class=\"wpr-grid-filters-sep\"><\/em><\/li><ul data-parent=\".category-veneto\" class=\"wpr-sub-filters\"><li data-role=\"back\" class=\" wpr-pointer-none wpr-pointer-line-fx wpr-pointer-fx-none\"><span class=\"wpr-back-filter\"  data-ajax-filter=[\"category\",\"veneto\"]  data-filter=\".category-veneto\"><i class=\"fas fa-long-arrow-alt-left\"><\/i>&nbsp;&nbsp;Back<\/span><\/li><li data-role=\"sub\" class=\" wpr-pointer-none wpr-pointer-line-fx wpr-pointer-fx-none\"><span   data-ajax-filter=[\"category\",\"rete-treviso\"]  data-filter=\".category-rete-treviso\">Rete di Treviso<\/span><em class=\"wpr-grid-filters-sep\"><\/em><\/li><li data-role=\"sub\" class=\" wpr-pointer-none wpr-pointer-line-fx wpr-pointer-fx-none\"><span   data-ajax-filter=[\"category\",\"rete-lancenigo\"]  data-filter=\".category-rete-lancenigo\">Rete di Lancenigo-Maserada-Spresiano (TV)<\/span><em class=\"wpr-grid-filters-sep\"><\/em><\/li><li data-role=\"sub\" class=\" wpr-pointer-none wpr-pointer-line-fx wpr-pointer-fx-none\"><span   data-ajax-filter=[\"category\",\"rete-mogliano\"]  data-filter=\".category-rete-mogliano\">Rete di Mogliano Veneto (TV)<\/span><em class=\"wpr-grid-filters-sep\"><\/em><\/li><li data-role=\"sub\" class=\" wpr-pointer-none wpr-pointer-line-fx wpr-pointer-fx-none\"><span   data-ajax-filter=[\"category\",\"rete-castelfranco\"]  data-filter=\".category-rete-castelfranco\">Rete di Castelfranco Veneto (TV)<\/span><em class=\"wpr-grid-filters-sep\"><\/em><\/li><li data-role=\"sub\" class=\" wpr-pointer-none wpr-pointer-line-fx wpr-pointer-fx-none\"><span   data-ajax-filter=[\"category\",\"rete-padova\"]  data-filter=\".category-rete-padova\">Rete di Padova<\/span><em class=\"wpr-grid-filters-sep\"><\/em><\/li><li data-role=\"sub\" class=\" wpr-pointer-none wpr-pointer-line-fx wpr-pointer-fx-none\"><span   data-ajax-filter=[\"category\",\"rete-verona\"]  data-filter=\".category-rete-verona\">Rete di Verona<\/span><em class=\"wpr-grid-filters-sep\"><\/em><\/li><\/ul><\/ul><section class=\"wpr-grid elementor-clearfix\" data-settings=\"{&quot;layout&quot;:&quot;fitRows&quot;,&quot;stick_last_element_to_bottom&quot;:&quot;&quot;,&quot;columns_desktop&quot;:3,&quot;gutter_hr&quot;:15,&quot;gutter_hr_mobile&quot;:15,&quot;gutter_hr_mobile_extra&quot;:15,&quot;gutter_hr_tablet&quot;:15,&quot;gutter_hr_tablet_extra&quot;:15,&quot;gutter_hr_laptop&quot;:15,&quot;gutter_hr_widescreen&quot;:15,&quot;gutter_vr&quot;:15,&quot;gutter_vr_mobile&quot;:15,&quot;gutter_vr_mobile_extra&quot;:15,&quot;gutter_vr_tablet&quot;:15,&quot;gutter_vr_tablet_extra&quot;:15,&quot;gutter_vr_laptop&quot;:15,&quot;gutter_vr_widescreen&quot;:15,&quot;animation&quot;:&quot;default&quot;,&quot;animation_duration&quot;:0.3,&quot;animation_delay&quot;:0.1,&quot;deeplinking&quot;:&quot;&quot;,&quot;filters_linkable&quot;:&quot;no&quot;,&quot;filters_default_filter&quot;:&quot;&quot;,&quot;filters_count&quot;:&quot;&quot;,&quot;filters_hide_empty&quot;:&quot;no&quot;,&quot;filters_animation&quot;:&quot;default&quot;,&quot;filters_animation_duration&quot;:0.3,&quot;filters_animation_delay&quot;:0.1,&quot;pagination_type&quot;:&quot;load-more&quot;,&quot;pagination_max_pages&quot;:1,&quot;lightbox&quot;:{&quot;selector&quot;:&quot;.wpr-grid-image-wrap&quot;,&quot;iframeMaxWidth&quot;:&quot;60%&quot;,&quot;hash&quot;:false,&quot;autoplay&quot;:&quot;true&quot;,&quot;pause&quot;:5000,&quot;progressBar&quot;:&quot;true&quot;,&quot;counter&quot;:&quot;true&quot;,&quot;controls&quot;:&quot;true&quot;,&quot;getCaptionFromTitleOrAlt&quot;:&quot;true&quot;,&quot;thumbnail&quot;:&quot;&quot;,&quot;showThumbByDefault&quot;:&quot;&quot;,&quot;share&quot;:&quot;&quot;,&quot;zoom&quot;:&quot;true&quot;,&quot;fullScreen&quot;:&quot;true&quot;,&quot;download&quot;:&quot;true&quot;}}\"><article class=\"wpr-grid-item elementor-clearfix post-1798 post type-post status-publish format-standard has-post-thumbnail hentry category-operazioni category-rete-padova category-veneto\"><div class=\"wpr-grid-item-inner\"><div class=\"wpr-grid-media-wrap wpr-effect-size-medium \" data-overlay-link=\"yes\"><div class=\"wpr-grid-image-wrap\" data-src=\"https:\/\/reterr.it\/wp-content\/uploads\/2025\/06\/scuola.jpg\" data-img-on-hover=\"\"  data-src-secondary=\"\"><img decoding=\"async\" data-no-lazy=\"1\" src=\"https:\/\/reterr.it\/wp-content\/uploads\/2025\/06\/scuola.jpg\" alt=\"HAITI \u2013 Progetto Don Lorenzo Milani: \u201cSostegno alla educazione di base e professionale in zone rurali\u201d\" class=\"wpr-anim-timing-ease-default\"><\/div><div class=\"wpr-grid-media-hover wpr-animation-wrap\"><div class=\"wpr-grid-media-hover-bg  wpr-overlay-fade-in wpr-anim-size-large wpr-anim-timing-ease-default wpr-anim-transparency\" data-url=\"https:\/\/reterr.it\/?p=1798\"><\/div><\/div><\/div><div class=\"wpr-grid-item-below-content elementor-clearfix\"><h2 class=\"wpr-grid-item-title elementor-repeater-item-cfb6abe wpr-grid-item-display-block wpr-grid-item-align-center wpr-pointer-none wpr-pointer-line-fx wpr-pointer-fx-fade\"><div class=\"inner-block\"><a target=\"_self\"  href=\"https:\/\/reterr.it\/?p=1798\">HAITI \u2013 Progetto Don Lorenzo Milani: \u201cSostegno alla educazione di base e professionale in zone rurali\u201d<\/a><\/div><\/h2><div class=\"wpr-grid-item-separator elementor-repeater-item-f0c9fc4 wpr-grid-item-display-inline wpr-grid-item-align-left wpr-grid-sep-style-1\"><div class=\"inner-block\"><span><\/span><\/div><\/div><\/div><\/div><\/article><\/section>\t\t\t\t<\/div>\n\t\t\t\t<\/div>\n\t\t\t\t\t<\/div>\n\t\t\t\t<\/div>\n\t\t\t\t<\/div>\n\t\t","protected":false},"excerpt":{"rendered":"<p>La Rete di Padova incrocia la sua storia con le reti di Battaglia Terme, Abano (Pd) e di Isola Vicentina (Vi) condividendo forti amicizie e collaborazioni in particolare con la comunit\u00e0 di Chiarano (Tv). E\u2019 attiva dal 1983 in seguito alla conoscenza di Masina che propose di sostenere le necessit\u00e0 di Luis Medeiros, brasiliano vittima di torture durante la dittatura militare. A questa \u201coperazione\u201d \u00e8 seguita la collaborazione durante la decade del 1990 con la realt\u00e0 contadina dominicana Uni\u00f2n Campesina Autonoma, poi conclusa, e dal 1994 il sostegno alle scuole di montagna Haiti con il progetto dedicato a Don Milani. Con Haiti sar\u00e0 un crescendo di impegni e di nostra crescita come rete. Il progetto \u00e8 iniziato a Dofin\u00e9, poi ampliato a Katien, Fondol e Souprann, comunit\u00e0 dove opera F.D.D.P.A. (Forza per la difesa dei diritti dei contadini haitiani). Tutto si fonda con l\u2019opera di Dadoue che fin da subito ci ha chiamito \u201cfamiglia della rete\u201d.; durante questi anni e fino ad oggi, il gruppo ha mantenuto costanti relazioni, viaggiando o invitando pi\u00f9 volte i membri dell\u2019organizzazione in Italia. Il progetto ha ampliato anche l\u2019ambito di intervento con attivit\u00e0 complementari alla educazione di base tra cui borse di studio, microcredito alle donne, pannelli fotovoltaici, assistenza medica con clinica mobile (iniziativa dedicata a Marianita De Ambrogio), educazione prescolare (iniziativa dedicata a Gianna Mocellin) e ultimamente sostegno alla scuola professionale per tecnici di laboratorio medico, arti e mestieri ESPAM. Haiti significa per la nostra rete un grande impegno, molti e molte sono gi\u00e0 morte e siamo di una certa et\u00e0, contiamo per\u00f2 con le relazioni che abbiamo sviluppato nel territorio che permanga la conoscenza e la cooperazione con i nostri amici haitiani. La Rete di Padova ha anche curato alcune pubblicazioni: A vent\u2019anni \u00e8 bello ricordare \u2013 Una riflessione collettiva della rete per riqualificare l\u2019impegno e l\u2019azione futuri, supplemento al Notiziario della Rete, settembre 1987 Dofin\u00e9, una comunit\u00e0 che cresce (diario di viaggio), agosto 1998; Haiti oltre la cronaca (materiali per cercare di capire cosa succede nel paese caraibico), marzo 2004 Viaggio ad Haiti, 2009 Dadoue Printemps, In cammino verso il cambiamento, Imprimenda, Limena (Pd) 2014 \u00a0 Referenti Locali Fabiano Ramincompa2@libero.it Tutti i contenuti di questa Rete &nbsp;&nbsp;Back Rete di Treviso Rete di Lancenigo-Maserada-Spresiano (TV) Rete di Mogliano Veneto (TV) Rete di Castelfranco Veneto (TV) Rete di Padova Rete di Verona HAITI \u2013 Progetto Don Lorenzo Milani: \u201cSostegno alla educazione di base e professionale in zone rurali\u201d<\/p>\n","protected":false},"author":1,"featured_media":0,"comment_status":"closed","ping_status":"closed","sticky":false,"template":"","format":"standard","meta":{"footnotes":""},"categories":[43,38],"tags":[],"class_list":["post-757","post","type-post","status-publish","format-standard","hentry","category-rete-padova","category-veneto"],"_links":{"self":[{"href":"https:\/\/reterr.it\/index.php?rest_route=\/wp\/v2\/posts\/757","targetHints":{"allow":["GET"]}}],"collection":[{"href":"https:\/\/reterr.it\/index.php?rest_route=\/wp\/v2\/posts"}],"about":[{"href":"https:\/\/reterr.it\/index.php?rest_route=\/wp\/v2\/types\/post"}],"author":[{"embeddable":true,"href":"https:\/\/reterr.it\/index.php?rest_route=\/wp\/v2\/users\/1"}],"replies":[{"embeddable":true,"href":"https:\/\/reterr.it\/index.php?rest_route=%2Fwp%2Fv2%2Fcomments&post=757"}],"version-history":[{"count":34,"href":"https:\/\/reterr.it\/index.php?rest_route=\/wp\/v2\/posts\/757\/revisions"}],"predecessor-version":[{"id":4144,"href":"https:\/\/reterr.it\/index.php?rest_route=\/wp\/v2\/posts\/757\/revisions\/4144"}],"wp:attachment":[{"href":"https:\/\/reterr.it\/index.php?rest_route=%2Fwp%2Fv2%2Fmedia&parent=757"}],"wp:term":[{"taxonomy":"category","embeddable":true,"href":"https:\/\/reterr.it\/index.php?rest_route=%2Fwp%2Fv2%2Fcategories&post=757"},{"taxonomy":"post_tag","embeddable":true,"href":"https:\/\/reterr.it\/index.php?rest_route=%2Fwp%2Fv2%2Ftags&post=757"}],"curies":[{"name":"wp","href":"https:\/\/api.w.org\/{rel}","templated":true}]}}