{"id":767,"date":"2025-05-05T16:45:25","date_gmt":"2025-05-05T16:45:25","guid":{"rendered":"https:\/\/reterr.it\/?p=767"},"modified":"2025-11-28T15:32:40","modified_gmt":"2025-11-28T15:32:40","slug":"rete-di-verona","status":"publish","type":"post","link":"https:\/\/reterr.it\/?p=767","title":{"rendered":"Rete di Verona"},"content":{"rendered":"\t\t<div data-elementor-type=\"wp-post\" data-elementor-id=\"767\" class=\"elementor elementor-767\">\n\t\t\t\t<div class=\"elementor-element elementor-element-577b421 e-flex e-con-boxed elementor-repeater-item-default_padding elementor-repeater-item-none elementor-repeater-item-none_hover e-con e-parent\" data-id=\"577b421\" data-element_type=\"container\" data-settings=\"{&quot;ang_container_spacing_size&quot;:&quot;default_padding&quot;}\">\n\t\t\t\t\t<div class=\"e-con-inner\">\n\t\t\t\t<div class=\"elementor-element elementor-element-19e74f1 elementor-repeater-item-shadow_2 elementor-repeater-item-none_hover elementor-widget elementor-widget-text-editor\" data-id=\"19e74f1\" data-element_type=\"widget\" data-widget_type=\"text-editor.default\">\n\t\t\t\t<div class=\"elementor-widget-container\">\n\t\t\t\t\t\t\t\t\t<p>Il gruppo RRR di Verona nacque alla fine degli anni \u201960, anni di apertura della Chiesa e di attenzione sempre maggiore al panorama socioeconomico internazionale. Il fondatore fu il prof. Emilio Butturini, impegnato nell\u2019educazione dei giovani e amico personale di Ettore Masina.<\/p><p>Le lettere circolari che Masina scriveva venivano inoltrate a decine e decine di persone, prima tramite Emilio Butturini e poi da Dino Poli e Maria Teresa Giardini.<\/p><p>Un primo gruppo di amici si ritrovava regolarmente a casa di Dino e Silvana Poli, con un ruolo attivo e importante di Nelda Valpiana, la mamma di Silvana. Esso divent\u00f2 poi un gruppo di lettura del vangelo guidato da don Giulio Battistella, missionario in Argentina ai tempi della dittatura militare. Ma nel frattempo cominci\u00f2 la partecipazione di altri amici ai convegni nazionali e ai seminari della Rete.<\/p><p>Dal 1982 la Rete di Verona ebbe una sua circolare locale mensile, redatta per pi\u00f9 di trent\u2019anni da Dino Poli.<\/p><p>Nel 1985\/86 la Rete veronese cominci\u00f2 a seguire un\u2019operazione a Santo Domingo, dove in quartiere popolare venne creato un centro sociale con corsi scolastici professionali intitolato a Nelda Valpiana. Dopo alcuni anni, il centro si rese autonomo dal sostegno della Rete perch\u00e9 in grado di autofinanziarsi.<\/p><p>Contemporaneamente la rete collabor\u00f2 al progetto della Pia Societ\u00e0 don Mazza \u201cDiritto allo studio\u201d finanziando borse di studio per giovani in difficolt\u00e0 socioeconomiche di Recife e Joao Pessoa, nel nordest brasiliano. La Pia Societ\u00e0 don Mazza, nata a Verona\u00a0\u00a0 nell\u2019800, sostiene tuttora studenti che altrimenti non potrebbero accedere agli studi universitari. Grazie a questa collaborazione nacque e si consolid\u00f2 un forte legame di amicizia con don Domenico Romani, recentemente scomparso, referente in Brasile dell\u2019operazione per molti anni.<\/p><p>Negli anni novanta la rete ospit\u00f2 a Verona la guatemalteca Rigoberta Mench\u00f9, premio Nobel per la pace 1992. Rigoberta mise in contatto la rete veronese con padre Clemente Peneleu, prete indigeno sempre vicino alle sofferenze e alle lotte del suo popolo.\u00a0 Cominci\u00f2 cos\u00ec la collaborazione con lui e la sua gente, con il sostegno a progetti di alfabetizzazione e di sviluppo economico nelle piccole comunit\u00e0 contadine, dove padre Clemente via via lavorava. La relazione con lui \u00e8 viva tuttora; anche se in questo periodo la rete non sostiene un\u2019operazione particolare, rimane comunque aperta alle sue sollecitazioni.<\/p><p>Tra la fine degli anni novanta e l\u2019inizio degli anni duemila, all\u2019affacciarsi del movimento no-global, la rete veronese si apr\u00ec alla collaborazione con altri gruppi e altre realt\u00e0, partecipando ad incontri ed organizzando eventi comuni. Si condivideva l\u2019analisi politica\u00a0 su pace e disarmo, difesa dell\u2019ambiente, economia sostenibile. In particolare fu molto intenso il lavoro svolto per anni nella rete Lilliput di Verona e, di recente, il coinvolgimento nel Tavolo Pace e Disarmo in preparazione all\u2019Arena di Pace del maggio 2024.<\/p><p>Nel 2015 avviammo l\u2019ultima operazione, \u201cMaame Adjeibah\u201d, di cui siamo tuttora referenti in Ghana <em>[link alla scheda operazione]<\/em><\/p><p>\u00a0<\/p>\t\t\t\t\t\t\t\t<\/div>\n\t\t\t\t<\/div>\n\t\t\t\t<div class=\"elementor-element elementor-element-27b7147 elementor-repeater-item-shadow_2 elementor-repeater-item-none_hover elementor-widget elementor-widget-text-editor\" data-id=\"27b7147\" data-element_type=\"widget\" data-widget_type=\"text-editor.default\">\n\t\t\t\t<div class=\"elementor-widget-container\">\n\t\t\t\t\t\t\t\t\t<h3>Referenti Locali<\/h3><ul><li>Maria Picotti<br \/>mpicotti113@gmail.com\u00a0<\/li><li>Francesca Gonzato<br \/>francesca.gonzato56@gmail.com<\/li><\/ul>\t\t\t\t\t\t\t\t<\/div>\n\t\t\t\t<\/div>\n\t\t\t\t\t<\/div>\n\t\t\t\t<\/div>\n\t\t<div class=\"elementor-element elementor-element-cce6600 e-flex e-con-boxed elementor-repeater-item-default_padding elementor-repeater-item-none elementor-repeater-item-none_hover e-con e-parent\" data-id=\"cce6600\" data-element_type=\"container\" data-settings=\"{&quot;ang_container_spacing_size&quot;:&quot;default_padding&quot;}\">\n\t\t\t\t\t<div class=\"e-con-inner\">\n\t\t\t\t<div class=\"elementor-element elementor-element-a2016e4 wpr-grid-columns-3 wpr-grid-columns--tablet2 wpr-grid-columns--mobile1 wpr-grid-pagination-center wpr-item-styles-inner elementor-repeater-item-none elementor-repeater-item-none_hover elementor-widget elementor-widget-wpr-grid\" data-id=\"a2016e4\" data-element_type=\"widget\" data-widget_type=\"wpr-grid.default\">\n\t\t\t\t<div class=\"elementor-widget-container\">\n\t\t\t\t\t<ul class=\"wpr-grid-filters elementor-clearfix wpr-grid-filters-sep-right\"><li class=\" wpr-pointer-none wpr-pointer-line-fx wpr-pointer-fx-none\"><span  data-filter=\"*\" class=\"wpr-grid-filters-item wpr-active-filter \">Tutti i contenuti di questa Rete<\/span><em class=\"wpr-grid-filters-sep\"><\/em><\/li><ul data-parent=\".category-veneto\" class=\"wpr-sub-filters\"><li data-role=\"back\" class=\" wpr-pointer-none wpr-pointer-line-fx wpr-pointer-fx-none\"><span class=\"wpr-back-filter\"  data-ajax-filter=[\"category\",\"veneto\"]  data-filter=\".category-veneto\"><i class=\"fas fa-long-arrow-alt-left\"><\/i>&nbsp;&nbsp;Back<\/span><\/li><li data-role=\"sub\" class=\" wpr-pointer-none wpr-pointer-line-fx wpr-pointer-fx-none\"><span   data-ajax-filter=[\"category\",\"rete-treviso\"]  data-filter=\".category-rete-treviso\">Rete di Treviso<\/span><em class=\"wpr-grid-filters-sep\"><\/em><\/li><li data-role=\"sub\" class=\" wpr-pointer-none wpr-pointer-line-fx wpr-pointer-fx-none\"><span   data-ajax-filter=[\"category\",\"rete-lancenigo\"]  data-filter=\".category-rete-lancenigo\">Rete di Lancenigo-Maserada-Spresiano (TV)<\/span><em class=\"wpr-grid-filters-sep\"><\/em><\/li><li data-role=\"sub\" class=\" wpr-pointer-none wpr-pointer-line-fx wpr-pointer-fx-none\"><span   data-ajax-filter=[\"category\",\"rete-mogliano\"]  data-filter=\".category-rete-mogliano\">Rete di Mogliano Veneto (TV)<\/span><em class=\"wpr-grid-filters-sep\"><\/em><\/li><li data-role=\"sub\" class=\" wpr-pointer-none wpr-pointer-line-fx wpr-pointer-fx-none\"><span   data-ajax-filter=[\"category\",\"rete-castelfranco\"]  data-filter=\".category-rete-castelfranco\">Rete di Castelfranco Veneto (TV)<\/span><em class=\"wpr-grid-filters-sep\"><\/em><\/li><li data-role=\"sub\" class=\" wpr-pointer-none wpr-pointer-line-fx wpr-pointer-fx-none\"><span   data-ajax-filter=[\"category\",\"rete-padova\"]  data-filter=\".category-rete-padova\">Rete di Padova<\/span><em class=\"wpr-grid-filters-sep\"><\/em><\/li><li data-role=\"sub\" class=\" wpr-pointer-none wpr-pointer-line-fx wpr-pointer-fx-none\"><span   data-ajax-filter=[\"category\",\"rete-verona\"]  data-filter=\".category-rete-verona\">Rete di Verona<\/span><em class=\"wpr-grid-filters-sep\"><\/em><\/li><\/ul><\/ul><section class=\"wpr-grid elementor-clearfix\" data-settings=\"{&quot;layout&quot;:&quot;fitRows&quot;,&quot;stick_last_element_to_bottom&quot;:&quot;&quot;,&quot;columns_desktop&quot;:3,&quot;gutter_hr&quot;:15,&quot;gutter_hr_mobile&quot;:15,&quot;gutter_hr_mobile_extra&quot;:15,&quot;gutter_hr_tablet&quot;:15,&quot;gutter_hr_tablet_extra&quot;:15,&quot;gutter_hr_laptop&quot;:15,&quot;gutter_hr_widescreen&quot;:15,&quot;gutter_vr&quot;:15,&quot;gutter_vr_mobile&quot;:15,&quot;gutter_vr_mobile_extra&quot;:15,&quot;gutter_vr_tablet&quot;:15,&quot;gutter_vr_tablet_extra&quot;:15,&quot;gutter_vr_laptop&quot;:15,&quot;gutter_vr_widescreen&quot;:15,&quot;animation&quot;:&quot;default&quot;,&quot;animation_duration&quot;:0.3,&quot;animation_delay&quot;:0.1,&quot;deeplinking&quot;:&quot;&quot;,&quot;filters_linkable&quot;:&quot;no&quot;,&quot;filters_default_filter&quot;:&quot;&quot;,&quot;filters_count&quot;:&quot;&quot;,&quot;filters_hide_empty&quot;:&quot;no&quot;,&quot;filters_animation&quot;:&quot;default&quot;,&quot;filters_animation_duration&quot;:0.3,&quot;filters_animation_delay&quot;:0.1,&quot;pagination_type&quot;:&quot;load-more&quot;,&quot;pagination_max_pages&quot;:1,&quot;lightbox&quot;:{&quot;selector&quot;:&quot;.wpr-grid-image-wrap&quot;,&quot;iframeMaxWidth&quot;:&quot;60%&quot;,&quot;hash&quot;:false,&quot;autoplay&quot;:&quot;true&quot;,&quot;pause&quot;:5000,&quot;progressBar&quot;:&quot;true&quot;,&quot;counter&quot;:&quot;true&quot;,&quot;controls&quot;:&quot;true&quot;,&quot;getCaptionFromTitleOrAlt&quot;:&quot;true&quot;,&quot;thumbnail&quot;:&quot;&quot;,&quot;showThumbByDefault&quot;:&quot;&quot;,&quot;share&quot;:&quot;&quot;,&quot;zoom&quot;:&quot;true&quot;,&quot;fullScreen&quot;:&quot;true&quot;,&quot;download&quot;:&quot;true&quot;}}\"><article class=\"wpr-grid-item elementor-clearfix post-3863 post type-post status-publish format-standard has-post-thumbnail hentry category-operazioni category-rete-verona category-veneto\"><div class=\"wpr-grid-item-inner\"><div class=\"wpr-grid-media-wrap wpr-effect-size-medium \" data-overlay-link=\"yes\"><div class=\"wpr-grid-image-wrap\" data-src=\"https:\/\/reterr.it\/wp-content\/uploads\/2025\/11\/253L1050646.webp\" data-img-on-hover=\"\"  data-src-secondary=\"\"><img decoding=\"async\" data-no-lazy=\"1\" src=\"https:\/\/reterr.it\/wp-content\/uploads\/2025\/11\/253L1050646.webp\" alt=\"Ghana- Operazione &#8220;Maame Adjeibah&#8221;\" class=\"wpr-anim-timing-ease-default\"><\/div><div class=\"wpr-grid-media-hover wpr-animation-wrap\"><div class=\"wpr-grid-media-hover-bg  wpr-overlay-fade-in wpr-anim-size-large wpr-anim-timing-ease-default wpr-anim-transparency\" data-url=\"https:\/\/reterr.it\/?p=3863\"><\/div><\/div><\/div><div class=\"wpr-grid-item-below-content elementor-clearfix\"><h2 class=\"wpr-grid-item-title elementor-repeater-item-cfb6abe wpr-grid-item-display-block wpr-grid-item-align-center wpr-pointer-none wpr-pointer-line-fx wpr-pointer-fx-fade\"><div class=\"inner-block\"><a target=\"_self\"  href=\"https:\/\/reterr.it\/?p=3863\">Ghana- Operazione &#8220;Maame Adjeibah&#8221;<\/a><\/div><\/h2><div class=\"wpr-grid-item-separator elementor-repeater-item-f0c9fc4 wpr-grid-item-display-inline wpr-grid-item-align-left wpr-grid-sep-style-1\"><div class=\"inner-block\"><span><\/span><\/div><\/div><\/div><\/div><\/article><\/section>\t\t\t\t<\/div>\n\t\t\t\t<\/div>\n\t\t\t\t\t<\/div>\n\t\t\t\t<\/div>\n\t\t\t\t<\/div>\n\t\t","protected":false},"excerpt":{"rendered":"<p>Il gruppo RRR di Verona nacque alla fine degli anni \u201960, anni di apertura della Chiesa e di attenzione sempre maggiore al panorama socioeconomico internazionale. Il fondatore fu il prof. Emilio Butturini, impegnato nell\u2019educazione dei giovani e amico personale di Ettore Masina. Le lettere circolari che Masina scriveva venivano inoltrate a decine e decine di persone, prima tramite Emilio Butturini e poi da Dino Poli e Maria Teresa Giardini. Un primo gruppo di amici si ritrovava regolarmente a casa di Dino e Silvana Poli, con un ruolo attivo e importante di Nelda Valpiana, la mamma di Silvana. Esso divent\u00f2 poi un gruppo di lettura del vangelo guidato da don Giulio Battistella, missionario in Argentina ai tempi della dittatura militare. Ma nel frattempo cominci\u00f2 la partecipazione di altri amici ai convegni nazionali e ai seminari della Rete. Dal 1982 la Rete di Verona ebbe una sua circolare locale mensile, redatta per pi\u00f9 di trent\u2019anni da Dino Poli. Nel 1985\/86 la Rete veronese cominci\u00f2 a seguire un\u2019operazione a Santo Domingo, dove in quartiere popolare venne creato un centro sociale con corsi scolastici professionali intitolato a Nelda Valpiana. Dopo alcuni anni, il centro si rese autonomo dal sostegno della Rete perch\u00e9 in grado di autofinanziarsi. Contemporaneamente la rete collabor\u00f2 al progetto della Pia Societ\u00e0 don Mazza \u201cDiritto allo studio\u201d finanziando borse di studio per giovani in difficolt\u00e0 socioeconomiche di Recife e Joao Pessoa, nel nordest brasiliano. La Pia Societ\u00e0 don Mazza, nata a Verona\u00a0\u00a0 nell\u2019800, sostiene tuttora studenti che altrimenti non potrebbero accedere agli studi universitari. Grazie a questa collaborazione nacque e si consolid\u00f2 un forte legame di amicizia con don Domenico Romani, recentemente scomparso, referente in Brasile dell\u2019operazione per molti anni. Negli anni novanta la rete ospit\u00f2 a Verona la guatemalteca Rigoberta Mench\u00f9, premio Nobel per la pace 1992. Rigoberta mise in contatto la rete veronese con padre Clemente Peneleu, prete indigeno sempre vicino alle sofferenze e alle lotte del suo popolo.\u00a0 Cominci\u00f2 cos\u00ec la collaborazione con lui e la sua gente, con il sostegno a progetti di alfabetizzazione e di sviluppo economico nelle piccole comunit\u00e0 contadine, dove padre Clemente via via lavorava. La relazione con lui \u00e8 viva tuttora; anche se in questo periodo la rete non sostiene un\u2019operazione particolare, rimane comunque aperta alle sue sollecitazioni. Tra la fine degli anni novanta e l\u2019inizio degli anni duemila, all\u2019affacciarsi del movimento no-global, la rete veronese si apr\u00ec alla collaborazione con altri gruppi e altre realt\u00e0, partecipando ad incontri ed organizzando eventi comuni. Si condivideva l\u2019analisi politica\u00a0 su pace e disarmo, difesa dell\u2019ambiente, economia sostenibile. In particolare fu molto intenso il lavoro svolto per anni nella rete Lilliput di Verona e, di recente, il coinvolgimento nel Tavolo Pace e Disarmo in preparazione all\u2019Arena di Pace del maggio 2024. Nel 2015 avviammo l\u2019ultima operazione, \u201cMaame Adjeibah\u201d, di cui siamo tuttora referenti in Ghana [link alla scheda operazione] \u00a0 Referenti Locali Maria Picottimpicotti113@gmail.com\u00a0 Francesca Gonzatofrancesca.gonzato56@gmail.com Tutti i contenuti di questa Rete &nbsp;&nbsp;Back Rete di Treviso Rete di Lancenigo-Maserada-Spresiano (TV) Rete di Mogliano Veneto (TV) Rete di Castelfranco Veneto (TV) Rete di Padova Rete di Verona Ghana- Operazione &#8220;Maame Adjeibah&#8221;<\/p>\n","protected":false},"author":1,"featured_media":0,"comment_status":"closed","ping_status":"closed","sticky":false,"template":"","format":"standard","meta":{"footnotes":""},"categories":[44,38],"tags":[],"class_list":["post-767","post","type-post","status-publish","format-standard","hentry","category-rete-verona","category-veneto"],"_links":{"self":[{"href":"https:\/\/reterr.it\/index.php?rest_route=\/wp\/v2\/posts\/767","targetHints":{"allow":["GET"]}}],"collection":[{"href":"https:\/\/reterr.it\/index.php?rest_route=\/wp\/v2\/posts"}],"about":[{"href":"https:\/\/reterr.it\/index.php?rest_route=\/wp\/v2\/types\/post"}],"author":[{"embeddable":true,"href":"https:\/\/reterr.it\/index.php?rest_route=\/wp\/v2\/users\/1"}],"replies":[{"embeddable":true,"href":"https:\/\/reterr.it\/index.php?rest_route=%2Fwp%2Fv2%2Fcomments&post=767"}],"version-history":[{"count":28,"href":"https:\/\/reterr.it\/index.php?rest_route=\/wp\/v2\/posts\/767\/revisions"}],"predecessor-version":[{"id":4150,"href":"https:\/\/reterr.it\/index.php?rest_route=\/wp\/v2\/posts\/767\/revisions\/4150"}],"wp:attachment":[{"href":"https:\/\/reterr.it\/index.php?rest_route=%2Fwp%2Fv2%2Fmedia&parent=767"}],"wp:term":[{"taxonomy":"category","embeddable":true,"href":"https:\/\/reterr.it\/index.php?rest_route=%2Fwp%2Fv2%2Fcategories&post=767"},{"taxonomy":"post_tag","embeddable":true,"href":"https:\/\/reterr.it\/index.php?rest_route=%2Fwp%2Fv2%2Ftags&post=767"}],"curies":[{"name":"wp","href":"https:\/\/api.w.org\/{rel}","templated":true}]}}